{"id":229953,"date":"2024-07-17T11:00:00","date_gmt":"2024-07-17T09:00:00","guid":{"rendered":"https:\/\/www.tucomarca.com\/wordpress\/segunda\/?p=229953"},"modified":"2024-07-17T16:29:52","modified_gmt":"2024-07-17T14:29:52","slug":"la-diputacio-ajudara-a-alzira-en-la-rehabilitacio-del-primer-panteo-despana-dedicat-als-represaliats-pel-franquisme","status":"publish","type":"post","link":"https:\/\/tucomarca.whitekongsoftware.com\/ca\/la-diputacio-ajudara-a-alzira-en-la-rehabilitacio-del-primer-panteo-despana-dedicat-als-represaliats-pel-franquisme\/","title":{"rendered":"La Diputaci\u00f3 ajudar\u00e0 a Alzira en la rehabilitaci\u00f3 del primer pante\u00f3 d&#8217;Espa\u00f1a dedicat als represaliats pel franquisme"},"content":{"rendered":"\n<h3 class=\"wp-block-heading\">La vicepresidenta primera i diputada de Mem\u00f2ria Democr\u00e0tica, Nat\u00e0lia Enguix, ha mantingut una trobada amb l&#8217;alcalde d&#8217;Alzira. Alfons Dom\u00ednguez, per a analitzar els treballs que es duran a terme en el memorial.<\/h3>\n\n\n\n<p class=\"wp-block-paragraph\">La Diputaci\u00f3 de Val\u00e8ncia ha arribat a un acord amb l&#8217;Ajuntament d&#8217;Alzira per a la subvenci\u00f3 de les obres de rehabilitaci\u00f3 del pante\u00f3 de la ciutat de la Ribera Alta, considerat el primer que es va construir a Espa\u00f1a per a rehabilitar la mem\u00f2ria d&#8217;alguns dels republicans represaliats pel franquisme. L&#8217;alcalde del municipi, Alfons Dom\u00ednguez, s&#8217;ha despla\u00e7at a la seu de la corporaci\u00f3 provincial per a reunir-se amb la vicepresidenta primera i responsable de la delegaci\u00f3 de Mem\u00f2ria Democr\u00e0tica, Nat\u00e0lia Enguix, a m\u00e9s de membres de l&#8217;associaci\u00f3 de familiars Fossar d&#8217;Alzira, diversos t\u00e8cnics i altres responsables de ArqueoAntro, arque\u00f2legs especialitzats en exhumacions.<\/p>\n\n\n\n<p class=\"wp-block-paragraph\">El pante\u00f3 es va construir a la fi dels anys setanta o principis dels huitanta, on es van traslladar els cossos d&#8217;unes cinquanta fosses comunes que albergaven al voltant de dos-centes persones. Els t\u00e8cnics de les diferents administracions han avaluat el valor patrimonial del memorial i s&#8217;han elaborat diferents projectes, que ara seran redefinits.<\/p>\n\n\n\n<figure class=\"wp-block-image size-full\"><img loading=\"lazy\" decoding=\"async\" width=\"768\" height=\"512\" src=\"http:\/\/www.tucomarca.com\/wordpress\/segunda\/wp-content\/uploads\/2024\/07\/EnguixAlzira2.jpg\" alt=\"\" class=\"wp-image-229948\" srcset=\"https:\/\/tucomarca.whitekongsoftware.com\/wp-content\/uploads\/2024\/07\/EnguixAlzira2.jpg 768w, https:\/\/tucomarca.whitekongsoftware.com\/wp-content\/uploads\/2024\/07\/EnguixAlzira2-300x200.jpg 300w\" sizes=\"auto, (max-width: 768px) 100vw, 768px\" \/><\/figure>\n\n\n\n<p class=\"wp-block-paragraph\">Es proposa una rehabilitaci\u00f3 i all\u00ed es reinhumaran els cossos que consideren els familiars despr\u00e9s d&#8217;un proc\u00e9s d&#8217;identificaci\u00f3 que, no obstant aix\u00f2, \u00e9s complicat. Es valora la possibilitat d&#8217;edificar 84 n\u00ednxols en el nou monument, que es destinaran a les persones identificades. La resta de cossos, els no identificats, fins als 200 possibles, es depositaran en quatre sepultures obertes en el subsol. La inexist\u00e8ncia de criteris cient\u00edfics en l&#8217;exhumaci\u00f3 realitzada en els anys 70 o 80 impedix que es puguen realitzar hui treballs d&#8217;identificaci\u00f3 individualitzats, ja que les restes van ser mesclades, dificultant i encarint en gran manera possibles treballs. Es podran identificar parts dels cossos, per\u00f2 dif\u00edcilment esquelets complets.<\/p>\n\n\n\n<p class=\"wp-block-paragraph\">La vicepresidenta primera i diputada de Mem\u00f2ria Democr\u00e0tica, Nat\u00e0lia Enguix, ha destacat que \u201cla delegaci\u00f3 de Mem\u00f2ria Democr\u00e0tica est\u00e0 al servei de les localitats, dels seus ve\u00efns i ve\u00efnes, i per aix\u00f2 assistir\u00e0 a l&#8217;Ajuntament d&#8217;Alzira en un s\u00edmbol de la rehabilitaci\u00f3 de la mem\u00f2ria dels represaliats en la guerra. Ho fem constantment per a ajudar als familiars de les v\u00edctimes de tots dos b\u00e0ndols. Sense distinci\u00f3\u201d.<\/p>\n\n\n\n<p class=\"wp-block-paragraph\">Per a subvencionar estos treballs, la Diputaci\u00f3 de Val\u00e8ncia aportar\u00e0 21.331 euros del pressupost actual de 2024 i altres 7.889 euros dels comptes del pr\u00f2xim any, amb les quals es procedir\u00e0 a la rehabilitaci\u00f3 estructural per a evitar filtracions i problemes de pavimentaci\u00f3.<\/p>\n","protected":false},"excerpt":{"rendered":"<div class=\"mh-excerpt\">La vicepresidenta primera i diputada de Mem\u00f2ria Democr\u00e0tica, Nat\u00e0lia Enguix, ha mantingut una trobada amb l&#8217;alcalde d&#8217;Alzira. Alfons Dom\u00ednguez, per a analitzar els treballs que es duran a terme en el memorial. La Diputaci\u00f3 de <a class=\"mh-excerpt-more\" href=\"https:\/\/tucomarca.whitekongsoftware.com\/ca\/la-diputacio-ajudara-a-alzira-en-la-rehabilitacio-del-primer-panteo-despana-dedicat-als-represaliats-pel-franquisme\/\" title=\"La Diputaci\u00f3 ajudar\u00e0 a Alzira en la rehabilitaci\u00f3 del primer pante\u00f3 d&#8217;Espa\u00f1a dedicat als represaliats pel franquisme\">[+] <\/a><\/div>\n","protected":false},"author":12,"featured_media":229951,"comment_status":"open","ping_status":"open","sticky":false,"template":"","format":"image","meta":{"footnotes":""},"categories":[20600,10898,10948,10894,10904,20456,10902,10947,10896],"tags":[11192,11246,16620,20262,11356],"class_list":["post-229953","post","type-post","status-publish","format-image","has-post-thumbnail","category-area-memoria-democratica-ca","category-ventana-ca","category-infraestructuras-ca","category-la-comarca-ca","category-sin-categorizar-ca","category-la-diputacio-de-valencia-informa-ca","category-la-ribera-ca","category-politica","category-seccion-ca","tag-alzira-ca","tag-diputacio-de-valencia-ca","tag-memoria-democratica-ca","tag-natalia-enguix-ca","tag-ribera-alta-ca","post_format-post-format-image"],"_links":{"self":[{"href":"https:\/\/tucomarca.whitekongsoftware.com\/ca\/wp-json\/wp\/v2\/posts\/229953","targetHints":{"allow":["GET"]}}],"collection":[{"href":"https:\/\/tucomarca.whitekongsoftware.com\/ca\/wp-json\/wp\/v2\/posts"}],"about":[{"href":"https:\/\/tucomarca.whitekongsoftware.com\/ca\/wp-json\/wp\/v2\/types\/post"}],"author":[{"embeddable":true,"href":"https:\/\/tucomarca.whitekongsoftware.com\/ca\/wp-json\/wp\/v2\/users\/12"}],"replies":[{"embeddable":true,"href":"https:\/\/tucomarca.whitekongsoftware.com\/ca\/wp-json\/wp\/v2\/comments?post=229953"}],"version-history":[{"count":0,"href":"https:\/\/tucomarca.whitekongsoftware.com\/ca\/wp-json\/wp\/v2\/posts\/229953\/revisions"}],"wp:featuredmedia":[{"embeddable":true,"href":"https:\/\/tucomarca.whitekongsoftware.com\/ca\/wp-json\/wp\/v2\/media\/229951"}],"wp:attachment":[{"href":"https:\/\/tucomarca.whitekongsoftware.com\/ca\/wp-json\/wp\/v2\/media?parent=229953"}],"wp:term":[{"taxonomy":"category","embeddable":true,"href":"https:\/\/tucomarca.whitekongsoftware.com\/ca\/wp-json\/wp\/v2\/categories?post=229953"},{"taxonomy":"post_tag","embeddable":true,"href":"https:\/\/tucomarca.whitekongsoftware.com\/ca\/wp-json\/wp\/v2\/tags?post=229953"}],"curies":[{"name":"wp","href":"https:\/\/api.w.org\/{rel}","templated":true}]}}