{"id":229944,"date":"2024-07-17T09:15:00","date_gmt":"2024-07-17T07:15:00","guid":{"rendered":"https:\/\/www.tucomarca.com\/wordpress\/segunda\/?p=229944"},"modified":"2024-07-17T18:25:41","modified_gmt":"2024-07-17T16:25:41","slug":"fotogaleria-lassociacio-pensionistes-de-saix-interpreta-a-setaigues-lantologia-de-la-zarzuela","status":"publish","type":"post","link":"https:\/\/tucomarca.whitekongsoftware.com\/ca\/fotogaleria-lassociacio-pensionistes-de-saix-interpreta-a-setaigues-lantologia-de-la-zarzuela\/","title":{"rendered":"Fotogaler\u00eda: l&#8217;Associaci\u00f3 Pensionistes de Saix interpreta a Setaig\u00fces &#8216;L&#8217;Antologia de la Zarzuela&#8217;"},"content":{"rendered":"\n<p class=\"wp-block-paragraph\">L&#8217;Ajuntament de Setaig\u00fces agraeix la visita i actuaci\u00f3 de l&#8217;Associaci\u00f3 Pensionistes de Saix, Alacant, que va delectar als ve\u00efns amb la seua interpretaci\u00f3 de &#8220;L&#8217;Antologia de la Zarzuela&#8221;. Aquest esdeveniment cultural, organitzat per l&#8217;Associaci\u00f3 de Jubilats i Pensionistes La Gota, ha sigut un \u00e8xit i ha refor\u00e7at els lla\u00e7os entre les dues associacions.<\/p>\n\n\n\n<p class=\"wp-block-paragraph\">L&#8217;actuaci\u00f3, celebrada en la pla\u00e7a, va oferir un recorregut per les m\u00e9s destacades peces de la sarsuela, un g\u00e8nere musical molt benvolgut a Espanya. Els assistents van gaudir d&#8217;una vesprada plena de m\u00fasica, emoci\u00f3 i records, gr\u00e0cies al talent i dedicaci\u00f3 dels pensionistes de Saix.<\/p>\n\n\n\n<p class=\"wp-block-paragraph\">Des de l&#8217;Ajuntament de Setaig\u00fces, \u201cexpressem la nostra gratitud a tots els membres de l&#8217;Associaci\u00f3 Pensionistes de Saix per la seua meravellosa actuaci\u00f3 i per la seua disposici\u00f3 a compartir el seu art amb nosaltres. Estem encantats de rebre-us i esperem continuar gaudint de la vostra companyia i talent en futures ocasions\u201d, han manifestat.<\/p>\n\n\n\n<p class=\"wp-block-paragraph\">Aix\u00ed mateix, &#8220;volem agrair a l&#8217;Associaci\u00f3 de Jubilats i Pensionistes La Gota per l&#8217;excel\u00b7lent organitzaci\u00f3 de l&#8217;acte. El seu esfor\u00e7 i dedicaci\u00f3 han sigut fonamentals per a l&#8217;\u00e8xit d&#8217;aquest esdeveniment, i el seu comprom\u00eds amb la promoci\u00f3 de la cultura i el benestar dels nostres majors \u00e9s digne de reconeixement&#8221;, finalitzen des del consistori.<\/p>\n\n\n\n<figure class=\"wp-block-gallery has-nested-images columns-1 is-cropped wp-block-gallery-1 is-layout-flex wp-block-gallery-is-layout-flex\">\n<figure class=\"wp-block-image size-large\"><img loading=\"lazy\" decoding=\"async\" width=\"1024\" height=\"537\" data-id=\"229937\" src=\"https:\/\/www.tucomarca.com\/wordpress\/segunda\/wp-content\/uploads\/2024\/07\/7Aguas02-1024x537.jpg\" alt=\"\" class=\"wp-image-229937\" srcset=\"https:\/\/tucomarca.whitekongsoftware.com\/wp-content\/uploads\/2024\/07\/7Aguas02-1024x537.jpg 1024w, https:\/\/tucomarca.whitekongsoftware.com\/wp-content\/uploads\/2024\/07\/7Aguas02-300x157.jpg 300w, https:\/\/tucomarca.whitekongsoftware.com\/wp-content\/uploads\/2024\/07\/7Aguas02-768x403.jpg 768w, https:\/\/tucomarca.whitekongsoftware.com\/wp-content\/uploads\/2024\/07\/7Aguas02.jpg 1181w\" sizes=\"auto, (max-width: 1024px) 100vw, 1024px\" \/><\/figure>\n\n\n\n<figure class=\"wp-block-image size-large\"><img loading=\"lazy\" decoding=\"async\" width=\"1024\" height=\"537\" data-id=\"229935\" src=\"https:\/\/www.tucomarca.com\/wordpress\/segunda\/wp-content\/uploads\/2024\/07\/7Aguas01-1024x537.jpg\" alt=\"\" class=\"wp-image-229935\" srcset=\"https:\/\/tucomarca.whitekongsoftware.com\/wp-content\/uploads\/2024\/07\/7Aguas01-1024x537.jpg 1024w, https:\/\/tucomarca.whitekongsoftware.com\/wp-content\/uploads\/2024\/07\/7Aguas01-300x157.jpg 300w, https:\/\/tucomarca.whitekongsoftware.com\/wp-content\/uploads\/2024\/07\/7Aguas01-768x403.jpg 768w, https:\/\/tucomarca.whitekongsoftware.com\/wp-content\/uploads\/2024\/07\/7Aguas01.jpg 1181w\" sizes=\"auto, (max-width: 1024px) 100vw, 1024px\" \/><\/figure>\n\n\n\n<figure class=\"wp-block-image size-large\"><img loading=\"lazy\" decoding=\"async\" width=\"1024\" height=\"537\" data-id=\"229939\" src=\"https:\/\/www.tucomarca.com\/wordpress\/segunda\/wp-content\/uploads\/2024\/07\/7Aguas03-1024x537.jpg\" alt=\"\" class=\"wp-image-229939\" srcset=\"https:\/\/tucomarca.whitekongsoftware.com\/wp-content\/uploads\/2024\/07\/7Aguas03-1024x537.jpg 1024w, https:\/\/tucomarca.whitekongsoftware.com\/wp-content\/uploads\/2024\/07\/7Aguas03-300x157.jpg 300w, https:\/\/tucomarca.whitekongsoftware.com\/wp-content\/uploads\/2024\/07\/7Aguas03-768x403.jpg 768w, https:\/\/tucomarca.whitekongsoftware.com\/wp-content\/uploads\/2024\/07\/7Aguas03.jpg 1181w\" sizes=\"auto, (max-width: 1024px) 100vw, 1024px\" \/><\/figure>\n\n\n\n<figure class=\"wp-block-image size-large\"><img loading=\"lazy\" decoding=\"async\" width=\"1024\" height=\"537\" data-id=\"229933\" src=\"https:\/\/www.tucomarca.com\/wordpress\/segunda\/wp-content\/uploads\/2024\/07\/7Aguas05-1024x537.jpg\" alt=\"\" class=\"wp-image-229933\" srcset=\"https:\/\/tucomarca.whitekongsoftware.com\/wp-content\/uploads\/2024\/07\/7Aguas05-1024x537.jpg 1024w, https:\/\/tucomarca.whitekongsoftware.com\/wp-content\/uploads\/2024\/07\/7Aguas05-300x157.jpg 300w, https:\/\/tucomarca.whitekongsoftware.com\/wp-content\/uploads\/2024\/07\/7Aguas05-768x403.jpg 768w, https:\/\/tucomarca.whitekongsoftware.com\/wp-content\/uploads\/2024\/07\/7Aguas05.jpg 1181w\" sizes=\"auto, (max-width: 1024px) 100vw, 1024px\" \/><\/figure>\n<\/figure>\n","protected":false},"excerpt":{"rendered":"<div class=\"mh-excerpt\">L&#8217;Ajuntament de Setaig\u00fces agraeix la visita i actuaci\u00f3 de l&#8217;Associaci\u00f3 Pensionistes de Saix, Alacant, que va delectar als ve\u00efns amb la seua interpretaci\u00f3 de &#8220;L&#8217;Antologia de la Zarzuela&#8221;. Aquest esdeveniment cultural, organitzat per l&#8217;Associaci\u00f3 de <a class=\"mh-excerpt-more\" href=\"https:\/\/tucomarca.whitekongsoftware.com\/ca\/fotogaleria-lassociacio-pensionistes-de-saix-interpreta-a-setaigues-lantologia-de-la-zarzuela\/\" title=\"Fotogaler\u00eda: l&#8217;Associaci\u00f3 Pensionistes de Saix interpreta a Setaig\u00fces &#8216;L&#8217;Antologia de la Zarzuela&#8217;\">[+] <\/a><\/div>\n","protected":false},"author":12,"featured_media":229942,"comment_status":"open","ping_status":"open","sticky":false,"template":"","format":"gallery","meta":{"footnotes":""},"categories":[11005,10894,10912,11007,10896,10979],"tags":[10914,11157],"class_list":["post-229944","post","type-post","status-publish","format-gallery","has-post-thumbnail","category-canal-musica","category-la-comarca-ca","category-la-hoya-ca","category-ocio-y-cultura-ca","category-seccion-ca","category-siete-aguas-ca","tag-la-hoya-de-bunol-chiva-ca","tag-siete-aguas-ca","post_format-post-format-gallery"],"_links":{"self":[{"href":"https:\/\/tucomarca.whitekongsoftware.com\/ca\/wp-json\/wp\/v2\/posts\/229944","targetHints":{"allow":["GET"]}}],"collection":[{"href":"https:\/\/tucomarca.whitekongsoftware.com\/ca\/wp-json\/wp\/v2\/posts"}],"about":[{"href":"https:\/\/tucomarca.whitekongsoftware.com\/ca\/wp-json\/wp\/v2\/types\/post"}],"author":[{"embeddable":true,"href":"https:\/\/tucomarca.whitekongsoftware.com\/ca\/wp-json\/wp\/v2\/users\/12"}],"replies":[{"embeddable":true,"href":"https:\/\/tucomarca.whitekongsoftware.com\/ca\/wp-json\/wp\/v2\/comments?post=229944"}],"version-history":[{"count":0,"href":"https:\/\/tucomarca.whitekongsoftware.com\/ca\/wp-json\/wp\/v2\/posts\/229944\/revisions"}],"wp:featuredmedia":[{"embeddable":true,"href":"https:\/\/tucomarca.whitekongsoftware.com\/ca\/wp-json\/wp\/v2\/media\/229942"}],"wp:attachment":[{"href":"https:\/\/tucomarca.whitekongsoftware.com\/ca\/wp-json\/wp\/v2\/media?parent=229944"}],"wp:term":[{"taxonomy":"category","embeddable":true,"href":"https:\/\/tucomarca.whitekongsoftware.com\/ca\/wp-json\/wp\/v2\/categories?post=229944"},{"taxonomy":"post_tag","embeddable":true,"href":"https:\/\/tucomarca.whitekongsoftware.com\/ca\/wp-json\/wp\/v2\/tags?post=229944"}],"curies":[{"name":"wp","href":"https:\/\/api.w.org\/{rel}","templated":true}]}}