{"id":229815,"date":"2024-07-16T09:30:00","date_gmt":"2024-07-16T07:30:00","guid":{"rendered":"https:\/\/www.tucomarca.com\/wordpress\/segunda\/?p=229815"},"modified":"2024-07-16T12:39:31","modified_gmt":"2024-07-16T10:39:31","slug":"la-dona-assassinada-per-la-seua-parella-a-bunyol-no-va-ser-protegida-malgrat-haver-expressat-el-seu-temor-al-fet-que-ell-la-matara","status":"publish","type":"post","link":"https:\/\/tucomarca.whitekongsoftware.com\/ca\/la-dona-assassinada-per-la-seua-parella-a-bunyol-no-va-ser-protegida-malgrat-haver-expressat-el-seu-temor-al-fet-que-ell-la-matara\/","title":{"rendered":"La dona assassinada per la seua parella a Bunyol no va ser protegida malgrat haver expressat el seu temor al fet que ell la matara"},"content":{"rendered":"\n<h3 class=\"wp-block-heading\">Al novembre de 2023 es va interposar una den\u00fancia per amenaces i maltractaments a Juliana per part d&#8217;una psic\u00f2loga contra el detingut, den\u00fancia que posteriorment va ser ratificada per la v\u00edctima.<\/h3>\n\n\n\n<h3 class=\"wp-block-heading\">El jutge decreta pres\u00f3 provisional per a l&#8217;acusat d&#8217;assassinar a la seua parella a Bunyol.<\/h3>\n\n\n\n<p class=\"wp-block-paragraph\">El titular del Jutjat de Primera Inst\u00e0ncia i Instrucci\u00f3 n\u00famero 3 de Requena ha decretat aquest dilluns a la vesprada l&#8217;ingr\u00e9s a la pres\u00f3 provisional, comunicada i sense fian\u00e7a de l&#8217;home detingut dissabte passat per matar presumptament a la seua parella a la urbanitzaci\u00f3 de Ventamina de Bunyol.<\/p>\n\n\n\n<p class=\"wp-block-paragraph\">El detingut, Ra\u00fal Ariel. D. de 51 anys, queda ara investigat en una causa oberta per un delicte d&#8217;homicidi amb agreujant de g\u00e8nere, segons ha informat el TSJCV.<\/p>\n\n\n\n<p class=\"wp-block-paragraph\">El jutge ha pres aquesta decisi\u00f3 despr\u00e9s de celebrar una compareixen\u00e7a en abs\u00e8ncia de l&#8217;arrestat, que es troba hospitalitzat i no estava en condicions de declarar, tal com ha certificat un m\u00e8dic forense.<\/p>\n\n\n\n<p class=\"wp-block-paragraph\">Els delictes que podria haver com\u00e9s l&#8217;home despr\u00e9s de cometre presumptament el crim, durant la seua fugida en un vehicle, fins que va ser detingut a l&#8217;entrada de la ciutat de Val\u00e8ncia, s\u00f3n objecte d&#8217;un atestat policial diferent i seran investigats en principi per un altre \u00f2rgan judicial en una causa independent de la del crim.<\/p>\n\n\n\n<p class=\"wp-block-paragraph\"><strong>Juliana den\u00fancia per amenaces i maltractaments al detingut<\/strong><\/p>\n\n\n\n<p class=\"wp-block-paragraph\">Al novembre de 2023 es va interposar una den\u00fancia per amenaces i maltractaments a Juliana Denis per part d&#8217;una psic\u00f2loga contra el detingut, den\u00fancia que posteriorment va ser ratificada per la v\u00edctima. Eixa den\u00fancia va recaure inicialment en el Jutjat de Primera Inst\u00e0ncia i Instrucci\u00f3 n\u00famero 6 d&#8217;Alzira, demarcaci\u00f3 judicial on la v\u00edctima es trobava residint en eixes dates al costat de la seua mare.<\/p>\n\n\n\n<p class=\"wp-block-paragraph\">La primera de les conclusions \u00e9s part de la valoraci\u00f3 policial de risc realitzada en la comissaria d&#8217;Alzira al novembre passat, quan la psic\u00f2loga que tractava a Juliana Denise, coneixedora del maltractament i conscient que la jove no estava preparada per a demanar ajuda, va acudir amb la mare de la xica a la comissaria i va denunciar a Ra\u00fal Ariel D., per maltractaments i amenaces.<\/p>\n\n\n\n<p class=\"wp-block-paragraph\">Amb posterioritat, el jutjat d&#8217;Alzira es va inhibir en favor del Jutjat de Primera Inst\u00e0ncia i Instrucci\u00f3 3 de Requena, despr\u00e9s de constatar que la resid\u00e8ncia oficial de la denunciant era la localitat de Bunyol, pertanyent al partit judicial de Requena.<\/p>\n\n\n\n<p class=\"wp-block-paragraph\">En el q\u00fcestionari policial, Juliana va explicar que la seua parella era extremadament gelosa, que l&#8217;havia amena\u00e7ada amb un ganivet, que temia per la seua vida i que ell, a m\u00e9s, consumia coca\u00efna, una de les raons que agreugen el risc pels efectes d&#8217;eixa droga.<\/p>\n","protected":false},"excerpt":{"rendered":"<div class=\"mh-excerpt\">Al novembre de 2023 es va interposar una den\u00fancia per amenaces i maltractaments a Juliana per part d&#8217;una psic\u00f2loga contra el detingut, den\u00fancia que posteriorment va ser ratificada per la v\u00edctima. El jutge decreta pres\u00f3 <a class=\"mh-excerpt-more\" href=\"https:\/\/tucomarca.whitekongsoftware.com\/ca\/la-dona-assassinada-per-la-seua-parella-a-bunyol-no-va-ser-protegida-malgrat-haver-expressat-el-seu-temor-al-fet-que-ell-la-matara\/\" title=\"La dona assassinada per la seua parella a Bunyol no va ser protegida malgrat haver expressat el seu temor al fet que ell la matara\">[+] <\/a><\/div>\n","protected":false},"author":12,"featured_media":229809,"comment_status":"open","ping_status":"open","sticky":false,"template":"","format":"standard","meta":{"footnotes":""},"categories":[10911,10898,10894,10912,10896,10897],"tags":[10913,20997,10914,11629],"class_list":["post-229815","post","type-post","status-publish","format-standard","has-post-thumbnail","category-bunol-ca","category-ventana-ca","category-la-comarca-ca","category-la-hoya-ca","category-seccion-ca","category-sucesos-la-comarca-ca","tag-bunol-ca","tag-juliana-denis-ca","tag-la-hoya-de-bunol-chiva-ca","tag-violencia-de-genero-ca"],"_links":{"self":[{"href":"https:\/\/tucomarca.whitekongsoftware.com\/ca\/wp-json\/wp\/v2\/posts\/229815","targetHints":{"allow":["GET"]}}],"collection":[{"href":"https:\/\/tucomarca.whitekongsoftware.com\/ca\/wp-json\/wp\/v2\/posts"}],"about":[{"href":"https:\/\/tucomarca.whitekongsoftware.com\/ca\/wp-json\/wp\/v2\/types\/post"}],"author":[{"embeddable":true,"href":"https:\/\/tucomarca.whitekongsoftware.com\/ca\/wp-json\/wp\/v2\/users\/12"}],"replies":[{"embeddable":true,"href":"https:\/\/tucomarca.whitekongsoftware.com\/ca\/wp-json\/wp\/v2\/comments?post=229815"}],"version-history":[{"count":0,"href":"https:\/\/tucomarca.whitekongsoftware.com\/ca\/wp-json\/wp\/v2\/posts\/229815\/revisions"}],"wp:featuredmedia":[{"embeddable":true,"href":"https:\/\/tucomarca.whitekongsoftware.com\/ca\/wp-json\/wp\/v2\/media\/229809"}],"wp:attachment":[{"href":"https:\/\/tucomarca.whitekongsoftware.com\/ca\/wp-json\/wp\/v2\/media?parent=229815"}],"wp:term":[{"taxonomy":"category","embeddable":true,"href":"https:\/\/tucomarca.whitekongsoftware.com\/ca\/wp-json\/wp\/v2\/categories?post=229815"},{"taxonomy":"post_tag","embeddable":true,"href":"https:\/\/tucomarca.whitekongsoftware.com\/ca\/wp-json\/wp\/v2\/tags?post=229815"}],"curies":[{"name":"wp","href":"https:\/\/api.w.org\/{rel}","templated":true}]}}