{"id":229766,"date":"2024-07-15T13:15:00","date_gmt":"2024-07-15T11:15:00","guid":{"rendered":"https:\/\/www.tucomarca.com\/wordpress\/segunda\/?p=229766"},"modified":"2024-07-15T21:37:11","modified_gmt":"2024-07-15T19:37:11","slug":"jesus-higon-alcalde-dalboraig-les-festes-les-fem-les-persones-participant-activament-en-elles","status":"publish","type":"post","link":"https:\/\/tucomarca.whitekongsoftware.com\/ca\/jesus-higon-alcalde-dalboraig-les-festes-les-fem-les-persones-participant-activament-en-elles\/","title":{"rendered":"Jes\u00fas Hig\u00f3n, alcalde d&#8217;Alboraig: &#8220;les festes les fem les persones participant activament en elles&#8221;"},"content":{"rendered":"\n<h3 class=\"wp-block-heading\">Alboraig ha iniciat aquest cap de setmana les seues festes patronals amb l&#8217;engalanat dels seus carrers i el tradicional preg\u00f3 que dona principi a dilluns actes que es prolongaran fins a finals de juliol i l&#8217;alcalde del qual, Jes\u00fas Hig\u00f3n, ha convidat des de tucomarca.com a la participaci\u00f3.<\/h3>\n\n\n<div class=\"wp-block-image\">\n<figure class=\"alignleft size-large is-resized\"><img loading=\"lazy\" decoding=\"async\" width=\"638\" height=\"1024\" src=\"https:\/\/www.tucomarca.com\/wordpress\/segunda\/wp-content\/uploads\/2024\/07\/JesusHigon-638x1024.jpg\" alt=\"\" class=\"wp-image-229752\" style=\"width:363px;height:auto\" srcset=\"https:\/\/tucomarca.whitekongsoftware.com\/wp-content\/uploads\/2024\/07\/JesusHigon-638x1024.jpg 638w, https:\/\/tucomarca.whitekongsoftware.com\/wp-content\/uploads\/2024\/07\/JesusHigon-187x300.jpg 187w, https:\/\/tucomarca.whitekongsoftware.com\/wp-content\/uploads\/2024\/07\/JesusHigon.jpg 653w\" sizes=\"auto, (max-width: 638px) 100vw, 638px\" \/><\/figure>\n<\/div>\n\n\n<p class=\"wp-block-paragraph\"><strong>\u2014 De nou en festes d&#8217;estiu a Alboraig. \u00bfEl temps sembla passar molt de pressa. Preparat per a gaudir d&#8217;aquests dies?<\/strong><\/p>\n\n\n\n<p class=\"wp-block-paragraph\">\u2014 Preparats i amb molta il\u00b7lusi\u00f3 per a afrontar aquests dies, en els quals esperem que el que hem preparat puga agradar al m\u00e0xim de gent possible. \u00c9s la nostra manera de treballar, nosaltres gaudim doblement, una, treballant perqu\u00e8 tot isca b\u00e9, i una altra, participant pr\u00e0cticament en tot.<\/p>\n\n\n\n<p class=\"wp-block-paragraph\"><strong>\u2014 Ja \u00e9s el seu segon any com a alcalde. \u00bfCom afronta aquestes festes amb l&#8217;experi\u00e8ncia acumulada de l&#8217;any passat?<\/strong><\/p>\n\n\n\n<p class=\"wp-block-paragraph\">\u2014 Ac\u00ed cada any \u00e9s com el primer, en tot moment aquestes pendent del que funciona o el que no funciona, per a poder modificar coses a l&#8217;any que ve, la qual cosa a la gent li sembla que simplement est\u00e0s fent acte de pres\u00e8ncia, est\u00e0s prenent nota de tot, ja per a escometre les festes de l&#8217;any seg\u00fcent.<\/p>\n\n\n\n<p class=\"wp-block-paragraph\"><strong>\u2014 El programa de festes d&#8217;enguany, \u00bfpresenta per tant canvis destacables respecte al del passat?<\/strong><\/p>\n\n\n\n<p class=\"wp-block-paragraph\">\u2014 La veritat que la columna vertebral del programa sempre sol ser molt semblant, encara que enguany com he dit abans s&#8217;han modificat diverses coses i s&#8217;han intentat recuperar unes altres, com el Cant de l&#8217;Aurora, el que juntament amb la parr\u00f2quia intentarem que aquesta tradici\u00f3 torne a eixir al carrer. Hem posat tamb\u00e9 molt inter\u00e9s a recuperar tot tipus de competicions esportives, que han tingut una molt bona resposta del p\u00fablic, introduint el Sopar Gal de l&#8217;Esport en la qual s&#8217;entregaren els trofeus als guanyadors de les diferents competicions. Una altra novetat que hem introdu\u00eft juntament amb el club de lectura ser\u00e0 una nit de \u201cHist\u00f2ries i contes de terror en El Miracle\u201d i que esperem que agrade a la gent. Enguany tamb\u00e9 apostem per fer un sopar de cinquenes, que al final hem decidit que siga de quadrilles, ja que per poblaci\u00f3 hi ha cinquenes que tenen molt pocs components, amb la qual intentem fer tornar a tota eixa gent, que en el seu moment, per uns motius o altres va abandonar el poble, han mantingut els amics, per\u00f2 mai troben l&#8217;oportunitat de vindre a veure&#8217;ls, perqu\u00e8 ac\u00ed llancem aquest sopar a veure si aconseguim tornar a veure a eixa gent que en el seu moment va canviar d&#8217;aires. Tamb\u00e9 hi ha alguna novetat m\u00e9s que es pot veure en el programa de festes, disponible en paper a l&#8217;ajuntament i en format digital en la p\u00e0gina web de l&#8217;ajuntament.<\/p>\n\n\n\n<p class=\"wp-block-paragraph\"><strong>\u2014 \u00bfEn qu\u00e8 es posar\u00e0 m\u00e9s l&#8217;accent enguany dins de les festes?<\/strong><\/p>\n\n\n\n<p class=\"wp-block-paragraph\">\u2014 Especialment no ens centrem en alguna cosa espec\u00edficament, per\u00f2 s\u00ed que \u00e9s cert que intentem que totes les franges d&#8217;edat tinguen el seu moment per a poder gaudeixes de les festes participant activament en elles, si haguera de triar alguna, personalment, posaria l&#8217;accent en el dia de les paelles, ja que, sense cap dubte, representa el que ha de ser un poble, veient a tots participar i units amb un mateix prop\u00f2sit.<\/p>\n\n\n\n<p class=\"wp-block-paragraph\"><strong>\u2014 \u00bfM&#8217;imagine tamb\u00e9 que la banda de m\u00fasica &#8220;La Primitiva&#8221; d&#8217;Alboraig tindr\u00e0 un destacat paper en les festes, veritat?<\/strong><\/p>\n\n\n\n<p class=\"wp-block-paragraph\">\u2014 Per descomptat, la banda de m\u00fasica sempre t\u00e9 un paper molt important en les festes, ja que des del Festival de Bandes de M\u00fasica, que per cert, a l&#8217;any que ve ser\u00e0 el 50 aniversari, als diferents actes religiosos o festius en els quals participen, tenen una pres\u00e8ncia important.<\/p>\n\n\n\n<p class=\"wp-block-paragraph\"><strong>\u2014 \u00bfConvidem als qui estiga llegint aquesta entrevista al fet que visiten Alboraig en festes?<\/strong><\/p>\n\n\n\n<p class=\"wp-block-paragraph\">\u2014 Com no pot ser d&#8217;una altra manera, ens agradaria convidar a tots, els que per un mitj\u00e0 o un altre, s&#8217;assabenten de la programaci\u00f3 d&#8217;aquests dies de festes, a vindre a Alboraig a visitar-nos i participar activament d&#8217;elles, segur que passaran moments que els faran voler tornar a visitar-nos durant aquests dies. Recordar a tots que les festes les fem les persones participant activament en elles, i ac\u00ed no serveix, \u201cel dem\u00e0 vaig\u201d, perqu\u00e8 el dem\u00e0 ja \u00e9s a l&#8217;any que ve, i el que et perdes hui ja no torna. Com a alcalde i des de les diferents regidories, us desitge que passeu una molt bones festes i us espere en tots els actes.<\/p>\n","protected":false},"excerpt":{"rendered":"<div class=\"mh-excerpt\">Alboraig ha iniciat aquest cap de setmana les seues festes patronals amb l&#8217;engalanat dels seus carrers i el tradicional preg\u00f3 que dona principi a dilluns actes que es prolongaran fins a finals de juliol i <a class=\"mh-excerpt-more\" href=\"https:\/\/tucomarca.whitekongsoftware.com\/ca\/jesus-higon-alcalde-dalboraig-les-festes-les-fem-les-persones-participant-activament-en-elles\/\" title=\"Jes\u00fas Hig\u00f3n, alcalde d&#8217;Alboraig: &#8220;les festes les fem les persones participant activament en elles&#8221;\">[+] <\/a><\/div>\n","protected":false},"author":12,"featured_media":229757,"comment_status":"open","ping_status":"open","sticky":false,"template":"","format":"standard","meta":{"footnotes":""},"categories":[10973,10894,10912,11007,10896],"tags":[11224,14071,20995,10914],"class_list":["post-229766","post","type-post","status-publish","format-standard","has-post-thumbnail","category-alborache-ca","category-la-comarca-ca","category-la-hoya-ca","category-ocio-y-cultura-ca","category-seccion-ca","tag-alborache-ca","tag-fiestas-patronales-ca","tag-jesus-higon-ca","tag-la-hoya-de-bunol-chiva-ca"],"_links":{"self":[{"href":"https:\/\/tucomarca.whitekongsoftware.com\/ca\/wp-json\/wp\/v2\/posts\/229766","targetHints":{"allow":["GET"]}}],"collection":[{"href":"https:\/\/tucomarca.whitekongsoftware.com\/ca\/wp-json\/wp\/v2\/posts"}],"about":[{"href":"https:\/\/tucomarca.whitekongsoftware.com\/ca\/wp-json\/wp\/v2\/types\/post"}],"author":[{"embeddable":true,"href":"https:\/\/tucomarca.whitekongsoftware.com\/ca\/wp-json\/wp\/v2\/users\/12"}],"replies":[{"embeddable":true,"href":"https:\/\/tucomarca.whitekongsoftware.com\/ca\/wp-json\/wp\/v2\/comments?post=229766"}],"version-history":[{"count":0,"href":"https:\/\/tucomarca.whitekongsoftware.com\/ca\/wp-json\/wp\/v2\/posts\/229766\/revisions"}],"wp:featuredmedia":[{"embeddable":true,"href":"https:\/\/tucomarca.whitekongsoftware.com\/ca\/wp-json\/wp\/v2\/media\/229757"}],"wp:attachment":[{"href":"https:\/\/tucomarca.whitekongsoftware.com\/ca\/wp-json\/wp\/v2\/media?parent=229766"}],"wp:term":[{"taxonomy":"category","embeddable":true,"href":"https:\/\/tucomarca.whitekongsoftware.com\/ca\/wp-json\/wp\/v2\/categories?post=229766"},{"taxonomy":"post_tag","embeddable":true,"href":"https:\/\/tucomarca.whitekongsoftware.com\/ca\/wp-json\/wp\/v2\/tags?post=229766"}],"curies":[{"name":"wp","href":"https:\/\/api.w.org\/{rel}","templated":true}]}}