{"id":229663,"date":"2024-07-15T14:00:00","date_gmt":"2024-07-15T12:00:00","guid":{"rendered":"https:\/\/www.tucomarca.com\/wordpress\/segunda\/?p=229663"},"modified":"2024-07-15T20:28:24","modified_gmt":"2024-07-15T18:28:24","slug":"vicent-mompo-i-natalia-enguix-recuperen-la-gestio-en-una-diputacio-que-celebra-un-any-mes-proxima-als-municipis","status":"publish","type":"post","link":"https:\/\/tucomarca.whitekongsoftware.com\/ca\/vicent-mompo-i-natalia-enguix-recuperen-la-gestio-en-una-diputacio-que-celebra-un-any-mes-proxima-als-municipis\/","title":{"rendered":"Vicent Momp\u00f3 i Natalia Enguix recuperen la \u201cgesti\u00f3\u201d en una Diputaci\u00f3 que celebra un any \u201cm\u00e9s pr\u00f2xima als municipis\u201d"},"content":{"rendered":"\n<h3 class=\"wp-block-heading\">El president i la vicepresidenta primera fan balan\u00e7 del primer any de govern i coincidixen a destacar la \u2018\u2019bona salut\u2019\u2019 d&#8217;un pacte que \u201cha acostat la instituci\u00f3 a les comarques, amb m\u00e9s inversions i l&#8217;obsessi\u00f3 per ajudar els ajuntaments a executar-les\u201d.<\/h3>\n\n\n\n<h3 class=\"wp-block-heading\">El primer exercici de la legislatura deixa un Pla Obert a quatre anys amb 350 milions d&#8217;euros, mant\u00e9 els 80 milions per al Fons de Cooperaci\u00f3 i introduix ajudes per al cicle de l&#8217;aigua, patrimoni hist\u00f2ric i trinquets.<\/h3>\n\n\n\n<p class=\"wp-block-paragraph\">El president de la Diputaci\u00f3 de Val\u00e8ncia, Vicent Momp\u00f3, i la vicepresidenta primera, Nat\u00e0lia Enguix, han fet balan\u00e7 del primer any del govern provincial que es va constituir el 14 de juliol de 2023. En paraules de Momp\u00f3, \u201cun govern s\u00f2lid, assentat sobre un clima de total confian\u00e7a, en el qual tots els seus integrants compartim la visi\u00f3 municipalista de la pol\u00edtica i la necessitat d&#8217;acostar la instituci\u00f3 als alcaldes i alcaldesses\u201d. Per a la vicepresidenta Enguix, \u201cuna Diputaci\u00f3 entregada a les comarques i als municipis m\u00e9s xicotets, que treballa de manera transversal en un clima de confian\u00e7a per un b\u00e9 com\u00fa\u201d.<\/p>\n\n\n\n<p class=\"wp-block-paragraph\">En xifres, els primers 12 mesos de treball conjunt entre els populars i Ens Uneix deixen un Pla Obert amb 340 milions d&#8217;euros per als municipis i 10 per a les mancomunitats en el per\u00edode 2024-27. El principal programa inversor de la Diputaci\u00f3, que es va aprovar sis mesos abans que l&#8217;\u00faltim pla de l&#8217;anterior govern, es complementa amb el Fons de Cooperaci\u00f3, que l&#8217;executiu de Momp\u00f3 i Enguix mant\u00e9 amb els 80 milions d&#8217;euros anuals que va aportar la corporaci\u00f3 provincial en 2022 i 2023, destinats a inversi\u00f3 o despesa corrent i amb un repartiment que \u201cprotegix els municipis m\u00e9s xicotets\u201d.<\/p>\n\n\n\n<p class=\"wp-block-paragraph\">A estes quantitats se sumen altres partides com els 10 milions per a recuperaci\u00f3 del patrimoni hist\u00f2ric, els vuit milions per a la rehabilitaci\u00f3 de trinquets i instal\u00b7lacions esportives, i 2,3 milions per al Cicle Integral de l&#8217;Aigua, que s\u2019afigen als m\u00e9s de 30 milions que al llarg de la legislatura es preveu que invertisquen els municipis en la millora de les infraestructures h\u00eddriques per a garantir este servici b\u00e0sic per a la ciutadania.<\/p>\n\n\n\n<p class=\"wp-block-paragraph\">El president, Vicent Momp\u00f3, ha posat l&#8217;\u00e8mfasi en \u201cla recuperaci\u00f3 de la gesti\u00f3 que ens ha perm\u00e9s incrementar les l\u00ednies d&#8217;inversi\u00f3, per\u00f2 sobretot estar m\u00e9s prop dels alcaldes i alcaldesses en el seu dia a dia i facilitar-los les coses, amb el repte que puguen tirar avant tots els seus projectes i estos es tradu\u00efsquen en millores reals per a les seues ve\u00efnes i ve\u00efns\u201d. \u201cEl nostre principal objectiu \u00e9s que els ajuntaments no hagen de renunciar a les ajudes i els diners es quede als pobles, i per a aix\u00f2 \u00e9s fonamental la implicaci\u00f3 de la Diputaci\u00f3 en els procediments\u201d, apunta Momp\u00f3.\u2028\u2028El m\u00e0xim responsable provincial ha valorat molt positivament les fites aconseguides en este primer any de govern, des de \u201cla posada en marxa en temps r\u00e8cord del major programa inversor en la hist\u00f2ria de la Diputaci\u00f3 fins al manteniment d&#8217;una ferramenta molt important per als ajuntaments com \u00e9s el Fons de Cooperaci\u00f3; sense oblidar que l&#8217;\u00e0rea de Carreteres ha desbloquejat la Ronda de Pedralba; que en Innovaci\u00f3 s&#8217;ha potenciat el concepte de municipis intel\u00b7ligents i es treballa amb ells l&#8217;obtenci\u00f3 de fons europeus; i que la cultura s&#8217;ha convertit en un element vertebrador en el nostre territori, amb la itiner\u00e0ncia dels espectacles i recursos culturals\u201d.<\/p>\n\n\n\n<p class=\"wp-block-paragraph\">Vicent Momp\u00f3 ha ressaltat que la corporaci\u00f3 que dirigix \u201cha obert les seues portes a tots els valencians i valencianes, donant a con\u00e9ixer el nostre patrimoni i refor\u00e7ant els senyals d&#8217;identitat en jornades festives com el 9 d&#8217;Octubre, les Falles o el Dia de la Constituci\u00f3, i a trav\u00e9s de les visites de \u2018A\u00e7\u00f2 \u00e9s la Dipu\u2019, una iniciativa de l&#8217;\u00e0rea de Benestar Social\u201d. Momp\u00f3 ha posat en valor igualment la col\u00b7laboraci\u00f3 en programes d&#8217;inclusi\u00f3 social com \u2018Cuina que et Cuida\u2019; la consolidaci\u00f3 de la prov\u00edncia com a seu de grans esdeveniments esportius; i \u201cel treball de Val\u00e8ncia Turisme en la redistribuci\u00f3 de fluxos tur\u00edstics per a projectar l&#8217;interior i l&#8217;\u00fas de sensors intel\u00b7ligents per a millorar l&#8217;experi\u00e8ncia del turista\u201d.<\/p>\n\n\n\n<p class=\"wp-block-paragraph\"><strong>Pla Obert d\u2019Inversions<\/strong><\/p>\n\n\n\n<p class=\"wp-block-paragraph\">El Pla Obert de la Diputaci\u00f3 de Val\u00e8ncia \u00e9s la principal demostraci\u00f3 del present i del futur d&#8217;una corporaci\u00f3 que \u201cm\u00e9s enll\u00e0 de la pluja de milions que anunciaven els nostres predecessors, vol que els diners es quede en els municipis\u201d. Ho explica Nat\u00e0lia Enguix, vicepresidenta primera i responsable de Cooperaci\u00f3 Municipal, qui es mostra satisfeta \u201cde l&#8217;acceptaci\u00f3 que ha tingut este pla quadriennal que pret\u00e9n llevar la pressi\u00f3 als ajuntaments i els deixa presentar els projectes en qualsevol moment, quan els tenen clars i no hi ha dubtes que s\u00f3n les actuacions que necessiten\u201d. A partir d&#8217;eixe moment, \u201cla Diputaci\u00f3 rst\u00e0 ac\u00ed per a acompanyar-los en la tramitaci\u00f3 i l&#8217;execuci\u00f3 de les obres\u201d, afig.<\/p>\n\n\n\n<p class=\"wp-block-paragraph\">La vicepresidenta, al costat del mateix Momp\u00f3, va acompanyar a l&#8217;equip de Cooperaci\u00f3 que dirigix Pedro Domingo en les diferents jornades comarcals en les quals es va convocar als responsables locals per a explicar-los el Pla Obert. \u201cEl resultat \u00e9s que al llarg de l&#8217;estiu tindrem aprovats m\u00e9s d&#8217;un centenar de projectes, quan l&#8217;\u00faltim pla, a hores d&#8217;ara, no havia donat llum verda a cap sol\u00b7licitud\u201d, apunta Enguix, qui insistix que \u201cno cal esperar a un termini tancat o una convocat\u00f2ria per a continuar presentant eixos projectes, que segons avan\u00e7a la legislatura s&#8217;aniran incrementant i executant, que \u00e9s el nostre gran repte, millorar considerablement els baixos nivells d&#8217;execuci\u00f3 d&#8217;anteriors plans\u201d.<\/p>\n\n\n\n<p class=\"wp-block-paragraph\">Nat\u00e0lia Enguix ha repassat els primers projectes aprovats dins del Pla Obert, entre els quals destaquen actuacions de millora en el cicle de l&#8217;aigua dels municipis i en instal\u00b7lacions esportives, dos dels tipus de projecte incentivats en el nou pla d&#8217;inversions, que en general \u201cpromou les iniciatives innovadores, sostenibles i trencadores que servisquen per a transformar els nostres pobles i ciutats\u201d. La vicepresidenta posa com a exemple els projectes urban\u00edstics amb perspectiva de g\u00e8nere, \u201cla qual cosa coneixem com a urbanisme feminista i que impulsem per a tindre municipis m\u00e9s justos i habitables per a qualsevol persona\u201d.<\/p>\n\n\n\n<figure class=\"wp-block-image size-full\"><img loading=\"lazy\" decoding=\"async\" width=\"886\" height=\"576\" src=\"http:\/\/www.tucomarca.com\/wordpress\/segunda\/wp-content\/uploads\/2024\/07\/Dipu1any_2.jpg\" alt=\"\" class=\"wp-image-229656\" srcset=\"https:\/\/tucomarca.whitekongsoftware.com\/wp-content\/uploads\/2024\/07\/Dipu1any_2.jpg 886w, https:\/\/tucomarca.whitekongsoftware.com\/wp-content\/uploads\/2024\/07\/Dipu1any_2-300x195.jpg 300w, https:\/\/tucomarca.whitekongsoftware.com\/wp-content\/uploads\/2024\/07\/Dipu1any_2-768x499.jpg 768w\" sizes=\"auto, (max-width: 886px) 100vw, 886px\" \/><\/figure>\n\n\n\n<p class=\"wp-block-paragraph\"><strong>Infraestructures, emerg\u00e8ncies i innovaci\u00f3<\/strong><\/p>\n\n\n\n<p class=\"wp-block-paragraph\">El president Momp\u00f3 ha repassat altres \u00e0rees de gesti\u00f3 en les quals s&#8217;han produ\u00eft importants novetats en l&#8217;\u00faltim any. En el cas de Carreteres, l&#8217;\u00e0rea que dirigix la vicepresidenta segona Reme Mazzolari, \u201cel pressupost s&#8217;ha incrementat de 57 a 64 milions amb una doble intenci\u00f3: humanitzar la xarxa provincial tenint en compte les necessitats de les persones; i refor\u00e7ar el Pla de Camins d&#8217;Inter\u00e9s Territorial que, sense ser vies principals, resulten de vital import\u00e0ncia per a la comunicaci\u00f3 entre els nostres pobles i comarques\u201d. Quant a projectes, Momp\u00f3 ha destacat \u201cel desbloqueig de la Ronda de Pedralba, una actuaci\u00f3 enquistada des de fa deu anys, i la finalitzaci\u00f3 del desdoblament en la carretera de Manises a Riba-roja\u201d.<\/p>\n\n\n\n<p class=\"wp-block-paragraph\">Tamb\u00e9 el Consorci Provincial de Bombers que dirigix Avelino Mascarell ha vist incrementat el seu pressupost fins a fregar els 94 milions d&#8217;euros. Amb esta partida, segons ha destacat el president, \u201chem posat el focus en la prevenci\u00f3 a trav\u00e9s de la reorganitzaci\u00f3 de les brigades forestals, s&#8217;ha comen\u00e7at a renovar la flota de vehicles i es traslladar\u00e0 la nova Central Operativa de Bombers a Beniparrell, amb m\u00e9s de 6.000 metres quadrats de superf\u00edcie i un important estalvi en els costos\u201d.<\/p>\n\n\n\n<p class=\"wp-block-paragraph\">En mat\u00e8ria d&#8217;Innovaci\u00f3, l&#8217;\u00e0rea que coordina Juan Ram\u00f3n Adsuara \u201ct\u00e9 la vista posada a convertir els nostres pobles i ciutats en espais intel\u00b7ligents, consolidant la posici\u00f3 actual de Val\u00e8ncia com HUB innovador a nivell internacional\u201d. A m\u00e9s, \u201cajudem els ajuntaments a gestionar l&#8217;obtenci\u00f3 de fons europeus i apliquem un concepte transversal de la innovaci\u00f3 que pot aplicar-se a \u00e0mbits com el turisme o la lluita contra la despoblaci\u00f3\u201d<\/p>\n\n\n\n<p class=\"wp-block-paragraph\">Momp\u00f3 s&#8217;ha referit tamb\u00e9 a l&#8217;aposta pel desenvolupament rural, amb iniciatives com el suport a emprenedors per a protegir l&#8217;hostaleria als pobles i ajudes als agricultors per al control de plagues. Altres pol\u00edtiques de nou encuny s\u00f3n \u201cl&#8217;impuls de la pilota com a esport aut\u00f2cton, amb subvencions a la Federaci\u00f3 i un pla especial per a la rehabilitaci\u00f3 de trinquets, l&#8217;adequaci\u00f3 de casernes de la gu\u00e0rdia civil als pobles i la programaci\u00f3 d&#8217;actes culturals en els municipis, que han pogut disfrutar i continuaran disfrutant de l&#8217;\u00f2pera amb \u2018Els Arts Volant\u2019, el piano amb l&#8217;Iturbi, el teatre de l&#8217;Escalante, la m\u00fasica del Etnomusic o les nostres bandes i exposicions amb el patrimoni art\u00edstic de la Diputaci\u00f3\u201d.<\/p>\n\n\n\n<p class=\"wp-block-paragraph\"><strong>Igualtat i mem\u00f2ria democr\u00e1tica<\/strong><\/p>\n\n\n\n<p class=\"wp-block-paragraph\">La vicepresidenta primera, Nat\u00e0lia Enguix, ha completat el balan\u00e7 d&#8217;este primer any de gesti\u00f3 provincial amb el rep\u00e0s a la resta d&#8217;\u00e0rees que coordina, a m\u00e9s de Cooperaci\u00f3. En el cas d&#8217;Igualtat, la Diputaci\u00f3 \u201cha incrementat fins als 900.000 euros les ajudes als 236 municipis que integren la Xarxa contra la Viol\u00e8ncia de G\u00e8nere i ha duplicat les subvencions a les associacions, que es concedixen per concurr\u00e8ncia competitiva i s\u00f3n prepagables\u201d.<\/p>\n\n\n\n<p class=\"wp-block-paragraph\">Tamb\u00e9 en Mem\u00f2ria Democr\u00e0tica s&#8217;ha produ\u00eft un increment de les ajudes, que aconseguixen els 700.000 euros enguany per a la subvenci\u00f3 d&#8217;una trentena de projectes presentats pels ajuntaments; 200.000 euros de concessi\u00f3 directa per a ajuntaments i associacions en mat\u00e8ria d&#8217;exhumaci\u00f3 i identificaci\u00f3; i altres 150.000 euros per als col\u00b7lectius memorialistes. En este sentit, Enguix ha posat el focus a \u201ctreballar la hist\u00f2ria amb perspectiva de futur, des de l&#8217;educaci\u00f3, el respecte i el coneixement, rescatant eixa part dels fets que algunes generacions desconeixen i que han de con\u00e9ixer perqu\u00e8 no tornen a repetir-se\u201d.<\/p>\n\n\n\n<p class=\"wp-block-paragraph\">En resum, la vicepresidenta ha defensat \u201cles pol\u00edtiques progressistes que hem mantingut en la Diputaci\u00f3 amb total respecte i col\u00b7laboraci\u00f3 per part del president i l&#8217;equip de govern\u201d. \u201cEncara que l&#8217;oposici\u00f3 ha volgut fer veure que determinades \u00e0rees estaven en perill, la realitat \u00e9s que les seues cr\u00edtiques s\u00f3n absolutament injustificades i que estem destinant m\u00e9s recursos no sols a Igualtat i Mem\u00f2ria, sin\u00f3 tamb\u00e9 a Diversitat i a Cooperaci\u00f3 Internacional, on acabem de renovar les ajudes amb les ag\u00e8ncies de l&#8217;ONU en pa\u00efsos en conflicte i altres ONG\u2019s amb pres\u00e8ncia a la prov\u00edncia\u201d.\u2028\u2028Finalment, la responsable de Cooperaci\u00f3 ha fet refer\u00e8ncia a les subvencions per a la recuperaci\u00f3 de patrimoni hist\u00f2ric, tant civil com eclesi\u00e0stic, una l\u00ednia que la Diputaci\u00f3 ha tornat a activar sis anys despr\u00e9s amb l&#8217;objectiu d&#8217;ajudar els municipis a adequar espais que poden convertir-se en \u201cdinamitzadors de la vida social i econ\u00f2mica dels nostres pobles\u201d.<\/p>\n","protected":false},"excerpt":{"rendered":"<div class=\"mh-excerpt\">El president i la vicepresidenta primera fan balan\u00e7 del primer any de govern i coincidixen a destacar la \u2018\u2019bona salut\u2019\u2019 d&#8217;un pacte que \u201cha acostat la instituci\u00f3 a les comarques, amb m\u00e9s inversions i l&#8217;obsessi\u00f3 <a class=\"mh-excerpt-more\" href=\"https:\/\/tucomarca.whitekongsoftware.com\/ca\/vicent-mompo-i-natalia-enguix-recuperen-la-gestio-en-una-diputacio-que-celebra-un-any-mes-proxima-als-municipis\/\" title=\"Vicent Momp\u00f3 i Natalia Enguix recuperen la \u201cgesti\u00f3\u201d en una Diputaci\u00f3 que celebra un any \u201cm\u00e9s pr\u00f2xima als municipis\u201d\">[+] <\/a><\/div>\n","protected":false},"author":12,"featured_media":229659,"comment_status":"open","ping_status":"open","sticky":false,"template":"","format":"standard","meta":{"footnotes":""},"categories":[20520,10898,10948,10894,10904,20456,10947,10896],"tags":[20516,11246,20262,16563],"class_list":["post-229663","post","type-post","status-publish","format-standard","has-post-thumbnail","category-cooperacio-municipal","category-ventana-ca","category-infraestructuras-ca","category-la-comarca-ca","category-sin-categorizar-ca","category-la-diputacio-de-valencia-informa-ca","category-politica","category-seccion-ca","tag-cooperacion-municipal-ca","tag-diputacio-de-valencia-ca","tag-natalia-enguix-ca","tag-vicente-mompo-ca"],"_links":{"self":[{"href":"https:\/\/tucomarca.whitekongsoftware.com\/ca\/wp-json\/wp\/v2\/posts\/229663","targetHints":{"allow":["GET"]}}],"collection":[{"href":"https:\/\/tucomarca.whitekongsoftware.com\/ca\/wp-json\/wp\/v2\/posts"}],"about":[{"href":"https:\/\/tucomarca.whitekongsoftware.com\/ca\/wp-json\/wp\/v2\/types\/post"}],"author":[{"embeddable":true,"href":"https:\/\/tucomarca.whitekongsoftware.com\/ca\/wp-json\/wp\/v2\/users\/12"}],"replies":[{"embeddable":true,"href":"https:\/\/tucomarca.whitekongsoftware.com\/ca\/wp-json\/wp\/v2\/comments?post=229663"}],"version-history":[{"count":0,"href":"https:\/\/tucomarca.whitekongsoftware.com\/ca\/wp-json\/wp\/v2\/posts\/229663\/revisions"}],"wp:featuredmedia":[{"embeddable":true,"href":"https:\/\/tucomarca.whitekongsoftware.com\/ca\/wp-json\/wp\/v2\/media\/229659"}],"wp:attachment":[{"href":"https:\/\/tucomarca.whitekongsoftware.com\/ca\/wp-json\/wp\/v2\/media?parent=229663"}],"wp:term":[{"taxonomy":"category","embeddable":true,"href":"https:\/\/tucomarca.whitekongsoftware.com\/ca\/wp-json\/wp\/v2\/categories?post=229663"},{"taxonomy":"post_tag","embeddable":true,"href":"https:\/\/tucomarca.whitekongsoftware.com\/ca\/wp-json\/wp\/v2\/tags?post=229663"}],"curies":[{"name":"wp","href":"https:\/\/api.w.org\/{rel}","templated":true}]}}