{"id":229632,"date":"2024-07-15T12:45:00","date_gmt":"2024-07-15T10:45:00","guid":{"rendered":"https:\/\/www.tucomarca.com\/wordpress\/segunda\/?p=229632"},"modified":"2024-07-15T18:58:24","modified_gmt":"2024-07-15T16:58:24","slug":"fotogaleria-finalitza-el-cicle-serenates-2024-amb-dues-actuacions-emmarcades-en-lii-curs-de-direccio-lirica-i-de-banda-de-xest","status":"publish","type":"post","link":"https:\/\/tucomarca.whitekongsoftware.com\/ca\/fotogaleria-finalitza-el-cicle-serenates-2024-amb-dues-actuacions-emmarcades-en-lii-curs-de-direccio-lirica-i-de-banda-de-xest\/","title":{"rendered":"Fotogaler\u00eda: finalitza el cicle Serenates 2024 amb dues actuacions emmarcades en l&#8217;II Curs de direcci\u00f3 l\u00edrica i de banda de Xest"},"content":{"rendered":"\n<p class=\"wp-block-paragraph\">El passat cap de setmana Xest va posar fi al cicle Serenates 2024 amb dues actuacions emmarcades en l&#8217;II Curs de direcci\u00f3 l\u00edrica i de banda que organitza la Regidoria de Cultura al costat de l&#8217;Associaci\u00f3 Musical La Lira de Xest i que ha comptat, per segon any consecutiu, amb la guia de Dar\u00edo Sotelo, director de la Banda Simf\u00f2nica de l&#8217;Escola Municipal de M\u00fasica de la Ciutat de Sao Paulo i president de la WASBE (World Association of Symphonic Bands and Ensembles).<\/p>\n\n\n\n<p class=\"wp-block-paragraph\"><strong>Concert l\u00edric<\/strong><\/p>\n\n\n\n<p class=\"wp-block-paragraph\">El divendres, 12 de juliol, el teatre Liceu va acollir una actuaci\u00f3 de m\u00fasica de cambra amb el tenor Mario Corber\u00e1n com a solista. Entre el repertori, es van interpretar peces com el Intermezzo simf\u00f2nic de Cavalleria Rusticana, de Mascagni; el Preludi de La traviata, de Verdi; o Una furtiva ll\u00e0grima d&#8217;Elixir d&#8217;amor, de Donizetti. Tot aix\u00f2 dirigit pels participants de l&#8217;II Curs de direcci\u00f3 l\u00edrica i de banda: Mario Barber\u00e1 Gimenez, Gustavo L\u00f3pez Aceituno, Juli\u00e1n Pollatos Fern\u00e1ndez i Victor Manuel Rodrigo.<\/p>\n\n\n\n<p class=\"wp-block-paragraph\">\u201cAquest concert se celebra perqu\u00e8 els directors que participen en el Curs de direcci\u00f3 mostren el treball realitzat\u201d, anunciava la regidora de Cultura, M\u00aa \u00c1ngeles Llorente, en la presentaci\u00f3 de l&#8217;acte. \u201cEl curs consta de diverses classes magistrals que ha oferit Dar\u00edo Sotelo; una taula redona, celebrada ahir, sobre la figura del director; el concert de hui i el concert de clausura del curs, que se celebrar\u00e0 dem\u00e0. M&#8217;agradaria ressaltar la import\u00e0ncia d&#8217;aquest curs, que ha comptat amb la participaci\u00f3 d&#8217;importants mestres i que ens converteix en referents de la cultura i de la m\u00fasica de banda. Perqu\u00e8 vegen que no exagere, nom\u00e9s cal veure el curr\u00edculum de Dar\u00edo Sotelo, que ha viatjat des del Brasil per a oferir-nos el regal del seu magisteri, l&#8217;any passat i est\u201d.<\/p>\n\n\n\n<p class=\"wp-block-paragraph\"><strong>Concert simf\u00f2nic<\/strong><\/p>\n\n\n\n<p class=\"wp-block-paragraph\">El dissabte, 13 de juliol, l&#8217;II Curs de direcci\u00f3 arribava a la seua fi i posava el fermall d&#8217;or al cicle Serenates 2024 amb l&#8217;actuaci\u00f3 de la Banda Simf\u00f2nica de l&#8217;AM La Lira de Xest, en la pla\u00e7a Doctor Cajal.<\/p>\n\n\n\n<p class=\"wp-block-paragraph\">La regidora de Cultura va ser l&#8217;encarregada de presentar el concert, posant en valor tant l&#8217;II Curs de direcci\u00f3 com el cicle de serenates desenvolupat en la localitat. \u201c\u00c9s necessari valorar i cuidar el que tenim. El mestre Dar\u00edo Sotelo ens contava que en Sao Paulo, per a 20 milions d&#8217;habitants nom\u00e9s tenen dos conservatoris en els quals poden estudiar m\u00fasica solament 800 alumnes en cadascun d&#8217;ells. Imaginen-se quants alumnes de 20 milions poden accedir als estudis musicals. Tant Sotelo, com Rafael Sanz-Espert i David Rivas, directors i compositor que ens van acompanyar en la taula redona, ens parlaven de la gran banda simf\u00f2nica que tenim a Xest i dels assoliments del seu director, Javier Engu\u00eddanos Morat\u00f3\u201d, declarava Llorente.<\/p>\n\n\n\n<p class=\"wp-block-paragraph\">Per part seua, el director de la Banda Simf\u00f2nica La Lira, Javier Engu\u00eddanos, va dedicar unes paraules al p\u00fablic per a subratllar l&#8217;experi\u00e8ncia viscuda en el marc del curs de direcci\u00f3. \u201cHem assajat de dilluns a divendres totes les nits, i s&#8217;han impartit classes totes les vesprades d&#8217;aquesta setmana. Per\u00f2 el concert de hui tamb\u00e9 ve d&#8217;un treball previ en les setmanes anteriors que ha perm\u00e9s que la banda adquirisca una seguretat per a treballar aquests dies amb diferents directors\u201d, explicava Engu\u00eddanos. \u201cD&#8217;altra banda, durant el curs, Dar\u00edo no sols ha format als directors, sin\u00f3 que ha compartit la seua experi\u00e8ncia amb els m\u00fasics, i no sols parle de q\u00fcestions musicals, sin\u00f3 d&#8217;aprenentatges a nivell hum\u00e0\u201d. El director va agrair a la corporaci\u00f3 municipal el seu constant suport i va demanar a Sanz-Espert, que estava entre el p\u00fablic, que compartira les seues impressions sobre la banda chestana. \u201cL&#8217;altre dia, veient l&#8217;assaig de la banda, em vaig quedar sorpr\u00e9s perqu\u00e8 s&#8217;ha canalitzat un programa dificil\u00edssim i a m\u00e9s, dirigit per directors novells, amb la qual cosa el risc i el m\u00e8rit \u00e9s molt major\u201d, declarava Sanz-Espert.<\/p>\n\n\n\n<p class=\"wp-block-paragraph\">Tamb\u00e9 Sotelo va voler dirigir-se al p\u00fablic per a agrair la realitzaci\u00f3 d&#8217;un curs que, en les seues paraules, \u201cvisibilitza el treball del director i la seua preparaci\u00f3 pr\u00e8via\u201d. Tal com va expressar el professor, \u201cla direcci\u00f3 no t\u00e9 sentit sense que tots els m\u00fasics estiguen disposats a compartir la seua emoci\u00f3 i la seua habilitat de tocar un instrument amb el director i amb els seus companys\u201d.<\/p>\n\n\n\n<p class=\"wp-block-paragraph\">Despr\u00e9s dels discursos, la Banda Simf\u00f2nica, sota la direcci\u00f3 dels participants en el curs de direcci\u00f3 i del seu director titular, va interpretar Festive Overture, de Xostak\u00f3vitx; Finisterra, a fi do m\u00f3n, de David Rivas; Overture to Candide, de Bernstein; Strange Humors, de John Mackey, el preludi de La Revoltosa, de Chap\u00ed; Paguen danses, de James Barnes; i With heart and voice, de Gilligham. L&#8217;actuaci\u00f3 va finalitzar amb el lliurament de diplomes per als directors participants, de la m\u00e0 de l&#8217;alcalde de Xest, Jos\u00e9 Morell, i de M\u00aa \u00c1ngeles Llorente, i amb la interpretaci\u00f3 de l&#8217;Himne Regional Valenci\u00e0, de Jos\u00e9 Serrano.<\/p>\n\n\n\n<figure class=\"wp-block-gallery has-nested-images columns-2 is-cropped wp-block-gallery-1 is-layout-flex wp-block-gallery-is-layout-flex\">\n<figure class=\"wp-block-image size-large\"><img loading=\"lazy\" decoding=\"async\" width=\"1024\" height=\"683\" data-id=\"229613\" src=\"https:\/\/www.tucomarca.com\/wordpress\/segunda\/wp-content\/uploads\/2024\/07\/240715_Serenata_Concierto-lirico_2-1024x683.jpg\" alt=\"\" class=\"wp-image-229613\" srcset=\"https:\/\/tucomarca.whitekongsoftware.com\/wp-content\/uploads\/2024\/07\/240715_Serenata_Concierto-lirico_2-1024x683.jpg 1024w, https:\/\/tucomarca.whitekongsoftware.com\/wp-content\/uploads\/2024\/07\/240715_Serenata_Concierto-lirico_2-300x200.jpg 300w, https:\/\/tucomarca.whitekongsoftware.com\/wp-content\/uploads\/2024\/07\/240715_Serenata_Concierto-lirico_2-768x512.jpg 768w, https:\/\/tucomarca.whitekongsoftware.com\/wp-content\/uploads\/2024\/07\/240715_Serenata_Concierto-lirico_2-1536x1024.jpg 1536w, https:\/\/tucomarca.whitekongsoftware.com\/wp-content\/uploads\/2024\/07\/240715_Serenata_Concierto-lirico_2-2048x1365.jpg 2048w\" sizes=\"auto, (max-width: 1024px) 100vw, 1024px\" \/><\/figure>\n\n\n\n<figure class=\"wp-block-image size-large\"><img loading=\"lazy\" decoding=\"async\" width=\"1024\" height=\"683\" data-id=\"229615\" src=\"https:\/\/www.tucomarca.com\/wordpress\/segunda\/wp-content\/uploads\/2024\/07\/240715_Serenata_Concierto-lirico_1-1024x683.jpg\" alt=\"\" class=\"wp-image-229615\" srcset=\"https:\/\/tucomarca.whitekongsoftware.com\/wp-content\/uploads\/2024\/07\/240715_Serenata_Concierto-lirico_1-1024x683.jpg 1024w, https:\/\/tucomarca.whitekongsoftware.com\/wp-content\/uploads\/2024\/07\/240715_Serenata_Concierto-lirico_1-300x200.jpg 300w, https:\/\/tucomarca.whitekongsoftware.com\/wp-content\/uploads\/2024\/07\/240715_Serenata_Concierto-lirico_1-768x512.jpg 768w, https:\/\/tucomarca.whitekongsoftware.com\/wp-content\/uploads\/2024\/07\/240715_Serenata_Concierto-lirico_1-1536x1024.jpg 1536w, https:\/\/tucomarca.whitekongsoftware.com\/wp-content\/uploads\/2024\/07\/240715_Serenata_Concierto-lirico_1-2048x1365.jpg 2048w\" sizes=\"auto, (max-width: 1024px) 100vw, 1024px\" \/><\/figure>\n\n\n\n<figure class=\"wp-block-image size-large\"><img loading=\"lazy\" decoding=\"async\" width=\"1024\" height=\"683\" data-id=\"229617\" src=\"https:\/\/www.tucomarca.com\/wordpress\/segunda\/wp-content\/uploads\/2024\/07\/240715_Serenata_Concierto-sinfonico_9-1024x683.jpg\" alt=\"\" class=\"wp-image-229617\" srcset=\"https:\/\/tucomarca.whitekongsoftware.com\/wp-content\/uploads\/2024\/07\/240715_Serenata_Concierto-sinfonico_9-1024x683.jpg 1024w, https:\/\/tucomarca.whitekongsoftware.com\/wp-content\/uploads\/2024\/07\/240715_Serenata_Concierto-sinfonico_9-300x200.jpg 300w, https:\/\/tucomarca.whitekongsoftware.com\/wp-content\/uploads\/2024\/07\/240715_Serenata_Concierto-sinfonico_9-768x512.jpg 768w, https:\/\/tucomarca.whitekongsoftware.com\/wp-content\/uploads\/2024\/07\/240715_Serenata_Concierto-sinfonico_9-1536x1024.jpg 1536w, https:\/\/tucomarca.whitekongsoftware.com\/wp-content\/uploads\/2024\/07\/240715_Serenata_Concierto-sinfonico_9-2048x1365.jpg 2048w\" sizes=\"auto, (max-width: 1024px) 100vw, 1024px\" \/><\/figure>\n\n\n\n<figure class=\"wp-block-image size-large\"><img loading=\"lazy\" decoding=\"async\" width=\"1024\" height=\"683\" data-id=\"229619\" src=\"https:\/\/www.tucomarca.com\/wordpress\/segunda\/wp-content\/uploads\/2024\/07\/240715_Serenata_Concierto-sinfonico_11-1024x683.jpg\" alt=\"\" class=\"wp-image-229619\" srcset=\"https:\/\/tucomarca.whitekongsoftware.com\/wp-content\/uploads\/2024\/07\/240715_Serenata_Concierto-sinfonico_11-1024x683.jpg 1024w, https:\/\/tucomarca.whitekongsoftware.com\/wp-content\/uploads\/2024\/07\/240715_Serenata_Concierto-sinfonico_11-300x200.jpg 300w, https:\/\/tucomarca.whitekongsoftware.com\/wp-content\/uploads\/2024\/07\/240715_Serenata_Concierto-sinfonico_11-768x512.jpg 768w, https:\/\/tucomarca.whitekongsoftware.com\/wp-content\/uploads\/2024\/07\/240715_Serenata_Concierto-sinfonico_11-1536x1024.jpg 1536w, https:\/\/tucomarca.whitekongsoftware.com\/wp-content\/uploads\/2024\/07\/240715_Serenata_Concierto-sinfonico_11-2048x1365.jpg 2048w\" sizes=\"auto, (max-width: 1024px) 100vw, 1024px\" \/><\/figure>\n\n\n\n<figure class=\"wp-block-image size-large\"><img loading=\"lazy\" decoding=\"async\" width=\"1024\" height=\"683\" data-id=\"229621\" src=\"https:\/\/www.tucomarca.com\/wordpress\/segunda\/wp-content\/uploads\/2024\/07\/240715_Serenata_Concierto-sinfonico_13-1024x683.jpg\" alt=\"\" class=\"wp-image-229621\" srcset=\"https:\/\/tucomarca.whitekongsoftware.com\/wp-content\/uploads\/2024\/07\/240715_Serenata_Concierto-sinfonico_13-1024x683.jpg 1024w, https:\/\/tucomarca.whitekongsoftware.com\/wp-content\/uploads\/2024\/07\/240715_Serenata_Concierto-sinfonico_13-300x200.jpg 300w, https:\/\/tucomarca.whitekongsoftware.com\/wp-content\/uploads\/2024\/07\/240715_Serenata_Concierto-sinfonico_13-768x512.jpg 768w, https:\/\/tucomarca.whitekongsoftware.com\/wp-content\/uploads\/2024\/07\/240715_Serenata_Concierto-sinfonico_13-1536x1024.jpg 1536w, https:\/\/tucomarca.whitekongsoftware.com\/wp-content\/uploads\/2024\/07\/240715_Serenata_Concierto-sinfonico_13-2048x1365.jpg 2048w\" sizes=\"auto, (max-width: 1024px) 100vw, 1024px\" \/><\/figure>\n\n\n\n<figure class=\"wp-block-image size-large\"><img loading=\"lazy\" decoding=\"async\" width=\"1024\" height=\"683\" data-id=\"229623\" src=\"https:\/\/www.tucomarca.com\/wordpress\/segunda\/wp-content\/uploads\/2024\/07\/240715_Serenata_Concierto-sinfonico_8-1024x683.jpg\" alt=\"\" class=\"wp-image-229623\" srcset=\"https:\/\/tucomarca.whitekongsoftware.com\/wp-content\/uploads\/2024\/07\/240715_Serenata_Concierto-sinfonico_8-1024x683.jpg 1024w, https:\/\/tucomarca.whitekongsoftware.com\/wp-content\/uploads\/2024\/07\/240715_Serenata_Concierto-sinfonico_8-300x200.jpg 300w, https:\/\/tucomarca.whitekongsoftware.com\/wp-content\/uploads\/2024\/07\/240715_Serenata_Concierto-sinfonico_8-768x512.jpg 768w, https:\/\/tucomarca.whitekongsoftware.com\/wp-content\/uploads\/2024\/07\/240715_Serenata_Concierto-sinfonico_8-1536x1024.jpg 1536w, https:\/\/tucomarca.whitekongsoftware.com\/wp-content\/uploads\/2024\/07\/240715_Serenata_Concierto-sinfonico_8-2048x1365.jpg 2048w\" sizes=\"auto, (max-width: 1024px) 100vw, 1024px\" \/><\/figure>\n\n\n\n<figure class=\"wp-block-image size-large\"><img loading=\"lazy\" decoding=\"async\" width=\"1024\" height=\"683\" data-id=\"229625\" src=\"https:\/\/www.tucomarca.com\/wordpress\/segunda\/wp-content\/uploads\/2024\/07\/240715_Serenata_Concierto-sinfonico_10-1024x683.jpg\" alt=\"\" class=\"wp-image-229625\" srcset=\"https:\/\/tucomarca.whitekongsoftware.com\/wp-content\/uploads\/2024\/07\/240715_Serenata_Concierto-sinfonico_10-1024x683.jpg 1024w, https:\/\/tucomarca.whitekongsoftware.com\/wp-content\/uploads\/2024\/07\/240715_Serenata_Concierto-sinfonico_10-300x200.jpg 300w, https:\/\/tucomarca.whitekongsoftware.com\/wp-content\/uploads\/2024\/07\/240715_Serenata_Concierto-sinfonico_10-768x512.jpg 768w, https:\/\/tucomarca.whitekongsoftware.com\/wp-content\/uploads\/2024\/07\/240715_Serenata_Concierto-sinfonico_10-1536x1024.jpg 1536w, https:\/\/tucomarca.whitekongsoftware.com\/wp-content\/uploads\/2024\/07\/240715_Serenata_Concierto-sinfonico_10-2048x1365.jpg 2048w\" sizes=\"auto, (max-width: 1024px) 100vw, 1024px\" \/><\/figure>\n\n\n\n<figure class=\"wp-block-image size-large\"><img loading=\"lazy\" decoding=\"async\" width=\"1024\" height=\"683\" data-id=\"229627\" src=\"https:\/\/www.tucomarca.com\/wordpress\/segunda\/wp-content\/uploads\/2024\/07\/240715_Serenata_Concierto-sinfonico_12-1024x683.jpg\" alt=\"\" class=\"wp-image-229627\" srcset=\"https:\/\/tucomarca.whitekongsoftware.com\/wp-content\/uploads\/2024\/07\/240715_Serenata_Concierto-sinfonico_12-1024x683.jpg 1024w, https:\/\/tucomarca.whitekongsoftware.com\/wp-content\/uploads\/2024\/07\/240715_Serenata_Concierto-sinfonico_12-300x200.jpg 300w, https:\/\/tucomarca.whitekongsoftware.com\/wp-content\/uploads\/2024\/07\/240715_Serenata_Concierto-sinfonico_12-768x512.jpg 768w, https:\/\/tucomarca.whitekongsoftware.com\/wp-content\/uploads\/2024\/07\/240715_Serenata_Concierto-sinfonico_12-1536x1024.jpg 1536w, https:\/\/tucomarca.whitekongsoftware.com\/wp-content\/uploads\/2024\/07\/240715_Serenata_Concierto-sinfonico_12-2048x1365.jpg 2048w\" sizes=\"auto, (max-width: 1024px) 100vw, 1024px\" \/><\/figure>\n\n\n\n<figure class=\"wp-block-image size-large\"><img loading=\"lazy\" decoding=\"async\" width=\"1024\" height=\"683\" data-id=\"229629\" src=\"https:\/\/www.tucomarca.com\/wordpress\/segunda\/wp-content\/uploads\/2024\/07\/240715_Serenata_Concierto-sinfonico_7-1024x683.jpg\" alt=\"\" class=\"wp-image-229629\" srcset=\"https:\/\/tucomarca.whitekongsoftware.com\/wp-content\/uploads\/2024\/07\/240715_Serenata_Concierto-sinfonico_7-1024x683.jpg 1024w, https:\/\/tucomarca.whitekongsoftware.com\/wp-content\/uploads\/2024\/07\/240715_Serenata_Concierto-sinfonico_7-300x200.jpg 300w, https:\/\/tucomarca.whitekongsoftware.com\/wp-content\/uploads\/2024\/07\/240715_Serenata_Concierto-sinfonico_7-768x512.jpg 768w, https:\/\/tucomarca.whitekongsoftware.com\/wp-content\/uploads\/2024\/07\/240715_Serenata_Concierto-sinfonico_7-1536x1024.jpg 1536w, https:\/\/tucomarca.whitekongsoftware.com\/wp-content\/uploads\/2024\/07\/240715_Serenata_Concierto-sinfonico_7-2048x1365.jpg 2048w\" sizes=\"auto, (max-width: 1024px) 100vw, 1024px\" \/><\/figure>\n<\/figure>\n","protected":false},"excerpt":{"rendered":"<div class=\"mh-excerpt\">El passat cap de setmana Xest va posar fi al cicle Serenates 2024 amb dues actuacions emmarcades en l&#8217;II Curs de direcci\u00f3 l\u00edrica i de banda que organitza la Regidoria de Cultura al costat de <a class=\"mh-excerpt-more\" href=\"https:\/\/tucomarca.whitekongsoftware.com\/ca\/fotogaleria-finalitza-el-cicle-serenates-2024-amb-dues-actuacions-emmarcades-en-lii-curs-de-direccio-lirica-i-de-banda-de-xest\/\" title=\"Fotogaler\u00eda: finalitza el cicle Serenates 2024 amb dues actuacions emmarcades en l&#8217;II Curs de direcci\u00f3 l\u00edrica i de banda de Xest\">[+] <\/a><\/div>\n","protected":false},"author":13,"featured_media":229612,"comment_status":"open","ping_status":"open","sticky":false,"template":"","format":"gallery","meta":{"footnotes":""},"categories":[11005,10894,10912,11007,10896,10974],"tags":[11071,20859,20778,15856],"class_list":["post-229632","post","type-post","status-publish","format-gallery","has-post-thumbnail","category-canal-musica","category-la-comarca-ca","category-la-hoya-ca","category-ocio-y-cultura-ca","category-seccion-ca","category-cheste-ca","tag-cheste","tag-la-hoya-de-bunol-chiva-4-ca","tag-musica-2-ca","tag-ocio-y-cultura-ca","post_format-post-format-gallery"],"_links":{"self":[{"href":"https:\/\/tucomarca.whitekongsoftware.com\/ca\/wp-json\/wp\/v2\/posts\/229632","targetHints":{"allow":["GET"]}}],"collection":[{"href":"https:\/\/tucomarca.whitekongsoftware.com\/ca\/wp-json\/wp\/v2\/posts"}],"about":[{"href":"https:\/\/tucomarca.whitekongsoftware.com\/ca\/wp-json\/wp\/v2\/types\/post"}],"author":[{"embeddable":true,"href":"https:\/\/tucomarca.whitekongsoftware.com\/ca\/wp-json\/wp\/v2\/users\/13"}],"replies":[{"embeddable":true,"href":"https:\/\/tucomarca.whitekongsoftware.com\/ca\/wp-json\/wp\/v2\/comments?post=229632"}],"version-history":[{"count":0,"href":"https:\/\/tucomarca.whitekongsoftware.com\/ca\/wp-json\/wp\/v2\/posts\/229632\/revisions"}],"wp:featuredmedia":[{"embeddable":true,"href":"https:\/\/tucomarca.whitekongsoftware.com\/ca\/wp-json\/wp\/v2\/media\/229612"}],"wp:attachment":[{"href":"https:\/\/tucomarca.whitekongsoftware.com\/ca\/wp-json\/wp\/v2\/media?parent=229632"}],"wp:term":[{"taxonomy":"category","embeddable":true,"href":"https:\/\/tucomarca.whitekongsoftware.com\/ca\/wp-json\/wp\/v2\/categories?post=229632"},{"taxonomy":"post_tag","embeddable":true,"href":"https:\/\/tucomarca.whitekongsoftware.com\/ca\/wp-json\/wp\/v2\/tags?post=229632"}],"curies":[{"name":"wp","href":"https:\/\/api.w.org\/{rel}","templated":true}]}}