{"id":229485,"date":"2024-07-13T11:30:00","date_gmt":"2024-07-13T09:30:00","guid":{"rendered":"https:\/\/www.tucomarca.com\/wordpress\/segunda\/?p=229485"},"modified":"2024-07-13T12:03:46","modified_gmt":"2024-07-13T10:03:46","slug":"detingut-un-home-acusat-de-matar-a-la-seua-parella-una-dona-de-32-anys-a-la-urbanitzacio-bunyolense-de-ventamina","status":"publish","type":"post","link":"https:\/\/tucomarca.whitekongsoftware.com\/ca\/detingut-un-home-acusat-de-matar-a-la-seua-parella-una-dona-de-32-anys-a-la-urbanitzacio-bunyolense-de-ventamina\/","title":{"rendered":"Detingut un home acusat de matar a la seua parella, una dona de 32 anys, a la urbanitzaci\u00f3 bunyolense de Ventamina"},"content":{"rendered":"\n<h3 class=\"wp-block-heading\">El presumpte assass\u00ed va iniciar una temer\u00e0ria fugida per la A-3 fins a l&#8217;Avinguda del Cid de Val\u00e8ncia on va ser detingut despr\u00e9s de ser interceptat al xocar amb diversos vehicles de la Gu\u00e0rdia Civil.&nbsp;<\/h3>\n\n\n\n<h3 class=\"wp-block-heading\">L&#8217;Ajuntament de Bunyol susp\u00e9n tots els actes del cap de setmana i convoca un minut de silenci aquest diumenge al mat\u00ed.<\/h3>\n\n\n\n<p class=\"wp-block-paragraph\">La Gu\u00e0rdia Civil ha detingut a les huit del mat\u00ed d&#8217;aquest dissabte en l&#8217;Avinguda del Cid de Val\u00e8ncia despr\u00e9s d&#8217;una persecuci\u00f3 policial per l&#8217;Autovia A-3 a un home de 50 anys i de nacionalitat argentina que presumptament ha matat a la seua parella, una dona de 32 anys i que les seues inicials s\u00f3n J. D., en el terme municipal de Bunyol, concretament a la urbanitzaci\u00f3 de Ventamina, despr\u00e9s del que s&#8217;ha donat a la fugida amb el seu vehicle que ha sigut detingut despr\u00e9s de xocar contra dos cotxes de la Gu\u00e0rdia Civil. El detingut va donar positiu en alcohol i coca\u00efna.<\/p>\n\n\n\n<p class=\"wp-block-paragraph\">Durant la detenci\u00f3, dos gu\u00e0rdies civils han resultardo ferits: un d&#8217;ells, de 39 anys, amb politraumatisme, ha sigut traslladat per un SAMU a l&#8217;Hospital General de Val\u00e8ncia; i un altre, de 43 anys, amb una fuetada cervical, per un SVB a l&#8217;Hospital 9 d&#8217;Octubre.<\/p>\n\n\n\n<p class=\"wp-block-paragraph\">Segons fonts policials, hauria sigut l&#8217;exmuller del presumpte homicida la que hauria donat av\u00eds al 112 poc abans de les set i mitja del mat\u00ed, advertint que el seu exmarit li havia dit que havia matat a&nbsp;la seua actual parella a qui, segons ha transcendit, podria haver matat a colps i ganivetades.<\/p>\n\n\n\n<p class=\"wp-block-paragraph\">Es dona la circumst\u00e0ncia que al novembre de l&#8217;any passat la v\u00edctima va presentar una den\u00fancia per maltractaments, per\u00f2 va rebutjar protecci\u00f3.<\/p>\n\n\n\n<p class=\"wp-block-paragraph\"><strong>L&#8217;Ajuntament de Bunyol susp\u00e9n tots els actes del cap de setmana<\/strong><\/p>\n\n\n\n<p class=\"wp-block-paragraph\">Des de l&#8217;Ajuntament de Bunyol han condemnat &#8220;a aquesta xacra de la viol\u00e8ncia de g\u00e8nere&#8221; i han donat el seu &#8220;condol i condolences a familiars i amics&#8221;.<\/p>\n\n\n\n<p class=\"wp-block-paragraph\">A l&#8217;una, el govern local ha anunciat que se suspenen tots els actes previstos aquest cap de setmana i es convoca per a dem\u00e0, diumenge, un minut de silenci a les 12,00 hores a la porta de l&#8217;Ajuntament.<\/p>\n","protected":false},"excerpt":{"rendered":"<div class=\"mh-excerpt\">El presumpte assass\u00ed va iniciar una temer\u00e0ria fugida per la A-3 fins a l&#8217;Avinguda del Cid de Val\u00e8ncia on va ser detingut despr\u00e9s de ser interceptat al xocar amb diversos vehicles de la Gu\u00e0rdia Civil.&nbsp; <a class=\"mh-excerpt-more\" href=\"https:\/\/tucomarca.whitekongsoftware.com\/ca\/detingut-un-home-acusat-de-matar-a-la-seua-parella-una-dona-de-32-anys-a-la-urbanitzacio-bunyolense-de-ventamina\/\" title=\"Detingut un home acusat de matar a la seua parella, una dona de 32 anys, a la urbanitzaci\u00f3 bunyolense de Ventamina\">[+] <\/a><\/div>\n","protected":false},"author":1,"featured_media":215490,"comment_status":"open","ping_status":"open","sticky":false,"template":"","format":"standard","meta":{"footnotes":""},"categories":[10911,10898,10894,10904,10912,10896,10897],"tags":[10913,11118,10914,10901],"class_list":["post-229485","post","type-post","status-publish","format-standard","has-post-thumbnail","category-bunol-ca","category-ventana-ca","category-la-comarca-ca","category-sin-categorizar-ca","category-la-hoya-ca","category-seccion-ca","category-sucesos-la-comarca-ca","tag-bunol-ca","tag-guardia-civil-ca","tag-la-hoya-de-bunol-chiva-ca","tag-sucesos-ca"],"_links":{"self":[{"href":"https:\/\/tucomarca.whitekongsoftware.com\/ca\/wp-json\/wp\/v2\/posts\/229485","targetHints":{"allow":["GET"]}}],"collection":[{"href":"https:\/\/tucomarca.whitekongsoftware.com\/ca\/wp-json\/wp\/v2\/posts"}],"about":[{"href":"https:\/\/tucomarca.whitekongsoftware.com\/ca\/wp-json\/wp\/v2\/types\/post"}],"author":[{"embeddable":true,"href":"https:\/\/tucomarca.whitekongsoftware.com\/ca\/wp-json\/wp\/v2\/users\/1"}],"replies":[{"embeddable":true,"href":"https:\/\/tucomarca.whitekongsoftware.com\/ca\/wp-json\/wp\/v2\/comments?post=229485"}],"version-history":[{"count":0,"href":"https:\/\/tucomarca.whitekongsoftware.com\/ca\/wp-json\/wp\/v2\/posts\/229485\/revisions"}],"wp:featuredmedia":[{"embeddable":true,"href":"https:\/\/tucomarca.whitekongsoftware.com\/ca\/wp-json\/wp\/v2\/media\/215490"}],"wp:attachment":[{"href":"https:\/\/tucomarca.whitekongsoftware.com\/ca\/wp-json\/wp\/v2\/media?parent=229485"}],"wp:term":[{"taxonomy":"category","embeddable":true,"href":"https:\/\/tucomarca.whitekongsoftware.com\/ca\/wp-json\/wp\/v2\/categories?post=229485"},{"taxonomy":"post_tag","embeddable":true,"href":"https:\/\/tucomarca.whitekongsoftware.com\/ca\/wp-json\/wp\/v2\/tags?post=229485"}],"curies":[{"name":"wp","href":"https:\/\/api.w.org\/{rel}","templated":true}]}}