{"id":229310,"date":"2024-07-11T15:00:00","date_gmt":"2024-07-11T13:00:00","guid":{"rendered":"https:\/\/www.tucomarca.com\/wordpress\/segunda\/?p=229310"},"modified":"2024-07-11T18:59:20","modified_gmt":"2024-07-11T16:59:20","slug":"les-bandes-juvenils-de-larmonica-i-de-lartistica-assagen-conjuntament-a-bunyol-per-al-off-certamen-dirigides-per-andres-valero-castells","status":"publish","type":"post","link":"https:\/\/tucomarca.whitekongsoftware.com\/ca\/les-bandes-juvenils-de-larmonica-i-de-lartistica-assagen-conjuntament-a-bunyol-per-al-off-certamen-dirigides-per-andres-valero-castells\/","title":{"rendered":"Les bandes juvenils de &#8220;L&#8217;Arm\u00f2nica&#8221; i de &#8220;L&#8217;Art\u00edstica&#8221; assagen conjuntament a Bunyol per al Off Certamen dirigides per Andr\u00e9s Valero Castells"},"content":{"rendered":"\n<p class=\"wp-block-paragraph\">Les bandes juvenils del Centre Instructiu Musical &#8220;L&#8217;Arm\u00f2nica&#8221; i de la Societat Musical &#8220;L&#8217;Art\u00edstica&#8221; de Bunyol han realitzat un assaig conjunt en el Passeig de Sant Llu\u00eds de la citada localitat per al Off Certamen, una jornada que es desenvolupar\u00e0 aquest diumenge al mat\u00ed a Val\u00e8ncia, i l&#8217;assaig del qual ha sigut dirigit per Andr\u00e9s Valero Castells.<\/p>\n\n\n\n<p class=\"wp-block-paragraph\">El Off Certamen \u00e9s una proposta musical oberta al p\u00fablic que tindr\u00e0 lloc durant el mat\u00ed d&#8217;aquest diumenge, 14 de juliol, en el Teatre Principal, en la Pla\u00e7a de l&#8217;Ajuntament i en el trajecte entre tots dos edificis de la capital valenciana, l&#8217;esdeveniment musical comptar\u00e0 amb la participaci\u00f3 de cinc bandes juvenils: Centre Instructiu Musical &#8220;L&#8217;Arm\u00f2nica&#8221; de Bunyol; Societat Musical &#8220;L&#8217;Art\u00edstica&#8221; de Bunyol; Ateneu Musical Schola Cantorum, de la Vall d&#8217;Uix\u00f3; Banda Simf\u00f2nica Va unir Musical de Ll\u00edria i la Societat Instructiva Uni\u00f3 Musical de Tavernes de la Valldigna.<\/p>\n\n\n\n<figure class=\"wp-block-gallery has-nested-images columns-1 is-cropped wp-block-gallery-1 is-layout-flex wp-block-gallery-is-layout-flex\">\n<figure class=\"wp-block-image size-large\"><img loading=\"lazy\" decoding=\"async\" width=\"945\" height=\"630\" data-id=\"229303\" src=\"https:\/\/www.tucomarca.com\/wordpress\/segunda\/wp-content\/uploads\/2024\/07\/JuvenilesBandasOff_3.jpg\" alt=\"\" class=\"wp-image-229303\" srcset=\"https:\/\/tucomarca.whitekongsoftware.com\/wp-content\/uploads\/2024\/07\/JuvenilesBandasOff_3.jpg 945w, https:\/\/tucomarca.whitekongsoftware.com\/wp-content\/uploads\/2024\/07\/JuvenilesBandasOff_3-300x200.jpg 300w, https:\/\/tucomarca.whitekongsoftware.com\/wp-content\/uploads\/2024\/07\/JuvenilesBandasOff_3-768x512.jpg 768w\" sizes=\"auto, (max-width: 945px) 100vw, 945px\" \/><\/figure>\n<\/figure>\n\n\n\n<p class=\"wp-block-paragraph\">El primer acte programat a les 11,45 hores \u00e9s la interpretaci\u00f3 de la \u2018Fanf\u00e0rria valenciana\u2019, d&#8217;Andr\u00e9s Valero, una obra composta per a quintet de metalls per enc\u00e0rrec del IVC, des de la fa\u00e7ana del Teatre Principal de Val\u00e8ncia. A continuaci\u00f3, a l&#8217;interior del Teatre Principal, les cinc bandes juvenils interpretaran conjuntament el pasdoble \u2018X\u00e0bia\u2019, de Salvador Salv\u00e1.<\/p>\n\n\n\n<p class=\"wp-block-paragraph\">Despr\u00e9s, per a tancar el primer acte del Off Certamen, tindr\u00e0 lloc la interpretaci\u00f3 de l&#8217;himne de la Comunitat Valenciana, compost pel mestre Jos\u00e9 Serrano, per la cantant valenciana Melani Garc\u00eda, guanyadora de la quarta temporada de La Veu Kids i representant de Televisi\u00f3 Espanyola en el Festival d&#8217;Eurovisi\u00f3 J\u00fanior 2019.<\/p>\n\n\n\n<p class=\"wp-block-paragraph\">La segona part de l&#8217;activitat se celebrar\u00e0 en la Pla\u00e7a de l&#8217;Ajuntament a les 13,30 hores, amb la interpretaci\u00f3 del pasdoble \u2018Val\u00e8ncia\u2019, de Jos\u00e9 Padilla, a c\u00e0rrec de les cinc bandes juvenils formades enfront de l&#8217;Ajuntament i dirigides pel director musical de l&#8217;esdeveniment, Andr\u00e9s Valero.<\/p>\n\n\n\n<figure class=\"wp-block-gallery has-nested-images columns-1 is-cropped wp-block-gallery-2 is-layout-flex wp-block-gallery-is-layout-flex\">\n<figure class=\"wp-block-image size-large\"><img loading=\"lazy\" decoding=\"async\" width=\"945\" height=\"630\" data-id=\"229307\" src=\"https:\/\/www.tucomarca.com\/wordpress\/segunda\/wp-content\/uploads\/2024\/07\/JuvenilesBandasOff_2.jpg\" alt=\"\" class=\"wp-image-229307\" srcset=\"https:\/\/tucomarca.whitekongsoftware.com\/wp-content\/uploads\/2024\/07\/JuvenilesBandasOff_2.jpg 945w, https:\/\/tucomarca.whitekongsoftware.com\/wp-content\/uploads\/2024\/07\/JuvenilesBandasOff_2-300x200.jpg 300w, https:\/\/tucomarca.whitekongsoftware.com\/wp-content\/uploads\/2024\/07\/JuvenilesBandasOff_2-768x512.jpg 768w\" sizes=\"auto, (max-width: 945px) 100vw, 945px\" \/><\/figure>\n<\/figure>\n","protected":false},"excerpt":{"rendered":"<div class=\"mh-excerpt\">Les bandes juvenils del Centre Instructiu Musical &#8220;L&#8217;Arm\u00f2nica&#8221; i de la Societat Musical &#8220;L&#8217;Art\u00edstica&#8221; de Bunyol han realitzat un assaig conjunt en el Passeig de Sant Llu\u00eds de la citada localitat per al Off Certamen, <a class=\"mh-excerpt-more\" href=\"https:\/\/tucomarca.whitekongsoftware.com\/ca\/les-bandes-juvenils-de-larmonica-i-de-lartistica-assagen-conjuntament-a-bunyol-per-al-off-certamen-dirigides-per-andres-valero-castells\/\" title=\"Les bandes juvenils de &#8220;L&#8217;Arm\u00f2nica&#8221; i de &#8220;L&#8217;Art\u00edstica&#8221; assagen conjuntament a Bunyol per al Off Certamen dirigides per Andr\u00e9s Valero Castells\">[+] <\/a><\/div>\n","protected":false},"author":12,"featured_media":229306,"comment_status":"open","ping_status":"open","sticky":false,"template":"","format":"gallery","meta":{"footnotes":""},"categories":[11019,10911,11005,10898,10894,10912,11007,10896],"tags":[20980,10913,11209,10914,20968,11154],"class_list":["post-229310","post","type-post","status-publish","format-gallery","has-post-thumbnail","category-agenda-ca","category-bunol-ca","category-canal-musica","category-ventana-ca","category-la-comarca-ca","category-la-hoya-ca","category-ocio-y-cultura-ca","category-seccion-ca","tag-andres-valero-ca","tag-bunol-ca","tag-cim-la-armonica-de-bunol-ca","tag-la-hoya-de-bunol-chiva-ca","tag-off-certamen-ca","tag-sm-la-artistica-de-bunol-ca","post_format-post-format-gallery"],"_links":{"self":[{"href":"https:\/\/tucomarca.whitekongsoftware.com\/ca\/wp-json\/wp\/v2\/posts\/229310","targetHints":{"allow":["GET"]}}],"collection":[{"href":"https:\/\/tucomarca.whitekongsoftware.com\/ca\/wp-json\/wp\/v2\/posts"}],"about":[{"href":"https:\/\/tucomarca.whitekongsoftware.com\/ca\/wp-json\/wp\/v2\/types\/post"}],"author":[{"embeddable":true,"href":"https:\/\/tucomarca.whitekongsoftware.com\/ca\/wp-json\/wp\/v2\/users\/12"}],"replies":[{"embeddable":true,"href":"https:\/\/tucomarca.whitekongsoftware.com\/ca\/wp-json\/wp\/v2\/comments?post=229310"}],"version-history":[{"count":0,"href":"https:\/\/tucomarca.whitekongsoftware.com\/ca\/wp-json\/wp\/v2\/posts\/229310\/revisions"}],"wp:featuredmedia":[{"embeddable":true,"href":"https:\/\/tucomarca.whitekongsoftware.com\/ca\/wp-json\/wp\/v2\/media\/229306"}],"wp:attachment":[{"href":"https:\/\/tucomarca.whitekongsoftware.com\/ca\/wp-json\/wp\/v2\/media?parent=229310"}],"wp:term":[{"taxonomy":"category","embeddable":true,"href":"https:\/\/tucomarca.whitekongsoftware.com\/ca\/wp-json\/wp\/v2\/categories?post=229310"},{"taxonomy":"post_tag","embeddable":true,"href":"https:\/\/tucomarca.whitekongsoftware.com\/ca\/wp-json\/wp\/v2\/tags?post=229310"}],"curies":[{"name":"wp","href":"https:\/\/api.w.org\/{rel}","templated":true}]}}