{"id":229207,"date":"2024-07-10T09:00:00","date_gmt":"2024-07-10T07:00:00","guid":{"rendered":"https:\/\/www.tucomarca.com\/wordpress\/segunda\/?p=229207"},"modified":"2024-07-10T19:07:38","modified_gmt":"2024-07-10T17:07:38","slug":"fotogaleria-cinquanta-xiquets-i-xiquetes-de-xest-participen-en-el-campament-destiu","status":"publish","type":"post","link":"https:\/\/tucomarca.whitekongsoftware.com\/ca\/fotogaleria-cinquanta-xiquets-i-xiquetes-de-xest-participen-en-el-campament-destiu\/","title":{"rendered":"Fotogaler\u00eda: cinquanta xiquets i xiquetes de Xest participen en el campament d&#8217;estiu"},"content":{"rendered":"\n<p class=\"wp-block-paragraph\">Durant cinc dies, de l&#8217;1 al 5 de juliol, s&#8217;ha desenvolupat a Los Alc\u00e1zares (M\u00farcia) el campament d&#8217;estiu que organitza cada any la Regidoria de Joventut de l&#8217;Ajuntament de Xest.<\/p>\n\n\n\n<p class=\"wp-block-paragraph\">En aquesta ocasi\u00f3 han participat 50 xiquets i xiquetes d&#8217;edats compreses entre els 10 i els 13 anys, que han realitzat activitats aqu\u00e0tiques, com a p\u00e0del surf, caiac o vela, i esportives, com v\u00f3leibol, futbol i petanca; a m\u00e9s de participar en jocs i visites a l&#8217;entorn natural i cultural.<\/p>\n\n\n\n<p class=\"wp-block-paragraph\">\u201cLa valoraci\u00f3 d&#8217;aquest campament \u00e9s m\u00e9s que positiva\u201d, ha afirmat el regidor de Joventut, \u00d3scar Gald\u00f3n. \u201cEs tracta d&#8217;una activitat que est\u00e0 subvencionada al 50% per l&#8217;Ajuntament i es porta realitzant des de fa anys, coincidint amb l&#8217;arribada de les vacances escolars. A m\u00e9s de proposar als xiquets activitats per a gaudir, l&#8217;objectiu del campament \u00e9s facilitar la conciliaci\u00f3 familiar, ja que molts dels seus pares i mares treballen durant l&#8217;estiu. Tots els participants han tornat entusiasmats amb les activitats programades i l&#8217;atenci\u00f3 que han rebut, per la qual cosa vull fer un agra\u00efment a M\u00f3nica i Isabel, les encarregades per part de l&#8217;ajuntament d&#8217;acompanyar-los\u201d.<\/p>\n\n\n\n<figure class=\"wp-block-gallery has-nested-images columns-2 is-cropped wp-block-gallery-1 is-layout-flex wp-block-gallery-is-layout-flex\">\n<figure class=\"wp-block-image size-large\"><img loading=\"lazy\" decoding=\"async\" width=\"886\" height=\"499\" data-id=\"229193\" src=\"https:\/\/www.tucomarca.com\/wordpress\/segunda\/wp-content\/uploads\/2024\/07\/ChesteCampVerano02.jpg\" alt=\"\" class=\"wp-image-229193\" srcset=\"https:\/\/tucomarca.whitekongsoftware.com\/wp-content\/uploads\/2024\/07\/ChesteCampVerano02.jpg 886w, https:\/\/tucomarca.whitekongsoftware.com\/wp-content\/uploads\/2024\/07\/ChesteCampVerano02-300x169.jpg 300w, https:\/\/tucomarca.whitekongsoftware.com\/wp-content\/uploads\/2024\/07\/ChesteCampVerano02-768x433.jpg 768w, https:\/\/tucomarca.whitekongsoftware.com\/wp-content\/uploads\/2024\/07\/ChesteCampVerano02-678x381.jpg 678w\" sizes=\"auto, (max-width: 886px) 100vw, 886px\" \/><\/figure>\n\n\n\n<figure class=\"wp-block-image size-large\"><img loading=\"lazy\" decoding=\"async\" width=\"886\" height=\"665\" data-id=\"229198\" src=\"https:\/\/www.tucomarca.com\/wordpress\/segunda\/wp-content\/uploads\/2024\/07\/ChesteCampVerano03.jpg\" alt=\"\" class=\"wp-image-229198\" srcset=\"https:\/\/tucomarca.whitekongsoftware.com\/wp-content\/uploads\/2024\/07\/ChesteCampVerano03.jpg 886w, https:\/\/tucomarca.whitekongsoftware.com\/wp-content\/uploads\/2024\/07\/ChesteCampVerano03-300x225.jpg 300w, https:\/\/tucomarca.whitekongsoftware.com\/wp-content\/uploads\/2024\/07\/ChesteCampVerano03-768x576.jpg 768w, https:\/\/tucomarca.whitekongsoftware.com\/wp-content\/uploads\/2024\/07\/ChesteCampVerano03-678x509.jpg 678w, https:\/\/tucomarca.whitekongsoftware.com\/wp-content\/uploads\/2024\/07\/ChesteCampVerano03-326x245.jpg 326w, https:\/\/tucomarca.whitekongsoftware.com\/wp-content\/uploads\/2024\/07\/ChesteCampVerano03-80x60.jpg 80w\" sizes=\"auto, (max-width: 886px) 100vw, 886px\" \/><\/figure>\n\n\n\n<figure class=\"wp-block-image size-large\"><img loading=\"lazy\" decoding=\"async\" width=\"886\" height=\"665\" data-id=\"229196\" src=\"https:\/\/www.tucomarca.com\/wordpress\/segunda\/wp-content\/uploads\/2024\/07\/ChesteCampVerano05.jpg\" alt=\"\" class=\"wp-image-229196\" srcset=\"https:\/\/tucomarca.whitekongsoftware.com\/wp-content\/uploads\/2024\/07\/ChesteCampVerano05.jpg 886w, https:\/\/tucomarca.whitekongsoftware.com\/wp-content\/uploads\/2024\/07\/ChesteCampVerano05-300x225.jpg 300w, https:\/\/tucomarca.whitekongsoftware.com\/wp-content\/uploads\/2024\/07\/ChesteCampVerano05-768x576.jpg 768w, https:\/\/tucomarca.whitekongsoftware.com\/wp-content\/uploads\/2024\/07\/ChesteCampVerano05-678x509.jpg 678w, https:\/\/tucomarca.whitekongsoftware.com\/wp-content\/uploads\/2024\/07\/ChesteCampVerano05-326x245.jpg 326w, https:\/\/tucomarca.whitekongsoftware.com\/wp-content\/uploads\/2024\/07\/ChesteCampVerano05-80x60.jpg 80w\" sizes=\"auto, (max-width: 886px) 100vw, 886px\" \/><\/figure>\n\n\n\n<figure class=\"wp-block-image size-large\"><img loading=\"lazy\" decoding=\"async\" width=\"886\" height=\"665\" data-id=\"229202\" src=\"https:\/\/www.tucomarca.com\/wordpress\/segunda\/wp-content\/uploads\/2024\/07\/ChesteCampVerano06.jpg\" alt=\"\" class=\"wp-image-229202\" srcset=\"https:\/\/tucomarca.whitekongsoftware.com\/wp-content\/uploads\/2024\/07\/ChesteCampVerano06.jpg 886w, https:\/\/tucomarca.whitekongsoftware.com\/wp-content\/uploads\/2024\/07\/ChesteCampVerano06-300x225.jpg 300w, https:\/\/tucomarca.whitekongsoftware.com\/wp-content\/uploads\/2024\/07\/ChesteCampVerano06-768x576.jpg 768w, https:\/\/tucomarca.whitekongsoftware.com\/wp-content\/uploads\/2024\/07\/ChesteCampVerano06-678x509.jpg 678w, https:\/\/tucomarca.whitekongsoftware.com\/wp-content\/uploads\/2024\/07\/ChesteCampVerano06-326x245.jpg 326w, https:\/\/tucomarca.whitekongsoftware.com\/wp-content\/uploads\/2024\/07\/ChesteCampVerano06-80x60.jpg 80w\" sizes=\"auto, (max-width: 886px) 100vw, 886px\" \/><\/figure>\n\n\n\n<figure class=\"wp-block-image size-large\"><img loading=\"lazy\" decoding=\"async\" width=\"886\" height=\"665\" data-id=\"229192\" src=\"https:\/\/www.tucomarca.com\/wordpress\/segunda\/wp-content\/uploads\/2024\/07\/ChesteCampVerano04.jpg\" alt=\"\" class=\"wp-image-229192\" srcset=\"https:\/\/tucomarca.whitekongsoftware.com\/wp-content\/uploads\/2024\/07\/ChesteCampVerano04.jpg 886w, https:\/\/tucomarca.whitekongsoftware.com\/wp-content\/uploads\/2024\/07\/ChesteCampVerano04-300x225.jpg 300w, https:\/\/tucomarca.whitekongsoftware.com\/wp-content\/uploads\/2024\/07\/ChesteCampVerano04-768x576.jpg 768w, https:\/\/tucomarca.whitekongsoftware.com\/wp-content\/uploads\/2024\/07\/ChesteCampVerano04-678x509.jpg 678w, https:\/\/tucomarca.whitekongsoftware.com\/wp-content\/uploads\/2024\/07\/ChesteCampVerano04-326x245.jpg 326w, https:\/\/tucomarca.whitekongsoftware.com\/wp-content\/uploads\/2024\/07\/ChesteCampVerano04-80x60.jpg 80w\" sizes=\"auto, (max-width: 886px) 100vw, 886px\" \/><\/figure>\n<\/figure>\n","protected":false},"excerpt":{"rendered":"<div class=\"mh-excerpt\">Durant cinc dies, de l&#8217;1 al 5 de juliol, s&#8217;ha desenvolupat a Los Alc\u00e1zares (M\u00farcia) el campament d&#8217;estiu que organitza cada any la Regidoria de Joventut de l&#8217;Ajuntament de Xest. En aquesta ocasi\u00f3 han participat <a class=\"mh-excerpt-more\" href=\"https:\/\/tucomarca.whitekongsoftware.com\/ca\/fotogaleria-cinquanta-xiquets-i-xiquetes-de-xest-participen-en-el-campament-destiu\/\" title=\"Fotogaler\u00eda: cinquanta xiquets i xiquetes de Xest participen en el campament d&#8217;estiu\">[+] <\/a><\/div>\n","protected":false},"author":12,"featured_media":229206,"comment_status":"open","ping_status":"open","sticky":false,"template":"","format":"gallery","meta":{"footnotes":""},"categories":[10894,10912,11007,10896,10974],"tags":[20970,11071,10914],"class_list":["post-229207","post","type-post","status-publish","format-gallery","has-post-thumbnail","category-la-comarca-ca","category-la-hoya-ca","category-ocio-y-cultura-ca","category-seccion-ca","category-cheste-ca","tag-campamento-de-verano-ca","tag-cheste","tag-la-hoya-de-bunol-chiva-ca","post_format-post-format-gallery"],"_links":{"self":[{"href":"https:\/\/tucomarca.whitekongsoftware.com\/ca\/wp-json\/wp\/v2\/posts\/229207","targetHints":{"allow":["GET"]}}],"collection":[{"href":"https:\/\/tucomarca.whitekongsoftware.com\/ca\/wp-json\/wp\/v2\/posts"}],"about":[{"href":"https:\/\/tucomarca.whitekongsoftware.com\/ca\/wp-json\/wp\/v2\/types\/post"}],"author":[{"embeddable":true,"href":"https:\/\/tucomarca.whitekongsoftware.com\/ca\/wp-json\/wp\/v2\/users\/12"}],"replies":[{"embeddable":true,"href":"https:\/\/tucomarca.whitekongsoftware.com\/ca\/wp-json\/wp\/v2\/comments?post=229207"}],"version-history":[{"count":0,"href":"https:\/\/tucomarca.whitekongsoftware.com\/ca\/wp-json\/wp\/v2\/posts\/229207\/revisions"}],"wp:featuredmedia":[{"embeddable":true,"href":"https:\/\/tucomarca.whitekongsoftware.com\/ca\/wp-json\/wp\/v2\/media\/229206"}],"wp:attachment":[{"href":"https:\/\/tucomarca.whitekongsoftware.com\/ca\/wp-json\/wp\/v2\/media?parent=229207"}],"wp:term":[{"taxonomy":"category","embeddable":true,"href":"https:\/\/tucomarca.whitekongsoftware.com\/ca\/wp-json\/wp\/v2\/categories?post=229207"},{"taxonomy":"post_tag","embeddable":true,"href":"https:\/\/tucomarca.whitekongsoftware.com\/ca\/wp-json\/wp\/v2\/tags?post=229207"}],"curies":[{"name":"wp","href":"https:\/\/api.w.org\/{rel}","templated":true}]}}