{"id":229189,"date":"2024-07-10T13:00:00","date_gmt":"2024-07-10T11:00:00","guid":{"rendered":"https:\/\/www.tucomarca.com\/wordpress\/segunda\/?p=229189"},"modified":"2024-07-10T18:17:38","modified_gmt":"2024-07-10T16:17:38","slug":"linstitut-valencia-de-cultura-obri-el-termini-perque-els-municipis-sadherisquen-al-programa-del-circuit-cultural-valencia","status":"publish","type":"post","link":"https:\/\/tucomarca.whitekongsoftware.com\/ca\/linstitut-valencia-de-cultura-obri-el-termini-perque-els-municipis-sadherisquen-al-programa-del-circuit-cultural-valencia\/","title":{"rendered":"L\u2019Institut Valenci\u00e0 de Cultura obri el termini perqu\u00e8 els municipis s\u2019adherisquen al programa del Circuit Cultural Valenci\u00e0"},"content":{"rendered":"\n<h3 class=\"wp-block-heading\">Els ajuntaments tenen fins al 28 de juliol per a formalitzar la seua adhesi\u00f3 al programa a trav\u00e9s de la seu electr\u00f2nica de l\u2019IVC. <\/h3>\n\n\n\n<h3 class=\"wp-block-heading\">L\u2019IVC mant\u00e9 el cat\u00e0leg actual amb vora 7.500 propostes d\u2019espectacles i es compromet a contractar majorit\u00e0riament companyies valencianes.<\/h3>\n\n\n\n<p class=\"wp-block-paragraph\">La Vicepresid\u00e8ncia Primera i Conselleria de Cultura i Esport, a trav\u00e9s de l\u2019Institut Valenci\u00e0 de Cultura IVC) ha obert el termini perqu\u00e8 els municipis s\u2019adherisquen al programa del Circuit Cultural Valenci\u00e0. El pressupost destinat al nou programa del Circuit Cultural en 2024 ascendix a 1.232.746,09 euros.<\/p>\n\n\n\n<p class=\"wp-block-paragraph\">Els ajuntaments tenen fins al 28 de juliol per a sumar-se a este programa, d\u2019acord amb la resoluci\u00f3 que arreplega el Conveni de Col\u00b7laboraci\u00f3 amb la Federaci\u00f3 Valenciana de Municipis i Prov\u00edncies (FVMP) per a la cooperaci\u00f3 en la promoci\u00f3 i difusi\u00f3 del projecte Circuit Cultural Valenci\u00e0 entre els municipis de la Comunitat, publicat en el DOGV el 8 de juliol.<\/p>\n\n\n\n<p class=\"wp-block-paragraph\">Poden sol\u00b7licitar l\u2019adhesi\u00f3 al programa Circuit Cultural Valenci\u00e0 tots els municipis federats en l\u2019FVMP que reunisquen els requisits establits en el conveni per a poder formular propostes d\u2019entre les recollides en el cat\u00e0leg d\u2019activitats. Per a sol\u00b7licitar l\u2019adhesi\u00f3 no ser\u00e0 necessari l\u2019acord del ple municipal, sin\u00f3 que n\u2019hi haur\u00e0 prou amb la resoluci\u00f3 d\u2019alcaldia o regidoria delegada.<\/p>\n\n\n\n<p class=\"wp-block-paragraph\">L\u2019Institut Valenci\u00e0 de Cultura mant\u00e9 el cat\u00e0leg actual amb unes 7.500 propostes d\u2019espectacles i es compromet a contractar majorit\u00e0riament companyies valencianes en els mateixos nivells que el sistema anterior. Les companyies es podran continuar donant d\u2019alta en el cat\u00e0leg de manera continuada perqu\u00e8 els ajuntaments puguen triar nous espectacles. Les inscripcions en el cat\u00e0leg de companyies registrades a partir del 29 de juliol es tindran en consideraci\u00f3 en l\u2019anualitat de 2025.<\/p>\n\n\n\n<p class=\"wp-block-paragraph\">L\u2019IVC pagar\u00e0 el 100 % de l\u2019espectacle programat. Per a mantindre l\u2019efecte multiplicador del sistema anterior, els ajuntaments que s\u2019adherisquen al programa han d\u2019incloure en els seus pressupostos municipals una quantia econ\u00f2mica almenys igual a la que programe l\u2019IVC en els seus ajuntaments.<\/p>\n\n\n\n<p class=\"wp-block-paragraph\">Amb este nou model el Circuit Cultural Valenci\u00e0 arribar\u00e0 a m\u00e9s municipis que amb el sistema anterior. La Comunitat Valenciana t\u00e9 542 municipis, l\u2019anterior programaci\u00f3 del Circuit Cultural Valenci\u00e0 nom\u00e9s arribava a 90, la qual cosa deixava fora 452 localitats.<\/p>\n\n\n\n<p class=\"wp-block-paragraph\">Abans de l\u2019aprovaci\u00f3 d\u2019este nou model, els responsables de l\u2019IVC han celebrat reunions amb les associacions d\u2019arts esc\u00e8niques, amb representants dels gestors culturals dels ajuntaments participants el Circuit Cultural Valenci\u00e0 fins a 2024, amb associacions i empreses del sector musical, amb regidors de cultura i alcaldes dels municipis implicats i amb la Federaci\u00f3 de Municipis i Prov\u00edncies de la Comunitat Valenciana.<\/p>\n\n\n\n<p class=\"wp-block-paragraph\">A m\u00e9s, el nou sistema \u00e9s similar al programa Platea del Ministeri de Cultura, que \u00e9s gestionat per l\u2019Institut Nacional de les Arts Esc\u00e8niques i de la M\u00fasica (INAEM).<\/p>\n\n\n\n<p class=\"wp-block-paragraph\">Els compromisos adquirits amb els ajuntaments fins a mar\u00e7 de 2024, i que ascendixen a 987.000 euros, es mantenen \u00edntegrament en les condicions compromeses.<\/p>\n\n\n\n<p class=\"wp-block-paragraph\"><strong>Sol\u00b7licituds per a l\u2019adhesi\u00f3 al CCV<\/strong><\/p>\n\n\n\n<p class=\"wp-block-paragraph\">Entre els requisits per a sol\u00b7licitar l\u2019adhesi\u00f3 al programa figura disposar d\u2019espais esc\u00e8nics de propietat o gesti\u00f3 municipal, comptar amb personal t\u00e8cnic de suport i coordinaci\u00f3 i disposar dels materials necessaris en funci\u00f3 del tipus d\u2019espectacle.<\/p>\n\n\n\n<p class=\"wp-block-paragraph\">Tamb\u00e9 es requerix l\u2019assumpci\u00f3 i justificaci\u00f3 del comprom\u00eds de destinar una quantia igual o superior a l\u2019assumida per part de l\u2019IVC en mat\u00e8ria de cultura durant l\u2019any en curs. El seu incompliment comportaria la no admissi\u00f3 de la sol\u00b7licitud en el pr\u00f2xim programa.<\/p>\n\n\n\n<p class=\"wp-block-paragraph\">L\u2019adhesi\u00f3 al programa al programa s\u2019ha de realitzar a trav\u00e9s de l\u2019elecci\u00f3 de tres modalitats: teatre, dansa i circ, m\u00fasica i cinema. Estes modalitats, aix\u00ed com els imports m\u00e0xims per modalitat, es mantenen respecte al model anterior. Les caracter\u00edstiques de cada modalitat es poden consultar en el conveni del Circuit Cultural Valenci\u00e0. La tramitaci\u00f3 s\u2019ha de fer mitjan\u00e7ant registre a trav\u00e9s de la seu electr\u00f2nica de l\u2019IVC.<\/p>\n\n\n\n<p class=\"wp-block-paragraph\">Finalitzat el termini de presentaci\u00f3 de sol\u00b7licituds, l\u2019IVC comunicar\u00e0 individualment a les entitats locals la seua incorporaci\u00f3 formal al Circuit Cultural Valenci\u00e0 i l\u2019aprovaci\u00f3 de les propostes efectuades. No obstant aix\u00f2, l\u2019IVC atorgar\u00e0 un termini de deu dies h\u00e0bils perqu\u00e8 les entitats esmenen les faltes que patisquen les sol\u00b7licituds.<\/p>\n\n\n\n<p class=\"wp-block-paragraph\">Una vegada publicada la resoluci\u00f3 definitiva en el portal web de l\u2019IVC, comen\u00e7ar\u00e0 el per\u00edode per a efectuar la contractaci\u00f3 dels espectacles. Els municipis hauran de presentar la documentaci\u00f3 requerida amb una antelaci\u00f3 m\u00ednima de 10 dies h\u00e0bils a la celebraci\u00f3 de l\u2019espectacle, mitjan\u00e7ant un registre a trav\u00e9s de la seu electr\u00f2nica de l\u2019IVC.<\/p>\n","protected":false},"excerpt":{"rendered":"<div class=\"mh-excerpt\">Els ajuntaments tenen fins al 28 de juliol per a formalitzar la seua adhesi\u00f3 al programa a trav\u00e9s de la seu electr\u00f2nica de l\u2019IVC. L\u2019IVC mant\u00e9 el cat\u00e0leg actual amb vora 7.500 propostes d\u2019espectacles i <a class=\"mh-excerpt-more\" href=\"https:\/\/tucomarca.whitekongsoftware.com\/ca\/linstitut-valencia-de-cultura-obri-el-termini-perque-els-municipis-sadherisquen-al-programa-del-circuit-cultural-valencia\/\" title=\"L\u2019Institut Valenci\u00e0 de Cultura obri el termini perqu\u00e8 els municipis s\u2019adherisquen al programa del Circuit Cultural Valenci\u00e0\">[+] <\/a><\/div>\n","protected":false},"author":1,"featured_media":229188,"comment_status":"open","ping_status":"open","sticky":false,"template":"","format":"standard","meta":{"footnotes":""},"categories":[10898,10948,10894,10904,11007,10947,10896],"tags":[13274,17761,11199],"class_list":["post-229189","post","type-post","status-publish","format-standard","has-post-thumbnail","category-ventana-ca","category-infraestructuras-ca","category-la-comarca-ca","category-sin-categorizar-ca","category-ocio-y-cultura-ca","category-politica","category-seccion-ca","tag-institut-valencia-de-cultura-ca","tag-ivc-ca","tag-la-comunitat-ca"],"_links":{"self":[{"href":"https:\/\/tucomarca.whitekongsoftware.com\/ca\/wp-json\/wp\/v2\/posts\/229189","targetHints":{"allow":["GET"]}}],"collection":[{"href":"https:\/\/tucomarca.whitekongsoftware.com\/ca\/wp-json\/wp\/v2\/posts"}],"about":[{"href":"https:\/\/tucomarca.whitekongsoftware.com\/ca\/wp-json\/wp\/v2\/types\/post"}],"author":[{"embeddable":true,"href":"https:\/\/tucomarca.whitekongsoftware.com\/ca\/wp-json\/wp\/v2\/users\/1"}],"replies":[{"embeddable":true,"href":"https:\/\/tucomarca.whitekongsoftware.com\/ca\/wp-json\/wp\/v2\/comments?post=229189"}],"version-history":[{"count":0,"href":"https:\/\/tucomarca.whitekongsoftware.com\/ca\/wp-json\/wp\/v2\/posts\/229189\/revisions"}],"wp:featuredmedia":[{"embeddable":true,"href":"https:\/\/tucomarca.whitekongsoftware.com\/ca\/wp-json\/wp\/v2\/media\/229188"}],"wp:attachment":[{"href":"https:\/\/tucomarca.whitekongsoftware.com\/ca\/wp-json\/wp\/v2\/media?parent=229189"}],"wp:term":[{"taxonomy":"category","embeddable":true,"href":"https:\/\/tucomarca.whitekongsoftware.com\/ca\/wp-json\/wp\/v2\/categories?post=229189"},{"taxonomy":"post_tag","embeddable":true,"href":"https:\/\/tucomarca.whitekongsoftware.com\/ca\/wp-json\/wp\/v2\/tags?post=229189"}],"curies":[{"name":"wp","href":"https:\/\/api.w.org\/{rel}","templated":true}]}}