{"id":229140,"date":"2024-07-10T13:15:00","date_gmt":"2024-07-10T11:15:00","guid":{"rendered":"https:\/\/www.tucomarca.com\/wordpress\/segunda\/?p=229140"},"modified":"2024-07-10T14:12:06","modified_gmt":"2024-07-10T12:12:06","slug":"el-prego-dels-festers-dalboraig-donara-principi-aquest-divendres-a-les-festes-patronals-de-la-localitat","status":"publish","type":"post","link":"https:\/\/tucomarca.whitekongsoftware.com\/ca\/el-prego-dels-festers-dalboraig-donara-principi-aquest-divendres-a-les-festes-patronals-de-la-localitat\/","title":{"rendered":"El preg\u00f3 dels Festers d&#8217;Alboraig donar\u00e0 principi aquest divendres a les festes patronals de la localitat"},"content":{"rendered":"\n<p class=\"wp-block-paragraph\">Alboraig dona el tret d&#8217;eixida a les seues festes patronals amb l&#8217;engalanat dels seus carrers, aquest divendres. A les 00,00 h, des del balc\u00f3 de l&#8217;Ajuntament, es realitzar\u00e0 el tradicional preg\u00f3 que dona principi a les festes que estar\u00e0 a c\u00e0rrec dels Festers d&#8217;Alboraig. Un programa que tindr\u00e0 fins a finals de juliol a ve\u00efnes, ve\u00efns i visitants en un constant anar i vindre d&#8217;actes festius.<\/p>\n\n\n\n<p class=\"wp-block-paragraph\"><strong>Programa:<\/strong><\/p>\n\n\n\n<p class=\"wp-block-paragraph\"><strong>Divendres 12<\/strong><br>18,00h &#8211; Adorn de carrers, fa\u00e7anes i patis. Els carrers es poden engalanar amb garlandes, flors i tot tipus de decoraci\u00f3, per\u00f2 el que veritablement la fa brillar s\u00f3n els riures i la calor de les gents que les habiten.<br>Us animem a participar en el \u201csopar de ve\u00efns\u201d. Durant el cercaviles amenitzat per la banda de m\u00fasica SIM \u201cLa Primitiva d&#8217;Alboraig\u201d, es repartir\u00e0 mistela.<br>00,00h &#8211; Preg\u00f3 des del balc\u00f3 de l&#8217;Ajuntament a c\u00e0rrec dels Festers d&#8217;Alboraig. S&#8217;inicien la Festes Patronals en Honor a Sant Jaume i la Verge del Rosari. Lliurament de premis als carrers guanyadors.<br>A continuaci\u00f3, discom\u00f3vil en la Pla\u00e7a Don Salvador Mart\u00ednez a c\u00e0rrec de DJ Javi Navarro i DJ Bruno Velert.<br><strong>Dissabte 13<\/strong><br>22,30 h. Desfilada de bandes des de l&#8217;ajuntament fins a l&#8217;Auditori Municipal Sr. Jose Mar\u00eda Cervera Collado.<br>23,00h &#8211; XLIX Festival de Bandes de M\u00fasica amb la participaci\u00f3 de la Banda Juvenil \u201cSanta Cecilia\u201d de Requena, dirigida per Sr. Francisco Mart\u00ednez Mart\u00ednez i la nostra Banda de M\u00fasica la SIM \u201cLa Primitiva\u201d d&#8217;Alboraig, dirigida per Sr. Francisco Perell\u00f3 Ald\u00e1s.<br>A continuaci\u00f3, Macrodiscom\u00f3vil \u201cMaritim Fest\u201d en la Zona del Poliesportiu.<br><strong>Diumenge 14<\/strong><br>18,00 h. Mini Disc Tik-Tok. Vesprada d&#8217;inflables i berenar en el Recinte de la piscina municipal, organitzada per JamonDor.<br>20,00h &#8211; Copa Futbito \u201cSant Jaume Viejas Gl\u00f2ries\u201d.<br>23,00h &#8211; Nit de cinema i roses a l&#8217;Auditori Municipal Sr. Jose Mar\u00eda Cervera Collado.<br><strong>Dilluns, 15<\/strong><br>19.00h &#8211; Finals de Front\u00f3 i Ping-pong en el Poliesportiu Municipal.<br>Inici del Campionat de Parx\u00eds a l&#8217;Auditori Municipal Sr. Jose Mar\u00eda Cervera Collado, organitzat per l&#8217;Associaci\u00f3 de Mestresses de casa.<br><strong>Dimarts, 16<\/strong><br>19,00 h Tornada Cicloturista pels termes d&#8217;Alboraig, Macastre i I\u00e0tova, amb eixida des del Parc de Sant Jaume. Refrigeri per als participants oferit per C\u00e1rnicas Serrano.<br>21,00h &#8211; Final del torneig de P\u00e0del.<br><strong>Dimecres 17<\/strong><br>19,00h &#8211; Semifinals de futbito en el Poliesportiu Muncipal. \u2028A continuaci\u00f3, Trofeu Chendilla.<br><strong>Dijous 18<\/strong><br>En el Poliesportiu Municipal: 19,30h &#8211; Final infantil de futbito. 20,30h &#8211; Final de futbito.<br>22,00h &#8211; Sopar de Gala de l&#8217;Esport en el recinte de la Piscina.<br>El programa festiu continua el pr\u00f2xim cap de setmana.<\/p>\n","protected":false},"excerpt":{"rendered":"<div class=\"mh-excerpt\">Alboraig dona el tret d&#8217;eixida a les seues festes patronals amb l&#8217;engalanat dels seus carrers, aquest divendres. A les 00,00 h, des del balc\u00f3 de l&#8217;Ajuntament, es realitzar\u00e0 el tradicional preg\u00f3 que dona principi a <a class=\"mh-excerpt-more\" href=\"https:\/\/tucomarca.whitekongsoftware.com\/ca\/el-prego-dels-festers-dalboraig-donara-principi-aquest-divendres-a-les-festes-patronals-de-la-localitat\/\" title=\"El preg\u00f3 dels Festers d&#8217;Alboraig donar\u00e0 principi aquest divendres a les festes patronals de la localitat\">[+] <\/a><\/div>\n","protected":false},"author":12,"featured_media":229139,"comment_status":"open","ping_status":"open","sticky":false,"template":"","format":"standard","meta":{"footnotes":""},"categories":[11019,10973,10894,10912,11007,10896],"tags":[11224,14071,10914],"class_list":["post-229140","post","type-post","status-publish","format-standard","has-post-thumbnail","category-agenda-ca","category-alborache-ca","category-la-comarca-ca","category-la-hoya-ca","category-ocio-y-cultura-ca","category-seccion-ca","tag-alborache-ca","tag-fiestas-patronales-ca","tag-la-hoya-de-bunol-chiva-ca"],"_links":{"self":[{"href":"https:\/\/tucomarca.whitekongsoftware.com\/ca\/wp-json\/wp\/v2\/posts\/229140","targetHints":{"allow":["GET"]}}],"collection":[{"href":"https:\/\/tucomarca.whitekongsoftware.com\/ca\/wp-json\/wp\/v2\/posts"}],"about":[{"href":"https:\/\/tucomarca.whitekongsoftware.com\/ca\/wp-json\/wp\/v2\/types\/post"}],"author":[{"embeddable":true,"href":"https:\/\/tucomarca.whitekongsoftware.com\/ca\/wp-json\/wp\/v2\/users\/12"}],"replies":[{"embeddable":true,"href":"https:\/\/tucomarca.whitekongsoftware.com\/ca\/wp-json\/wp\/v2\/comments?post=229140"}],"version-history":[{"count":0,"href":"https:\/\/tucomarca.whitekongsoftware.com\/ca\/wp-json\/wp\/v2\/posts\/229140\/revisions"}],"wp:featuredmedia":[{"embeddable":true,"href":"https:\/\/tucomarca.whitekongsoftware.com\/ca\/wp-json\/wp\/v2\/media\/229139"}],"wp:attachment":[{"href":"https:\/\/tucomarca.whitekongsoftware.com\/ca\/wp-json\/wp\/v2\/media?parent=229140"}],"wp:term":[{"taxonomy":"category","embeddable":true,"href":"https:\/\/tucomarca.whitekongsoftware.com\/ca\/wp-json\/wp\/v2\/categories?post=229140"},{"taxonomy":"post_tag","embeddable":true,"href":"https:\/\/tucomarca.whitekongsoftware.com\/ca\/wp-json\/wp\/v2\/tags?post=229140"}],"curies":[{"name":"wp","href":"https:\/\/api.w.org\/{rel}","templated":true}]}}