{"id":229071,"date":"2024-07-09T08:50:00","date_gmt":"2024-07-09T06:50:00","guid":{"rendered":"https:\/\/www.tucomarca.com\/wordpress\/segunda\/?p=229071"},"modified":"2024-07-09T14:14:10","modified_gmt":"2024-07-09T12:14:10","slug":"obertes-les-inscripcions-per-a-participar-en-la-carrera-popular-fira-i-festes-de-bunyol-memorial-raquel-lavilla-villar","status":"publish","type":"post","link":"https:\/\/tucomarca.whitekongsoftware.com\/ca\/obertes-les-inscripcions-per-a-participar-en-la-carrera-popular-fira-i-festes-de-bunyol-memorial-raquel-lavilla-villar\/","title":{"rendered":"Obertes les inscripcions per a participar en la Carrera Popular Fira i Festes de Bunyol, memorial Raquel Lavilla Villar"},"content":{"rendered":"\n<h3 class=\"wp-block-heading\">Aquesta carrera tindr\u00e0 lloc en la Pla\u00e7a Layana el 30 d&#8217;agost a partir de les 18,00 hores les carreres infantils i l&#8217;absoluta a partir de les 19,30 hores.<\/h3>\n\n\n\n<p class=\"wp-block-paragraph\">La Regidoria d&#8217;Esports de Bunyol, amb la col\u00b7laboraci\u00f3 del Club d&#8217;Atletisme Correores de Bunyol, organitza la XXVII Carrera Popular Fira i Festes de Bunyol 2024 \u2013 Memorial Raquel Lavilla Villar. Aquesta carrera tindr\u00e0 lloc en la Pla\u00e7a Layana el 30 d&#8217;agost a partir de les 18h les carreres infantils i l&#8217;absoluta a partir de les 19.30h. Tindr\u00e0 una dist\u00e0ncia de 8km.&nbsp;<\/p>\n\n\n\n<p class=\"wp-block-paragraph\">La inscripci\u00f3 de la prova absoluta es pot realitzar a trav\u00e9s de la web https:\/\/sportmaniacs.com\/es fins al dimarts 27 d&#8217;agost a les 23.59h amb un cost de 6\u20ac. El dia de la prova es podr\u00e0 realitzar inscripcions a 10\u20ac. Els menors d&#8217;edat que s&#8217;inscriguen a la prova absoluta hauran de presentar autoritzaci\u00f3 de pare\/mare\/tutor a la recollida del dorsal.<\/p>\n\n\n\n<p class=\"wp-block-paragraph\">Els atletes locals han d&#8217;inscriure&#8217;s tamb\u00e9 abans del 27 d&#8217;agost a les 23.59h telefonant al 96 250 01 51 o enviant un mail a alcaldia@bunyol.es (inscripci\u00f3 gratu\u00efta) amb la seg\u00fcent informaci\u00f3: nom i cognoms, DNI, data de naixement, Club\/associaci\u00f3, i talla samarreta. En aquest cas la inscripci\u00f3 \u00e9s gratu\u00efta.<\/p>\n\n\n\n<p class=\"wp-block-paragraph\">Les inscripcions de la prova 8K es tancaran en arribar a 320 participants, podent l&#8217;organitzaci\u00f3 guardar part de les inscripcions per a la seua pr\u00f2pia gesti\u00f3. La inscripci\u00f3 a les carreres infantils es realitzar\u00e0 a trav\u00e9s de la web&nbsp;https:\/\/sportmaniacs.com\/es&nbsp;fins al dimarts 27 d&#8217;agost de 2024 a les 23.59 hores i el mateix dia de la prova en la zona de recollida de dorsals (Plaza Layana), des d&#8217;una hora abans de l&#8217;inici. La inscripci\u00f3 a les carreres infantils \u00e9s gratu\u00efta.<\/p>\n\n\n\n<p class=\"wp-block-paragraph\">El lliurament de dorsals s&#8217;efectuar\u00e0 en la Pla\u00e7a Layana, el dia de la prova fins a 10 minuts abans de l&#8217;inici de la carrera. Les categories establides s\u00f3n:<\/p>\n\n\n\n<p class=\"wp-block-paragraph\"><strong>Carreres Infantils<\/strong><\/p>\n\n\n\n<figure class=\"wp-block-table\"><table><tbody><tr><td><strong>CATEGORIA<\/strong><\/td><td><strong><strong>NASCUTS ENTRE<\/strong><\/strong><\/td><td><strong><strong>DIST\u00c0NCIA (aprox)<\/strong><\/strong><\/td><\/tr><tr><td>Chupet\u00edn<\/td><td>2022 \u2013 2024<\/td><td>100 metres<\/td><\/tr><tr><td>Querub\u00ed<\/td><td>2019 &#8211; 2021<\/td><td>100 metres<\/td><\/tr><tr><td>Pre-Benjam\u00edn<\/td><td>2017 \u2013 2018<\/td><td>200 metres<\/td><\/tr><tr><td>Benjam\u00edn<\/td><td>2015 \u2013 2016<\/td><td>500 metres<\/td><\/tr><tr><td>Alev\u00ed<\/td><td>2013 \u2013 2014<\/td><td>1000 metres<\/td><\/tr><tr><td>Infantil<\/td><td>2011 \u2013 2012<\/td><td>1200 metres<\/td><\/tr><\/tbody><\/table><\/figure>\n\n\n\n<p class=\"wp-block-paragraph\"><strong>Prueba Absoluta<\/strong><\/p>\n\n\n\n<figure class=\"wp-block-table\"><table><tbody><tr><td><strong>CATEGORIA<\/strong><\/td><td><strong>NASCUTS ENTRE<\/strong><\/td><td><strong>DIST\u00c0NCIA (aprox)<\/strong><\/td><\/tr><tr><td>Cadet \/ Junior<\/td><td>2006 \u2013 2010<\/td><td>8 km<\/td><\/tr><tr><td>Promesa<\/td><td>2001 \u2013 2005<\/td><td>8 km<\/td><\/tr><tr><td>S\u00e8nior<\/td><td>1985 \u2013 2000<\/td><td>8 km<\/td><\/tr><tr><td>Veter\u00e0 A<\/td><td>1970 \u2013 1984<\/td><td>8 km<\/td><\/tr><tr><td>Veter\u00e0 B<\/td><td>1969 y anteriors<\/td><td>8 km<\/td><\/tr><\/tbody><\/table><\/figure>\n\n\n\n<p class=\"wp-block-paragraph\">El lliurament de premis tindr\u00e0 lloc en acabar la carrera absoluta en la Pla\u00e7a de Layana. S&#8217;entregaran en categoria femenina i masculina, als tres millors de la prova, i als tres millors de cada categoria. A m\u00e9s dels tres millors participants locals (mascul\u00ed i femen\u00ed). Es consideren locals als nascuts i empadronats a Bunyol, aix\u00ed com als atletes del C.A. Correores de Bunyol. S&#8217;ha d&#8217;indicar en realitzar la inscripci\u00f3. A m\u00e9s s&#8217;obsequiar\u00e0 al club amb m\u00e9s inscripcions amb un pernil. Les carreres infantils s\u00f3n de car\u00e0cter no competitiu, per la qual cosa no hi haur\u00e0 trofeu per als primers classificats. Tots els participants rebran un xicotet obsequi a la seua arribada a meta.-<\/p>\n\n\n\n<p class=\"wp-block-paragraph\">En la prova absoluta cada participant inscrit ser\u00e0 obsequiat amb una bossa amb samarreta commemorativa. Els corredors inscrits el mateix dia de la prova no tenen assegurada la samarreta ni la talla.El recorregut amb una dist\u00e0ncia aproximada de 8 quil\u00f2metres estar\u00e0 degudament senyalitzat indicant els quil\u00f2metres. Hi haur\u00e0 dues zones d&#8217;avituallament l\u00edquid en els quil\u00f2metres 3,5 i 5,5 aproximadament i l\u00edquid i s\u00f2lid en meta.<\/p>\n\n\n\n<p class=\"wp-block-paragraph\">La prova i el tr\u00e0nsit estaran controlats en tot moment per membres de l&#8217;organitzaci\u00f3, efectius de Policia Local, Protecci\u00f3 Civil i voluntaris, havent de ser complides les indicacions que aquests pugues donar als corredors. Est\u00e0 prohibit que persones o altres vehicles no autoritzats puguen seguir la prova accedint al recorregut.<\/p>\n\n\n\n<p class=\"wp-block-paragraph\">La classificaci\u00f3 i el control de la prova es realitzar\u00e0 mitjan\u00e7ant xip, a trav\u00e9s dels serveis de l&#8217;empresa&nbsp;cronometra@cronometra.es. El dorsal ha d&#8217;anar sempre visible.Els participants compten amb zona de p\u00e0rquing situada al Carrer del Dr. Garc\u00e9s Vericat. Aquesta \u00e9s el carrer que arriba al Pavell\u00f3 d&#8217;Esports Pablo Cus\u00ed (El Planell), on estaran situades les dutxes.<\/p>\n\n\n\n<p class=\"wp-block-paragraph\"><strong>Ubicaci\u00f3<\/strong>:<\/p>\n\n\n\n<p class=\"wp-block-paragraph\">P\u00e0rquing:&nbsp;https:\/\/maps.app.goo.gl\/xrzqsh3vezcpydwe6?g_st=com.google.maps.preview.copy<\/p>\n\n\n\n<p class=\"wp-block-paragraph\">Dutxes: https:\/\/maps.app.goo.gl\/3iqunpo7jdwjygxp6?g_st=com.google.maps.preview.copy<\/p>\n\n\n\n<p class=\"wp-block-paragraph\">Durant el desenvolupament de la prova un equip m\u00e8dic compost per ambul\u00e0ncia amb metge a ATS atendr\u00e0 possibles incid\u00e8ncies. Estar\u00e0 situada en zona d&#8217;eixida, Plaza Layana. L&#8217;organitzaci\u00f3 en compliment de la legislaci\u00f3 vigent, disposar\u00e0 de la corresponent asseguran\u00e7a d&#8217;Accidents i Responsabilitat Civil per a tots els participants inscrits oficialment a la prova i dins del termini d&#8217;inscripci\u00f3.<\/p>\n","protected":false},"excerpt":{"rendered":"<div class=\"mh-excerpt\">Aquesta carrera tindr\u00e0 lloc en la Pla\u00e7a Layana el 30 d&#8217;agost a partir de les 18,00 hores les carreres infantils i l&#8217;absoluta a partir de les 19,30 hores. La Regidoria d&#8217;Esports de Bunyol, amb la <a class=\"mh-excerpt-more\" href=\"https:\/\/tucomarca.whitekongsoftware.com\/ca\/obertes-les-inscripcions-per-a-participar-en-la-carrera-popular-fira-i-festes-de-bunyol-memorial-raquel-lavilla-villar\/\" title=\"Obertes les inscripcions per a participar en la Carrera Popular Fira i Festes de Bunyol, memorial Raquel Lavilla Villar\">[+] <\/a><\/div>\n","protected":false},"author":13,"featured_media":229069,"comment_status":"open","ping_status":"open","sticky":false,"template":"","format":"standard","meta":{"footnotes":""},"categories":[11018,10911,11003,10894,10912,10896],"tags":[11143,10913,11074,20960,20859],"class_list":["post-229071","post","type-post","status-publish","format-standard","has-post-thumbnail","category-atletisme","category-bunol-ca","category-sports","category-la-comarca-ca","category-la-hoya-ca","category-seccion-ca","tag-atletismo-2-ca","tag-bunol-ca","tag-deportes-ca","tag-feria-y-fiestas-2024-ca","tag-la-hoya-de-bunol-chiva-4-ca"],"_links":{"self":[{"href":"https:\/\/tucomarca.whitekongsoftware.com\/ca\/wp-json\/wp\/v2\/posts\/229071","targetHints":{"allow":["GET"]}}],"collection":[{"href":"https:\/\/tucomarca.whitekongsoftware.com\/ca\/wp-json\/wp\/v2\/posts"}],"about":[{"href":"https:\/\/tucomarca.whitekongsoftware.com\/ca\/wp-json\/wp\/v2\/types\/post"}],"author":[{"embeddable":true,"href":"https:\/\/tucomarca.whitekongsoftware.com\/ca\/wp-json\/wp\/v2\/users\/13"}],"replies":[{"embeddable":true,"href":"https:\/\/tucomarca.whitekongsoftware.com\/ca\/wp-json\/wp\/v2\/comments?post=229071"}],"version-history":[{"count":0,"href":"https:\/\/tucomarca.whitekongsoftware.com\/ca\/wp-json\/wp\/v2\/posts\/229071\/revisions"}],"wp:featuredmedia":[{"embeddable":true,"href":"https:\/\/tucomarca.whitekongsoftware.com\/ca\/wp-json\/wp\/v2\/media\/229069"}],"wp:attachment":[{"href":"https:\/\/tucomarca.whitekongsoftware.com\/ca\/wp-json\/wp\/v2\/media?parent=229071"}],"wp:term":[{"taxonomy":"category","embeddable":true,"href":"https:\/\/tucomarca.whitekongsoftware.com\/ca\/wp-json\/wp\/v2\/categories?post=229071"},{"taxonomy":"post_tag","embeddable":true,"href":"https:\/\/tucomarca.whitekongsoftware.com\/ca\/wp-json\/wp\/v2\/tags?post=229071"}],"curies":[{"name":"wp","href":"https:\/\/api.w.org\/{rel}","templated":true}]}}