{"id":228868,"date":"2024-07-08T12:20:00","date_gmt":"2024-07-08T10:20:00","guid":{"rendered":"https:\/\/www.tucomarca.com\/wordpress\/segunda\/?p=228868"},"modified":"2024-07-08T14:18:25","modified_gmt":"2024-07-08T12:18:25","slug":"xiva-tornara-a-gaudir-diumenge-que-ve-de-les-seues-serenates-de-sant-joan-que-es-remunten-a-la-fi-del-segle-xix-o-principis-del-xx","status":"publish","type":"post","link":"https:\/\/tucomarca.whitekongsoftware.com\/ca\/xiva-tornara-a-gaudir-diumenge-que-ve-de-les-seues-serenates-de-sant-joan-que-es-remunten-a-la-fi-del-segle-xix-o-principis-del-xx\/","title":{"rendered":"Xiva tornar\u00e0 a gaudir diumenge que ve de les seues &#8216;Serenates de Sant Joan&#8217; que es remunten a la fi del segle XIX o principis del XX"},"content":{"rendered":"\n<p class=\"wp-block-paragraph\"><strong>Aquest concert s&#8217;oferir\u00e0 a les 20 hores a l&#8217;Esgl\u00e9sia Sant Joan Baptista de Xiva, i ser\u00e0 oferit per la \u201cOrquestra Maestro Garc\u00eda Navarro\u201d\u00a0 de la Societat Musical L&#8217;Art\u00edstica de Xiva. \u00a0<\/strong><\/p>\n\n\n\n<p class=\"wp-block-paragraph\">L&#8217;Orquestra Maestro Garc\u00eda Navarro, sota la direcci\u00f3 del seu director titular, Gonzalo Alarc\u00f3n Burriel, oferir\u00e0 el seg\u00fcent programa: Einekleine Nachtmusik (xicoteta serenata nocturna) de W. A. Mozart,&nbsp; Air en Sol de J. S. Bach,&nbsp; Suite Abdelazar, (rond\u00f3) d&#8217;Henry Purcell,&nbsp; Coral Sant Antoni de Joseph Haydn\/Johannes Brahms,&nbsp; Errant Festiu de Jean Sibelius,&nbsp; Impromptu de Jean Sibelius, i Pelladio de Karl Jenkins.<\/p>\n\n\n\n<p class=\"wp-block-paragraph\">La Societat Musical \u201cL&#8217;Art\u00edstica\u201d de Xiva i els integrants de l&#8217;Orquestra Maestro Garc\u00eda Navarro, us conviden que no us perdeu l&#8217;oportunitat d&#8217;assistir a aquest esdeveniment musical on gaudirem d&#8217;obres cl\u00e0ssiques amb uns int\u00e8rprets de luxe. Entrada lliure fins a completar aforament.<\/p>\n","protected":false},"excerpt":{"rendered":"<div class=\"mh-excerpt\">Aquest concert s&#8217;oferir\u00e0 a les 20 hores a l&#8217;Esgl\u00e9sia Sant Joan Baptista de Xiva, i ser\u00e0 oferit per la \u201cOrquestra Maestro Garc\u00eda Navarro\u201d\u00a0 de la Societat Musical L&#8217;Art\u00edstica de Xiva. \u00a0 L&#8217;Orquestra Maestro Garc\u00eda Navarro, <a class=\"mh-excerpt-more\" href=\"https:\/\/tucomarca.whitekongsoftware.com\/ca\/xiva-tornara-a-gaudir-diumenge-que-ve-de-les-seues-serenates-de-sant-joan-que-es-remunten-a-la-fi-del-segle-xix-o-principis-del-xx\/\" title=\"Xiva tornar\u00e0 a gaudir diumenge que ve de les seues &#8216;Serenates de Sant Joan&#8217; que es remunten a la fi del segle XIX o principis del XX\">[+] <\/a><\/div>\n","protected":false},"author":13,"featured_media":228866,"comment_status":"open","ping_status":"open","sticky":false,"template":"","format":"standard","meta":{"footnotes":""},"categories":[11019,11005,10894,10912,11007,10896,10975],"tags":[19500,11195,20859,20778,14188],"class_list":["post-228868","post","type-post","status-publish","format-standard","has-post-thumbnail","category-agenda-ca","category-canal-musica","category-la-comarca-ca","category-la-hoya-ca","category-ocio-y-cultura-ca","category-seccion-ca","category-chiva-ca","tag-agenda-2-ca","tag-chiva-ca","tag-la-hoya-de-bunol-chiva-4-ca","tag-musica-2-ca","tag-sm-la-artistica-de-chiva-2-ca"],"_links":{"self":[{"href":"https:\/\/tucomarca.whitekongsoftware.com\/ca\/wp-json\/wp\/v2\/posts\/228868","targetHints":{"allow":["GET"]}}],"collection":[{"href":"https:\/\/tucomarca.whitekongsoftware.com\/ca\/wp-json\/wp\/v2\/posts"}],"about":[{"href":"https:\/\/tucomarca.whitekongsoftware.com\/ca\/wp-json\/wp\/v2\/types\/post"}],"author":[{"embeddable":true,"href":"https:\/\/tucomarca.whitekongsoftware.com\/ca\/wp-json\/wp\/v2\/users\/13"}],"replies":[{"embeddable":true,"href":"https:\/\/tucomarca.whitekongsoftware.com\/ca\/wp-json\/wp\/v2\/comments?post=228868"}],"version-history":[{"count":0,"href":"https:\/\/tucomarca.whitekongsoftware.com\/ca\/wp-json\/wp\/v2\/posts\/228868\/revisions"}],"wp:featuredmedia":[{"embeddable":true,"href":"https:\/\/tucomarca.whitekongsoftware.com\/ca\/wp-json\/wp\/v2\/media\/228866"}],"wp:attachment":[{"href":"https:\/\/tucomarca.whitekongsoftware.com\/ca\/wp-json\/wp\/v2\/media?parent=228868"}],"wp:term":[{"taxonomy":"category","embeddable":true,"href":"https:\/\/tucomarca.whitekongsoftware.com\/ca\/wp-json\/wp\/v2\/categories?post=228868"},{"taxonomy":"post_tag","embeddable":true,"href":"https:\/\/tucomarca.whitekongsoftware.com\/ca\/wp-json\/wp\/v2\/tags?post=228868"}],"curies":[{"name":"wp","href":"https:\/\/api.w.org\/{rel}","templated":true}]}}