{"id":228809,"date":"2024-07-07T12:00:00","date_gmt":"2024-07-07T10:00:00","guid":{"rendered":"https:\/\/www.tucomarca.com\/wordpress\/segunda\/?p=228809"},"modified":"2024-07-08T12:54:24","modified_gmt":"2024-07-08T10:54:24","slug":"riba-roja-de-turia-aprova-el-pla-sentinella-que-reclama-a-la-generalitat-una-reguarda-de-bombers-forestals-per-a-lluitar-contra-incendis-control-i-vigilancia-amb-drons-i-plans-de-formacio","status":"publish","type":"post","link":"https:\/\/tucomarca.whitekongsoftware.com\/ca\/riba-roja-de-turia-aprova-el-pla-sentinella-que-reclama-a-la-generalitat-una-reguarda-de-bombers-forestals-per-a-lluitar-contra-incendis-control-i-vigilancia-amb-drons-i-plans-de-formacio\/","title":{"rendered":"Riba-roja de T\u00faria reclama a la Generalitat una reguarda de Bombers Forestals per a lluitar contra incendis, control i vigil\u00e0ncia amb drons i plans de formaci\u00f3"},"content":{"rendered":"\n<h3 class=\"wp-block-heading\">El ple de l&#8217;ajuntament dona llum verda al nou pla que cont\u00e9 mesures de prevenci\u00f3 contra els incendis i la reducci\u00f3 de l&#8217;impacte de cat\u00e0strofes.<\/h3>\n\n\n\n<p class=\"wp-block-paragraph\">El ple de l&#8217;Ajuntament de Riba-roja de T\u00faria ha aprovat el nou Pla Sentinella en el qual es proposa una seriosa de mesures de lluita contra els incendis i defensa l&#8217;\u00fas de noves tecnologies, la millora de les infraestructures, la formaci\u00f3 de la ciutadania davant aquesta mena de successos i, finalment, reclama una correcta gesti\u00f3 forestal i la cooperaci\u00f3 entre les diverses institucions implicades.<\/p>\n\n\n\n<p class=\"wp-block-paragraph\">El Pla Sentinella ha tirat avant amb els vots a favor de l&#8217;equip de govern del PSPV com a impulsor del projecte i el suport de Vox, Comprom\u00eds, Podemos Esquerra Unida i l&#8217;abstenci\u00f3 del Partit Popular. El programa contempla, a m\u00e9s, les fases de prevenci\u00f3, resposta i recuperaci\u00f3 en la propagaci\u00f3 dels incendis i una s\u00e8rie de millores davant aquesta mena de successos i cat\u00e0strofes.<\/p>\n\n\n\n<p class=\"wp-block-paragraph\">Els prop de 60 incendis que ha patit el parc natural del T\u00faria en l&#8217;\u00faltima d\u00e8cada, en un dels pulmons verds de la localitat i de l&#8217;\u00e0rea metropolitana de Val\u00e8ncia, constitueixen una de les principals raons per a posar en marxa aquest pla que s&#8217;ha redactat i elaborat al llarg dels \u00faltims mesos davant un de les xacres m\u00e9s perilloses produ\u00efdes, en la seua gran majoria, per l&#8217;acci\u00f3 humana.<\/p>\n\n\n\n<p class=\"wp-block-paragraph\">El Pla Sentinella de Riba-roja de T\u00faria proposa incrementar la protecci\u00f3 a la poblaci\u00f3 i al medi ambient mitjan\u00e7ant un conjunt de mesures que abasten, principalment, la introducci\u00f3 de les noves tecnologies, la millora d&#8217;infraestructures, la formaci\u00f3 ciutadana, la gesti\u00f3 de la massa forestal i una major cooperaci\u00f3 entre les administracions p\u00fabliques en la seua lluita conjunta contra tota mena de cat\u00e0strofes i situacions.<\/p>\n\n\n\n<p class=\"wp-block-paragraph\">Reduir el risc d&#8217;incendis forestals en el municipi, millorar la capacitat de detecci\u00f3 preco\u00e7 d&#8217;incendis, enfortir la resposta efica\u00e7 als incendis que es produ\u00efsquen, minimitzar l&#8217;impacte dels incendis en la poblaci\u00f3 i el medi ambient i promoure una cultura de prevenci\u00f3 i responsabilitat en la ciutadania s\u00f3n algunes dels objectius que centren el nucli principal del pla municipal. Per a la seua elaboraci\u00f3, s&#8217;ha realitzat un proc\u00e9s de consulta amb experts en incendis forestals, gesti\u00f3 forestal, seguretat p\u00fablica i una consulta amb els representants de la comunitat local.<br>El Pla Sentinella de Riba-roja de T\u00faria classifica les accions, mesures i propostes en tres categories en funci\u00f3 de la finalitat de cadascuna d&#8217;elles, amb la prevenci\u00f3, la resposta davant aquesta mena de situacions i la recuperaci\u00f3 de l&#8217;impacte i la seua restauraci\u00f3 com a principals eixos que es duran a terme. Les mesures per a evitar que s&#8217;inicien els incendis i la seua propagaci\u00f3, les accions d&#8217;ajudes en les labors d&#8217;extinci\u00f3 i l&#8217;avaluaci\u00f3 dels danys i les necessitats futures s\u00f3n alguns dels objectius principals.<\/p>\n\n\n\n<p class=\"wp-block-paragraph\">Entre les mesures preventives destaquen la sol\u00b7licitud a la Generalitat Valenciana d&#8217;una reguarda de bombers forestals amb destinaci\u00f3 en l&#8217;edifici del Quint de titularitat municipal, m\u00e9s c\u00e0meres de vigil\u00e0ncia en zones cr\u00edtiques per a controlar els canons del Guardian, implantaci\u00f3 de cambres estrat\u00e8giques per a la detecci\u00f3 preco\u00e7 d&#8217;incendis i possibles activitats sospitoses, m\u00e9s cambres t\u00e8rmiques, millores en el sistema Guardian o la guals inundables que permeten la circulaci\u00f3 r\u00e0pida de vehicles d&#8217;emerg\u00e8ncia en el Parc del T\u00faria.<\/p>\n\n\n\n<p class=\"wp-block-paragraph\">El Pla Sentinella advoca per l&#8217;eliminaci\u00f3 de la canya invasora i el manteniment del paratge natural compet\u00e8ncia de la Confederaci\u00f3 Hidrogr\u00e0fica del X\u00faquer i de la Generalitat, m\u00e9s campanyes de controls amb drons, intensificaci\u00f3 de controls en determinades zones del parc i actuaci\u00f3 en propietats de risc en terrenys privats per a la seua notificaci\u00f3 i posterior actuaci\u00f3 for\u00e7osa en cas de no obtindre resposta. A m\u00e9s, es proposen simulacres de cat\u00e0strofes, plans de formaci\u00f3 en personal municipal, col\u00b7laboradors i entitats ve\u00efnals, campanyes de conscienciaci\u00f3 i foment del voluntariat.<\/p>\n\n\n\n<p class=\"wp-block-paragraph\">Les respostes davant aquesta mena de situacions se centren en potenciar i ampliar el programa Guardian, pioner a Europa i el segon en el m\u00f3n en efic\u00e0cia, amb una segona edici\u00f3, un pla d&#8217;emerg\u00e8ncies de tipus general i plans d&#8217;evacuaci\u00f3 i autoprotecci\u00f3, a m\u00e9s d&#8217;estudi de noves boques d&#8217;incendis, sistemes d&#8217;alerta visual i sonora en urbanitzacions i sistemes d&#8217;alerta en m\u00f2bils.<\/p>\n\n\n\n<p class=\"wp-block-paragraph\">La recuperaci\u00f3 de les zones afectades pels incendis s&#8217;afrontar\u00e0 amb una acceleraci\u00f3 en la posada en marxa del denominat Pla G\u00e8nesi T\u00faria, amb una regeneraci\u00f3 de la flora amb esp\u00e8cies aut\u00f2ctones per a mantindre hidratat el parc i la reducci\u00f3 de les esp\u00e8cies invasores, a m\u00e9s de preparar un dispositiu d&#8217;atenci\u00f3 a la ciutadania en cas de danys a la poblaci\u00f3 amb atenci\u00f3 legal, psicol\u00f2gica i social.<\/p>\n\n\n\n<p class=\"wp-block-paragraph\">L&#8217;alcalde de Riba-roja de T\u00faria, Robert Raga, ha subratllat \u201cel car\u00e0cter innovador i ambici\u00f3s d&#8217;aquest pla en el nostre municipi amb l&#8217;\u00fanic objectiu d&#8217;afrontar amb majors garanties les situacions en cas d&#8217;incendi, a m\u00e9s de proposar nombroses de mesures de prevenci\u00f3 perqu\u00e8 no oc\u00f3rreguen, amb una resposta r\u00e0pida i efica\u00e7 en la qual tots els estaments de la societat estiguen involucrats i conscienciats\u201d.<\/p>\n","protected":false},"excerpt":{"rendered":"<div class=\"mh-excerpt\">El ple de l&#8217;ajuntament dona llum verda al nou pla que cont\u00e9 mesures de prevenci\u00f3 contra els incendis i la reducci\u00f3 de l&#8217;impacte de cat\u00e0strofes. El ple de l&#8217;Ajuntament de Riba-roja de T\u00faria ha aprovat <a class=\"mh-excerpt-more\" href=\"https:\/\/tucomarca.whitekongsoftware.com\/ca\/riba-roja-de-turia-aprova-el-pla-sentinella-que-reclama-a-la-generalitat-una-reguarda-de-bombers-forestals-per-a-lluitar-contra-incendis-control-i-vigilancia-amb-drons-i-plans-de-formacio\/\" title=\"Riba-roja de T\u00faria reclama a la Generalitat una reguarda de Bombers Forestals per a lluitar contra incendis, control i vigil\u00e0ncia amb drons i plans de formaci\u00f3\">[+] <\/a><\/div>\n","protected":false},"author":12,"featured_media":228808,"comment_status":"open","ping_status":"open","sticky":false,"template":"","format":"standard","meta":{"footnotes":""},"categories":[10892,10948,10894,10947,10906,10896],"tags":[10899,20952,15024],"class_list":["post-228809","post","type-post","status-publish","format-standard","has-post-thumbnail","category-camp-de-turia-ca","category-infraestructuras-ca","category-la-comarca-ca","category-politica","category-riba-roja-ca","category-seccion-ca","tag-camp-de-turia-ca","tag-plan-centinela-ca","tag-riba-roja-de-turia-ca"],"_links":{"self":[{"href":"https:\/\/tucomarca.whitekongsoftware.com\/ca\/wp-json\/wp\/v2\/posts\/228809","targetHints":{"allow":["GET"]}}],"collection":[{"href":"https:\/\/tucomarca.whitekongsoftware.com\/ca\/wp-json\/wp\/v2\/posts"}],"about":[{"href":"https:\/\/tucomarca.whitekongsoftware.com\/ca\/wp-json\/wp\/v2\/types\/post"}],"author":[{"embeddable":true,"href":"https:\/\/tucomarca.whitekongsoftware.com\/ca\/wp-json\/wp\/v2\/users\/12"}],"replies":[{"embeddable":true,"href":"https:\/\/tucomarca.whitekongsoftware.com\/ca\/wp-json\/wp\/v2\/comments?post=228809"}],"version-history":[{"count":0,"href":"https:\/\/tucomarca.whitekongsoftware.com\/ca\/wp-json\/wp\/v2\/posts\/228809\/revisions"}],"wp:featuredmedia":[{"embeddable":true,"href":"https:\/\/tucomarca.whitekongsoftware.com\/ca\/wp-json\/wp\/v2\/media\/228808"}],"wp:attachment":[{"href":"https:\/\/tucomarca.whitekongsoftware.com\/ca\/wp-json\/wp\/v2\/media?parent=228809"}],"wp:term":[{"taxonomy":"category","embeddable":true,"href":"https:\/\/tucomarca.whitekongsoftware.com\/ca\/wp-json\/wp\/v2\/categories?post=228809"},{"taxonomy":"post_tag","embeddable":true,"href":"https:\/\/tucomarca.whitekongsoftware.com\/ca\/wp-json\/wp\/v2\/tags?post=228809"}],"curies":[{"name":"wp","href":"https:\/\/api.w.org\/{rel}","templated":true}]}}