{"id":228801,"date":"2024-07-06T12:00:00","date_gmt":"2024-07-06T10:00:00","guid":{"rendered":"https:\/\/www.tucomarca.com\/wordpress\/segunda\/?p=228801"},"modified":"2024-07-08T12:27:31","modified_gmt":"2024-07-08T10:27:31","slug":"riba-roja-de-turia-conclou-la-campanya-bono-comercio-amb-una-injeccio-economica-de-217-000-euros-en-el-teixit-comercial","status":"publish","type":"post","link":"https:\/\/tucomarca.whitekongsoftware.com\/ca\/riba-roja-de-turia-conclou-la-campanya-bono-comercio-amb-una-injeccio-economica-de-217-000-euros-en-el-teixit-comercial\/","title":{"rendered":"Riba-roja de T\u00faria conclou la campanya &#8216;Bono Comercio&#8217; amb una injecci\u00f3 econ\u00f2mica de 217.000 euros en el teixit comercial"},"content":{"rendered":"\n<h3 class=\"wp-block-heading\">L&#8217;equip de govern dona compte al ple de les conclusions de la campanya enfocada a dinamitzar l&#8217;economia i en la qual han participat 129 comer\u00e7os.<\/h3>\n\n\n\n<p class=\"wp-block-paragraph\">L&#8217;equip de govern del PSPV a l&#8217;Ajuntament de Riba-roja de T\u00faria ha donat compte al ple de les conclusions de la campanya \u201cBono Comercio\u201d que va posar a la venda un total de 2.170 bons per valor de 100 euros cadascun d&#8217;ells i que han suposat una injecci\u00f3 econ\u00f2mica total de 217.000 euros en total entre els comer\u00e7os adherits a la iniciativa municipal.<\/p>\n\n\n\n<p class=\"wp-block-paragraph\">La campanya p\u00fablica \u00e9s fruit del conveni subscrit el 24 d&#8217;octubre de 2023 entre l&#8217;Ajuntament de Riba-roja de T\u00faria i la Cambra Oficial de Comer\u00e7, Ind\u00fastria, Serveis i Negaci\u00f3 de Val\u00e8ncia amb l&#8217;objectiu d&#8217;intensificar l&#8217;activitat econ\u00f2mica en el municipi mitjan\u00e7ant la promoci\u00f3 i dinamitzaci\u00f3 del sector comercial local, amb l&#8217;est\u00edmul de les compren el per\u00edode de vig\u00e8ncia de la iniciativa.<\/p>\n\n\n\n<p class=\"wp-block-paragraph\">En total, es van posar a la venda els citats 2.170 bons distribu\u00efts en 1.970 per a adquirir a trav\u00e9s de la web Cambra Val\u00e8ncia que es van esgotar a les poques hores del dia que van eixir a la venda el dia 13 de novembre i, d&#8217;altra banda, altres 200 bons que es van repartir de manera presencial a les persones majors de Riba-roja de T\u00faria per a evitar, principalment, la bretxa digital d&#8217;aquests.<\/p>\n\n\n\n<p class=\"wp-block-paragraph\">L&#8217;Ajuntament de Riba-roja de T\u00faria va destinar 108.500 euros als bons dels comer\u00e7os, la qual cosa suposa el 50% sobre el total posats a la venda, i altres 108.500 euros, els restants 50% que va aportar, al seu torn, els ve\u00efns de la localitat que va adquirir els bons a trav\u00e9s dels sistemes disposats a aquest efecte, de manera que al final es van disposar un total de 217.000 euros en el teixit comercial local.<\/p>\n\n\n\n<p class=\"wp-block-paragraph\">Les bases reguladores establien com a objectiu la dinamitzaci\u00f3 de l&#8217;activitat econ\u00f2mica del municipi i el suport de la competitivitat dels xicotets establiments despr\u00e9s dels successius esdeveniments socials i econ\u00f2mics que van causar una reducci\u00f3 notable en el consum, de manera que aix\u00ed s&#8217;impulsava el comer\u00e7 local i la reactivaci\u00f3 de l&#8217;activitat econ\u00f2mica. En les citades bases se subratlla la import\u00e0ncia de les petites i mitjanes empreses com a motor econ\u00f2mic i social contribuint a la consolidaci\u00f3 del teixit econ\u00f2mic s\u00f2lid i capa\u00e7 de crear ocupaci\u00f3.<\/p>\n\n\n\n<p class=\"wp-block-paragraph\">Els establiments adherits a la iniciativa havien de complir algunes caracter\u00edstiques com ser una pime conforme a les normes de la Uni\u00f3 Europea, estar situat en el terme municipal de Riba-roja de T\u00faria, estar obert al p\u00fablic de manera presencial i, a m\u00e9s, es podran sumar a aquesta campanya els comer\u00e7os oberts al p\u00fablic amb anterioritat a l&#8217;1 de setembre de 2023 i enquadrats en determinades activitats.<\/p>\n\n\n\n<p class=\"wp-block-paragraph\">D&#8217;aquesta manera, les empreses participants en la campanya havien d&#8217;estar incloses en els ep\u00edgrafs de l&#8217;impost d&#8217;activitats econ\u00f2miques (IAE) previstos en iniciativa municipal, les ind\u00fastries, de la fusta, comer\u00e7 al detall de productes alimentosos, comer\u00e7 al detall de productes industrials no alimentosos, servei d&#8217;alimentaci\u00f3, servei d&#8217;hostalatge, reparacions, professionals de l&#8217;ensenyament, de la sanitat, activitats per a-sanit\u00e0ries, professionals diversos, investigaci\u00f3, sanitat i veterinaris, recreatius i culturals i serveis personals.<\/p>\n\n\n\n<p class=\"wp-block-paragraph\">L&#8217;\u00e0rea de Comer\u00e7 de l&#8217;Ajuntament de Riba-roja de T\u00faria va realitzar una enquesta de satisfacci\u00f3 per a avaluar el grau de satisfacci\u00f3 de la campanya Bono Comercio per part dels 129 establiments participants dels quals 82 van respondre a l&#8217;enquesta mentre que la Cambra de Val\u00e8ncia va realitzar, a m\u00e9s, una altra enquesta d&#8217;opini\u00f3 i satisfacci\u00f3 dels comer\u00e7os participants, dels quals 111 comer\u00e7os s\u00ed que van respondre a aquesta.<\/p>\n\n\n\n<p class=\"wp-block-paragraph\">L&#8217;alcalde de Riba-roja de T\u00faria, Robert Raga, ha destacat \u201cel gran acolliment que t\u00e9 entre la ciutadania del nostre municipi aquest tipus d&#8217;iniciatives de suport i dinamitzaci\u00f3 del teixit empresarial i comercial en entendre la seua import\u00e0ncia puix que s\u00f3n una part fonamental en la creaci\u00f3 de llocs de treball, generaci\u00f3 de riquesa i, a m\u00e9s, s\u00f3n un element essencial de cohesi\u00f3 de la societat local\u201d.<\/p>\n\n\n\n<p class=\"wp-block-paragraph\"><\/p>\n","protected":false},"excerpt":{"rendered":"<div class=\"mh-excerpt\">L&#8217;equip de govern dona compte al ple de les conclusions de la campanya enfocada a dinamitzar l&#8217;economia i en la qual han participat 129 comer\u00e7os. L&#8217;equip de govern del PSPV a l&#8217;Ajuntament de Riba-roja de <a class=\"mh-excerpt-more\" href=\"https:\/\/tucomarca.whitekongsoftware.com\/ca\/riba-roja-de-turia-conclou-la-campanya-bono-comercio-amb-una-injeccio-economica-de-217-000-euros-en-el-teixit-comercial\/\" title=\"Riba-roja de T\u00faria conclou la campanya &#8216;Bono Comercio&#8217; amb una injecci\u00f3 econ\u00f2mica de 217.000 euros en el teixit comercial\">[+] <\/a><\/div>\n","protected":false},"author":12,"featured_media":214048,"comment_status":"open","ping_status":"open","sticky":false,"template":"","format":"standard","meta":{"footnotes":""},"categories":[10892,10948,10894,10947,10906,10896],"tags":[19339,10899,15024],"class_list":["post-228801","post","type-post","status-publish","format-standard","has-post-thumbnail","category-camp-de-turia-ca","category-infraestructuras-ca","category-la-comarca-ca","category-politica","category-riba-roja-ca","category-seccion-ca","tag-bono-comercio-local-ca","tag-camp-de-turia-ca","tag-riba-roja-de-turia-ca"],"_links":{"self":[{"href":"https:\/\/tucomarca.whitekongsoftware.com\/ca\/wp-json\/wp\/v2\/posts\/228801","targetHints":{"allow":["GET"]}}],"collection":[{"href":"https:\/\/tucomarca.whitekongsoftware.com\/ca\/wp-json\/wp\/v2\/posts"}],"about":[{"href":"https:\/\/tucomarca.whitekongsoftware.com\/ca\/wp-json\/wp\/v2\/types\/post"}],"author":[{"embeddable":true,"href":"https:\/\/tucomarca.whitekongsoftware.com\/ca\/wp-json\/wp\/v2\/users\/12"}],"replies":[{"embeddable":true,"href":"https:\/\/tucomarca.whitekongsoftware.com\/ca\/wp-json\/wp\/v2\/comments?post=228801"}],"version-history":[{"count":0,"href":"https:\/\/tucomarca.whitekongsoftware.com\/ca\/wp-json\/wp\/v2\/posts\/228801\/revisions"}],"wp:featuredmedia":[{"embeddable":true,"href":"https:\/\/tucomarca.whitekongsoftware.com\/ca\/wp-json\/wp\/v2\/media\/214048"}],"wp:attachment":[{"href":"https:\/\/tucomarca.whitekongsoftware.com\/ca\/wp-json\/wp\/v2\/media?parent=228801"}],"wp:term":[{"taxonomy":"category","embeddable":true,"href":"https:\/\/tucomarca.whitekongsoftware.com\/ca\/wp-json\/wp\/v2\/categories?post=228801"},{"taxonomy":"post_tag","embeddable":true,"href":"https:\/\/tucomarca.whitekongsoftware.com\/ca\/wp-json\/wp\/v2\/tags?post=228801"}],"curies":[{"name":"wp","href":"https:\/\/api.w.org\/{rel}","templated":true}]}}