{"id":228695,"date":"2024-07-05T14:00:00","date_gmt":"2024-07-05T12:00:00","guid":{"rendered":"https:\/\/www.tucomarca.com\/wordpress\/segunda\/?p=228695"},"modified":"2024-07-05T16:06:28","modified_gmt":"2024-07-05T14:06:28","slug":"la-guardia-civil-de-valencia-rescata-el-cos-de-lhome-de-59-anys-desaparegut-despres-de-llancar-se-al-panta-de-cortes-de-pallas","status":"publish","type":"post","link":"https:\/\/tucomarca.whitekongsoftware.com\/ca\/la-guardia-civil-de-valencia-rescata-el-cos-de-lhome-de-59-anys-desaparegut-despres-de-llancar-se-al-panta-de-cortes-de-pallas\/","title":{"rendered":"La Gu\u00e0rdia Civil de Val\u00e8ncia rescata el cos de l&#8217;home de 59 anys desaparegut despr\u00e9s de llan\u00e7ar-se al pant\u00e0 de Cortes de Pall\u00e1s"},"content":{"rendered":"\n<p class=\"wp-block-paragraph\">La Gu\u00e0rdia Civil de Val\u00e8ncia ha informat que aquest mat\u00ed s&#8217;ha localitzat i rescatat el cos sense vida d&#8217;un home de 59 anys que el passat 30 de juny s&#8217;havia llan\u00e7at a l&#8217;aigua des del pont que dona acc\u00e9s al municipi de Cortes de Pall\u00e1s. <\/p>\n\n\n\n<p class=\"wp-block-paragraph\">Aquesta secci\u00f3 del riu, coneguda per la seua profunditat aproximada de 50 metres, representa un perill significatiu.<\/p>\n\n\n\n<p class=\"wp-block-paragraph\">El cad\u00e0ver va ser localitzat a 47 metres de profunditat utilitzant el robot no tripulat del Grup Especial d&#8217;Activitats Subaqu\u00e0tiques (GEAS) i posteriorment recuperat per bussos especialistes. <\/p>\n\n\n\n<p class=\"wp-block-paragraph\">La troballa i la recuperaci\u00f3 del cos subratllen la perillositat de la zona i la professionalitat dels equips de rescat, tal com han informat fonts de la Comand\u00e0ncia de la Gu\u00e0rdia Civil de Val\u00e8ncia.<\/p>\n","protected":false},"excerpt":{"rendered":"<div class=\"mh-excerpt\">La Gu\u00e0rdia Civil de Val\u00e8ncia ha informat que aquest mat\u00ed s&#8217;ha localitzat i rescatat el cos sense vida d&#8217;un home de 59 anys que el passat 30 de juny s&#8217;havia llan\u00e7at a l&#8217;aigua des del <a class=\"mh-excerpt-more\" href=\"https:\/\/tucomarca.whitekongsoftware.com\/ca\/la-guardia-civil-de-valencia-rescata-el-cos-de-lhome-de-59-anys-desaparegut-despres-de-llancar-se-al-panta-de-cortes-de-pallas\/\" title=\"La Gu\u00e0rdia Civil de Val\u00e8ncia rescata el cos de l&#8217;home de 59 anys desaparegut despr\u00e9s de llan\u00e7ar-se al pant\u00e0 de Cortes de Pall\u00e1s\">[+] <\/a><\/div>\n","protected":false},"author":12,"featured_media":228693,"comment_status":"open","ping_status":"open","sticky":false,"template":"","format":"standard","meta":{"footnotes":""},"categories":[10951,10953,10898,10948,10894,10896,10897],"tags":[11230,11934,20949],"class_list":["post-228695","post","type-post","status-publish","format-standard","has-post-thumbnail","category-ayora-cofrentes-ca","category-cortes-de-pallas-ca","category-ventana-ca","category-infraestructuras-ca","category-la-comarca-ca","category-seccion-ca","category-sucesos-la-comarca-ca","tag-cortes-de-pallas-ca","tag-el-valle-de-ayora-cofrentes-ca","tag-guardi-civil-ca"],"_links":{"self":[{"href":"https:\/\/tucomarca.whitekongsoftware.com\/ca\/wp-json\/wp\/v2\/posts\/228695","targetHints":{"allow":["GET"]}}],"collection":[{"href":"https:\/\/tucomarca.whitekongsoftware.com\/ca\/wp-json\/wp\/v2\/posts"}],"about":[{"href":"https:\/\/tucomarca.whitekongsoftware.com\/ca\/wp-json\/wp\/v2\/types\/post"}],"author":[{"embeddable":true,"href":"https:\/\/tucomarca.whitekongsoftware.com\/ca\/wp-json\/wp\/v2\/users\/12"}],"replies":[{"embeddable":true,"href":"https:\/\/tucomarca.whitekongsoftware.com\/ca\/wp-json\/wp\/v2\/comments?post=228695"}],"version-history":[{"count":0,"href":"https:\/\/tucomarca.whitekongsoftware.com\/ca\/wp-json\/wp\/v2\/posts\/228695\/revisions"}],"wp:featuredmedia":[{"embeddable":true,"href":"https:\/\/tucomarca.whitekongsoftware.com\/ca\/wp-json\/wp\/v2\/media\/228693"}],"wp:attachment":[{"href":"https:\/\/tucomarca.whitekongsoftware.com\/ca\/wp-json\/wp\/v2\/media?parent=228695"}],"wp:term":[{"taxonomy":"category","embeddable":true,"href":"https:\/\/tucomarca.whitekongsoftware.com\/ca\/wp-json\/wp\/v2\/categories?post=228695"},{"taxonomy":"post_tag","embeddable":true,"href":"https:\/\/tucomarca.whitekongsoftware.com\/ca\/wp-json\/wp\/v2\/tags?post=228695"}],"curies":[{"name":"wp","href":"https:\/\/api.w.org\/{rel}","templated":true}]}}