{"id":228526,"date":"2024-07-04T10:10:00","date_gmt":"2024-07-04T08:10:00","guid":{"rendered":"https:\/\/www.tucomarca.com\/wordpress\/segunda\/?p=228526"},"modified":"2024-07-04T11:41:17","modified_gmt":"2024-07-04T09:41:17","slug":"lajuntament-de-benaguasil-aposta-un-estiu-mes-pel-cinema-a-laire-lliure","status":"publish","type":"post","link":"https:\/\/tucomarca.whitekongsoftware.com\/ca\/lajuntament-de-benaguasil-aposta-un-estiu-mes-pel-cinema-a-laire-lliure\/","title":{"rendered":"L&#8217;Ajuntament de Benaguasil aposta un estiu m\u00e9s pel cinema a l&#8217;aire lliure"},"content":{"rendered":"\n<h3 class=\"wp-block-heading\">Les pel\u00b7l\u00edcules es projectaran tots els divendres de juliol a les 22,00 hores en la Pla\u00e7a.<\/h3>\n\n\n<div class=\"wp-block-image\">\n<figure class=\"alignleft size-large is-resized\"><img loading=\"lazy\" decoding=\"async\" width=\"576\" height=\"1024\" src=\"http:\/\/www.tucomarca.com\/wordpress\/segunda\/wp-content\/uploads\/2024\/07\/BenaguasilCineVerano-576x1024.jpg\" alt=\"\" class=\"wp-image-228523\" style=\"width:446px;height:auto\" srcset=\"https:\/\/tucomarca.whitekongsoftware.com\/wp-content\/uploads\/2024\/07\/BenaguasilCineVerano-576x1024.jpg 576w, https:\/\/tucomarca.whitekongsoftware.com\/wp-content\/uploads\/2024\/07\/BenaguasilCineVerano-169x300.jpg 169w, https:\/\/tucomarca.whitekongsoftware.com\/wp-content\/uploads\/2024\/07\/BenaguasilCineVerano-768x1365.jpg 768w, https:\/\/tucomarca.whitekongsoftware.com\/wp-content\/uploads\/2024\/07\/BenaguasilCineVerano-864x1536.jpg 864w, https:\/\/tucomarca.whitekongsoftware.com\/wp-content\/uploads\/2024\/07\/BenaguasilCineVerano.jpg 886w\" sizes=\"auto, (max-width: 576px) 100vw, 576px\" \/><\/figure>\n<\/div>\n\n\n<p class=\"wp-block-paragraph\">L&#8217;Ajuntament de Benaguasil aposta un any m\u00e9s pel cinema d&#8217;estiu a l&#8217;aire lliure com a activitat l\u00fadica per a aquest estiu. Durant tot el mes de juliol, s&#8217;oferiran quatre sessions de cinema en la Pla\u00e7a, pensades per a tots els p\u00fablics.<\/p>\n\n\n\n<p class=\"wp-block-paragraph\">La programaci\u00f3 donar\u00e0 inici aquest divendres amb el film \u2018Sonic 2. La pel\u00b7l\u00edcula\u2019. Una setmana m\u00e9s tard, el 12 de juliol, els ve\u00efns podran gaudir de la projecci\u00f3 de superherois \u2018Shazam, la f\u00faria dels d\u00e9us \u2019.<\/p>\n\n\n\n<p class=\"wp-block-paragraph\">El dia 19 ser\u00e0 el torn de la pel\u00b7l\u00edcula \u2018Oppenheimer\u2019, una pel\u00b7l\u00edcula hist\u00f2rica sobre l&#8217;home darrere de la creaci\u00f3 de la bomba at\u00f2mica, mentre que el 26 es projectar\u00e0 \u2018Barbie\u2019.<\/p>\n\n\n\n<p class=\"wp-block-paragraph\">Des de l&#8217;Ajuntament han assenyalat que \u201cel cinema s&#8217;ha consolidat com a alternativa d&#8217;oci en les nits estiuenques per als ve\u00efns de Benaguasil, amb una cartellera per a tots els p\u00fablics\u201d.<\/p>\n\n\n\n<p class=\"wp-block-paragraph\">El cicle, l&#8217;horari del qual \u00e9s a partir de les deu de la nit, es far\u00e0 extensiu durant tots els divendres de juliol i \u00e9s totalment gratu\u00eft.<\/p>\n","protected":false},"excerpt":{"rendered":"<div class=\"mh-excerpt\">Les pel\u00b7l\u00edcules es projectaran tots els divendres de juliol a les 22,00 hores en la Pla\u00e7a. L&#8217;Ajuntament de Benaguasil aposta un any m\u00e9s pel cinema d&#8217;estiu a l&#8217;aire lliure com a activitat l\u00fadica per a <a class=\"mh-excerpt-more\" href=\"https:\/\/tucomarca.whitekongsoftware.com\/ca\/lajuntament-de-benaguasil-aposta-un-estiu-mes-pel-cinema-a-laire-lliure\/\" title=\"L&#8217;Ajuntament de Benaguasil aposta un estiu m\u00e9s pel cinema a l&#8217;aire lliure\">[+] <\/a><\/div>\n","protected":false},"author":12,"featured_media":228524,"comment_status":"open","ping_status":"open","sticky":false,"template":"","format":"standard","meta":{"footnotes":""},"categories":[11019,10952,10892,10894,11007,10896],"tags":[11136,10899,17457],"class_list":["post-228526","post","type-post","status-publish","format-standard","has-post-thumbnail","category-agenda-ca","category-benaguasil-ca","category-camp-de-turia-ca","category-la-comarca-ca","category-ocio-y-cultura-ca","category-seccion-ca","tag-benaguasil-ca","tag-camp-de-turia-ca","tag-cine-destiu-ca"],"_links":{"self":[{"href":"https:\/\/tucomarca.whitekongsoftware.com\/ca\/wp-json\/wp\/v2\/posts\/228526","targetHints":{"allow":["GET"]}}],"collection":[{"href":"https:\/\/tucomarca.whitekongsoftware.com\/ca\/wp-json\/wp\/v2\/posts"}],"about":[{"href":"https:\/\/tucomarca.whitekongsoftware.com\/ca\/wp-json\/wp\/v2\/types\/post"}],"author":[{"embeddable":true,"href":"https:\/\/tucomarca.whitekongsoftware.com\/ca\/wp-json\/wp\/v2\/users\/12"}],"replies":[{"embeddable":true,"href":"https:\/\/tucomarca.whitekongsoftware.com\/ca\/wp-json\/wp\/v2\/comments?post=228526"}],"version-history":[{"count":0,"href":"https:\/\/tucomarca.whitekongsoftware.com\/ca\/wp-json\/wp\/v2\/posts\/228526\/revisions"}],"wp:featuredmedia":[{"embeddable":true,"href":"https:\/\/tucomarca.whitekongsoftware.com\/ca\/wp-json\/wp\/v2\/media\/228524"}],"wp:attachment":[{"href":"https:\/\/tucomarca.whitekongsoftware.com\/ca\/wp-json\/wp\/v2\/media?parent=228526"}],"wp:term":[{"taxonomy":"category","embeddable":true,"href":"https:\/\/tucomarca.whitekongsoftware.com\/ca\/wp-json\/wp\/v2\/categories?post=228526"},{"taxonomy":"post_tag","embeddable":true,"href":"https:\/\/tucomarca.whitekongsoftware.com\/ca\/wp-json\/wp\/v2\/tags?post=228526"}],"curies":[{"name":"wp","href":"https:\/\/api.w.org\/{rel}","templated":true}]}}