{"id":228491,"date":"2024-07-03T11:20:00","date_gmt":"2024-07-03T09:20:00","guid":{"rendered":"https:\/\/www.tucomarca.com\/wordpress\/segunda\/?p=228491"},"modified":"2024-07-03T20:38:20","modified_gmt":"2024-07-03T18:38:20","slug":"justicia-invertira-mes-de-800-000-euros-a-millorar-la-installacio-de-climatitzacio-i-ventilacio-de-la-seu-judicial-de-requena","status":"publish","type":"post","link":"https:\/\/tucomarca.whitekongsoftware.com\/ca\/justicia-invertira-mes-de-800-000-euros-a-millorar-la-installacio-de-climatitzacio-i-ventilacio-de-la-seu-judicial-de-requena\/","title":{"rendered":"Just\u00edcia invertir\u00e0 m\u00e9s de 800.000 euros a millorar la instal\u00b7laci\u00f3 de climatitzaci\u00f3 i ventilaci\u00f3 de la Seu Judicial de Requena"},"content":{"rendered":"\n<h3 class=\"wp-block-heading\">Just\u00edcia invertir\u00e0 m\u00e9s de 800.000 euros a millorar la instal\u00b7laci\u00f3 de climatitzaci\u00f3 i ventilaci\u00f3 de la Seu Judicial de Requena.<\/h3>\n\n\n\n<h3 class=\"wp-block-heading\">Aquesta actuaci\u00f3 forma part del Pla d&#8217;Efici\u00e8ncia Energ\u00e8tica de la Conselleria dotat amb un pressupost de 18,2 milions d&#8217;euros.<\/h3>\n\n\n\n<p class=\"wp-block-paragraph\">La directora general de Just\u00edcia, Cristina Gil, ha anunciat que la Conselleria de Just\u00edcia i Interior tenen previst dur a terme, en el segon semestre de 2024, la millora de la instal\u00b7laci\u00f3 de climatitzaci\u00f3 i ventilaci\u00f3 de la Seu Judicial de Requena amb la finalitat de millorar l&#8217;efici\u00e8ncia energ\u00e8tica en l&#8217;edifici.<br>Amb una inversi\u00f3 de 843.859 euros, la directora general de Just\u00edcia ha indicat que \u201caquesta actuaci\u00f3 forma part del Pla d&#8217;Efici\u00e8ncia Energ\u00e8tica de la Conselleria de Just\u00edcia i Interior dotat d&#8217;un pressupost de 18,2 milions d&#8217;euros amb la finalitat de millorar l&#8217;efici\u00e8ncia energ\u00e8tica i organitzativa en els edificis judicials de la Comunitat Valenciana\u201d.<br>Cristina Gil ha realitzat aquestes declaracions en la visita a la seu dels Jutjats del Partit Judicial de Requena, on ha pogut comprovar de primera m\u00e0 l&#8217;estat de l&#8217;edifici que alberga els \u00f2rgans judicials i el treball de professionals, personal funcionari, Lletrats de l&#8217;Administraci\u00f3 de Just\u00edcia i Jutges que exerceixen les seues funcions en ell.<br>Una visita que ha servit per a con\u00e9ixer les necessitats que li traslladen els treballadors i professionals i comprovar el dia a dia del funcionament dels diferents \u00f2rgans judicials.<br>A m\u00e9s, la directora general de Just\u00edcia s&#8217;ha reunit amb els Lletrats de l&#8217;Administraci\u00f3 de Just\u00edcia de Requena, als quals ha explicat les noves eines i funcionalitats inform\u00e0tiques que la Conselleria de Just\u00edcia i Interior est\u00e0 implementant en els Jutjats, com ara Nexe, Accedisca, EVID, Inside o DEH\u00da, les quals impulsaran la modernitzaci\u00f3 en la tramitaci\u00f3 dels expedients judicials i permetran al ciutad\u00e0 relacionar-se telem\u00e0ticament amb l&#8217;Administraci\u00f3 de Just\u00edcia.<br>Aix\u00ed mateix, els ha traslladat les mesures que la Direcci\u00f3 General de Just\u00edcia t\u00e9 previst implementar amb la finalitat d&#8217;agilitzar el treball en els jutjats que pateixen major litigiositat i adaptar-los a les futures reformes legislatives en mat\u00e8ria d&#8217;efici\u00e8ncia.<\/p>\n","protected":false},"excerpt":{"rendered":"<div class=\"mh-excerpt\">Just\u00edcia invertir\u00e0 m\u00e9s de 800.000 euros a millorar la instal\u00b7laci\u00f3 de climatitzaci\u00f3 i ventilaci\u00f3 de la Seu Judicial de Requena. Aquesta actuaci\u00f3 forma part del Pla d&#8217;Efici\u00e8ncia Energ\u00e8tica de la Conselleria dotat amb un pressupost <a class=\"mh-excerpt-more\" href=\"https:\/\/tucomarca.whitekongsoftware.com\/ca\/justicia-invertira-mes-de-800-000-euros-a-millorar-la-installacio-de-climatitzacio-i-ventilacio-de-la-seu-judicial-de-requena\/\" title=\"Just\u00edcia invertir\u00e0 m\u00e9s de 800.000 euros a millorar la instal\u00b7laci\u00f3 de climatitzaci\u00f3 i ventilaci\u00f3 de la Seu Judicial de Requena\">[+] <\/a><\/div>\n","protected":false},"author":12,"featured_media":228479,"comment_status":"open","ping_status":"open","sticky":false,"template":"","format":"standard","meta":{"footnotes":""},"categories":[10898,10948,10894,10947,10908,10909,10896],"tags":[11099,10910,20940],"class_list":["post-228491","post","type-post","status-publish","format-standard","has-post-thumbnail","category-ventana-ca","category-infraestructuras-ca","category-la-comarca-ca","category-politica","category-requena-ca","category-requena-utiel-ca","category-seccion-ca","tag-requena-ca","tag-requena-utiel-ca","tag-sede-judicial-de-requena-ca"],"_links":{"self":[{"href":"https:\/\/tucomarca.whitekongsoftware.com\/ca\/wp-json\/wp\/v2\/posts\/228491","targetHints":{"allow":["GET"]}}],"collection":[{"href":"https:\/\/tucomarca.whitekongsoftware.com\/ca\/wp-json\/wp\/v2\/posts"}],"about":[{"href":"https:\/\/tucomarca.whitekongsoftware.com\/ca\/wp-json\/wp\/v2\/types\/post"}],"author":[{"embeddable":true,"href":"https:\/\/tucomarca.whitekongsoftware.com\/ca\/wp-json\/wp\/v2\/users\/12"}],"replies":[{"embeddable":true,"href":"https:\/\/tucomarca.whitekongsoftware.com\/ca\/wp-json\/wp\/v2\/comments?post=228491"}],"version-history":[{"count":0,"href":"https:\/\/tucomarca.whitekongsoftware.com\/ca\/wp-json\/wp\/v2\/posts\/228491\/revisions"}],"wp:featuredmedia":[{"embeddable":true,"href":"https:\/\/tucomarca.whitekongsoftware.com\/ca\/wp-json\/wp\/v2\/media\/228479"}],"wp:attachment":[{"href":"https:\/\/tucomarca.whitekongsoftware.com\/ca\/wp-json\/wp\/v2\/media?parent=228491"}],"wp:term":[{"taxonomy":"category","embeddable":true,"href":"https:\/\/tucomarca.whitekongsoftware.com\/ca\/wp-json\/wp\/v2\/categories?post=228491"},{"taxonomy":"post_tag","embeddable":true,"href":"https:\/\/tucomarca.whitekongsoftware.com\/ca\/wp-json\/wp\/v2\/tags?post=228491"}],"curies":[{"name":"wp","href":"https:\/\/api.w.org\/{rel}","templated":true}]}}