{"id":228454,"date":"2024-07-03T12:00:00","date_gmt":"2024-07-03T10:00:00","guid":{"rendered":"https:\/\/www.tucomarca.com\/wordpress\/segunda\/?p=228454"},"modified":"2024-07-03T20:34:32","modified_gmt":"2024-07-03T18:34:32","slug":"video-natalia-enguix-un-llibre-i-dues-noves-webs-enforteixen-laposta-pedagogica-sobre-memoria-democratica-de-la-diputacio","status":"publish","type":"post","link":"https:\/\/tucomarca.whitekongsoftware.com\/ca\/video-natalia-enguix-un-llibre-i-dues-noves-webs-enforteixen-laposta-pedagogica-sobre-memoria-democratica-de-la-diputacio\/","title":{"rendered":"V\u00eddeo. Nat\u00e0lia Enguix: &#8220;un llibre i dues noves webs enforteixen l&#8217;aposta pedag\u00f2gica sobre mem\u00f2ria democr\u00e0tica de la Diputaci\u00f3&#8221;"},"content":{"rendered":"\n<figure class=\"wp-block-embed is-type-video is-provider-youtube wp-block-embed-youtube wp-embed-aspect-16-9 wp-has-aspect-ratio\"><div class=\"wp-block-embed__wrapper\">\n<iframe loading=\"lazy\" title=\"Dos noves webs i un llibre enfortixen l&#039;aposta pedag\u00f2gica sobre mem\u00f2ria democr\u00e0tica de la Diputaci\u00f3\" width=\"500\" height=\"281\" src=\"https:\/\/www.youtube.com\/embed\/e9jscUdnluQ?feature=oembed\" frameborder=\"0\" allow=\"accelerometer; autoplay; clipboard-write; encrypted-media; gyroscope; picture-in-picture; web-share\" referrerpolicy=\"strict-origin-when-cross-origin\" allowfullscreen><\/iframe>\n<\/div><\/figure>\n\n\n\n<p class=\"wp-block-paragraph\">La vicepresidenta primera de l&#8217;ens provincial i responsable de l&#8217;\u00e0rea de Mem\u00f2ria Democr\u00e0tica de la Diputaci\u00f3 de Val\u00e8ncia, Nat\u00e0lia Enguix, explica en aquest v\u00eddeo que la Diputaci\u00f3 compta amb tres noves eines per a enfortir la seua aposta per la pedagogia en refer\u00e8ncia a la mem\u00f2ria democr\u00e0tica.<\/p>\n","protected":false},"excerpt":{"rendered":"<div class=\"mh-excerpt\">La vicepresidenta primera de l&#8217;ens provincial i responsable de l&#8217;\u00e0rea de Mem\u00f2ria Democr\u00e0tica de la Diputaci\u00f3 de Val\u00e8ncia, Nat\u00e0lia Enguix, explica en aquest v\u00eddeo que la Diputaci\u00f3 compta amb tres noves eines per a enfortir <a class=\"mh-excerpt-more\" href=\"https:\/\/tucomarca.whitekongsoftware.com\/ca\/video-natalia-enguix-un-llibre-i-dues-noves-webs-enforteixen-laposta-pedagogica-sobre-memoria-democratica-de-la-diputacio\/\" title=\"V\u00eddeo. Nat\u00e0lia Enguix: &#8220;un llibre i dues noves webs enforteixen l&#8217;aposta pedag\u00f2gica sobre mem\u00f2ria democr\u00e0tica de la Diputaci\u00f3&#8221;\">[+] <\/a><\/div>\n","protected":false},"author":1,"featured_media":228453,"comment_status":"open","ping_status":"open","sticky":false,"template":"","format":"video","meta":{"footnotes":""},"categories":[20600,10898,10948,10894,10904,20456,11007,10947,10896,11062],"tags":[14181,16620,20404],"class_list":["post-228454","post","type-post","status-publish","format-video","has-post-thumbnail","category-area-memoria-democratica-ca","category-ventana-ca","category-infraestructuras-ca","category-la-comarca-ca","category-sin-categorizar-ca","category-la-diputacio-de-valencia-informa-ca","category-ocio-y-cultura-ca","category-politica","category-seccion-ca","category-videos","tag-diputacio-de-valencia-2-ca","tag-memoria-democratica-ca","tag-natalia-enguix-2-ca","post_format-post-format-video"],"_links":{"self":[{"href":"https:\/\/tucomarca.whitekongsoftware.com\/ca\/wp-json\/wp\/v2\/posts\/228454","targetHints":{"allow":["GET"]}}],"collection":[{"href":"https:\/\/tucomarca.whitekongsoftware.com\/ca\/wp-json\/wp\/v2\/posts"}],"about":[{"href":"https:\/\/tucomarca.whitekongsoftware.com\/ca\/wp-json\/wp\/v2\/types\/post"}],"author":[{"embeddable":true,"href":"https:\/\/tucomarca.whitekongsoftware.com\/ca\/wp-json\/wp\/v2\/users\/1"}],"replies":[{"embeddable":true,"href":"https:\/\/tucomarca.whitekongsoftware.com\/ca\/wp-json\/wp\/v2\/comments?post=228454"}],"version-history":[{"count":0,"href":"https:\/\/tucomarca.whitekongsoftware.com\/ca\/wp-json\/wp\/v2\/posts\/228454\/revisions"}],"wp:featuredmedia":[{"embeddable":true,"href":"https:\/\/tucomarca.whitekongsoftware.com\/ca\/wp-json\/wp\/v2\/media\/228453"}],"wp:attachment":[{"href":"https:\/\/tucomarca.whitekongsoftware.com\/ca\/wp-json\/wp\/v2\/media?parent=228454"}],"wp:term":[{"taxonomy":"category","embeddable":true,"href":"https:\/\/tucomarca.whitekongsoftware.com\/ca\/wp-json\/wp\/v2\/categories?post=228454"},{"taxonomy":"post_tag","embeddable":true,"href":"https:\/\/tucomarca.whitekongsoftware.com\/ca\/wp-json\/wp\/v2\/tags?post=228454"}],"curies":[{"name":"wp","href":"https:\/\/api.w.org\/{rel}","templated":true}]}}