{"id":228357,"date":"2024-07-02T13:30:00","date_gmt":"2024-07-02T11:30:00","guid":{"rendered":"https:\/\/www.tucomarca.com\/wordpress\/segunda\/?p=228357"},"modified":"2024-07-02T19:27:57","modified_gmt":"2024-07-02T17:27:57","slug":"el-bunyolense-sergio-casas-santos-dirigira-aquest-diumenge-a-la-banda-simfonica-municipal-de-madrid","status":"publish","type":"post","link":"https:\/\/tucomarca.whitekongsoftware.com\/ca\/el-bunyolense-sergio-casas-santos-dirigira-aquest-diumenge-a-la-banda-simfonica-municipal-de-madrid\/","title":{"rendered":"El bunyolense Sergio Casas Santos dirigir\u00e0 aquest diumenge a la Banda Simf\u00f2nica Municipal de Madrid"},"content":{"rendered":"<div class=\"wp-block-image\">\n<figure class=\"alignleft size-full is-resized\"><img loading=\"lazy\" decoding=\"async\" width=\"886\" height=\"1020\" src=\"https:\/\/www.tucomarca.com\/wordpress\/segunda\/wp-content\/uploads\/2024\/07\/SergioCasas1.jpg\" alt=\"\" class=\"wp-image-228228\" style=\"width:326px;height:auto\" srcset=\"https:\/\/tucomarca.whitekongsoftware.com\/wp-content\/uploads\/2024\/07\/SergioCasas1.jpg 886w, https:\/\/tucomarca.whitekongsoftware.com\/wp-content\/uploads\/2024\/07\/SergioCasas1-261x300.jpg 261w, https:\/\/tucomarca.whitekongsoftware.com\/wp-content\/uploads\/2024\/07\/SergioCasas1-768x884.jpg 768w\" sizes=\"auto, (max-width: 886px) 100vw, 886px\" \/><\/figure>\n<\/div>\n\n\n<p class=\"wp-block-paragraph\">El bunyolense Sergio Casas, m\u00fasic del CIM \u201cL&#8217;Arm\u00f2nica\u201d de Bunyol i amb una llarga traject\u00f2ria en direcci\u00f3 d&#8217;orquestra i banda, dirigir\u00e0 aquest diumenge, 7 de juliol, a la Banda Simf\u00f2nica Municipal de Madrid en l&#8217;emblem\u00e0tic Templet dels Jardins del Bon Retir de Madrid.<\/p>\n\n\n\n<p class=\"wp-block-paragraph\">Sergio Casas ha confessat a <strong>tucomarca.com<\/strong> &#8220;sentir-se molt afortunat per poder viure aquest moment&#8221; i ha assegurat ser conscient de la seua responsabilitat i del que aix\u00f2 suposa per a la seua carrera: \u201c\u00e9s un privilegi i un honor per a mi dirigir aquesta setmana la Banda Simf\u00f2nica Municipal de Madrid, considerada una de les millors bandes professionals a nivell internacional. \u00c9s una agrupaci\u00f3 a la qual tinc especial afecte, ja que forme part com a m\u00fasic des de fa 21 anys. Per primera vegada tinc l&#8217;oportunitat de posar-me al capdavant d&#8217;ella en un entorn tan entranyable com \u00e9s el Templet dels Jardins del Bon Retir de Madrid, la qual cosa suposa una enorme responsabilitat i un pas avant en la meua carrera com a director\u201d, en paraules de Sergio Casas.<\/p>\n\n\n\n<p class=\"wp-block-paragraph\"><strong>Programa del concert<\/strong><\/p>\n\n\n\n<p class=\"wp-block-paragraph\">La Banda Simf\u00f2nica de Madrid interpretar\u00e0 un programa compost, en la primera part (dedicada a la m\u00fasica original per a banda), per l&#8217;obra <em>Symphonic Overture<\/em>, de James Barnes; <em>First Suite for Military Band<\/em>, de Gustav Holst; i <em>Armenian Danses<\/em>, d&#8217;Alfred Reed.<\/p>\n\n\n\n<p class=\"wp-block-paragraph\">En la segona part del concert, que consistir\u00e0 en un homenatge a la Zarzuela, es podr\u00e0 gaudir del <em>Caseriu<\/em>, de Jes\u00fas Guridi; de la <em>Simfonia sobre motius de sarsuela<\/em>, de Francisco Asenjo Barbieri; de <em>La Marchenera<\/em>, de Federico Moreno Torroba; i de <em>La del manoll de roses<\/em>, de Pablo Soroz\u00e1bal.<\/p>\n\n\n\n<p class=\"wp-block-paragraph\"><strong>Sergio Casas<\/strong><\/p>\n\n\n\n<p class=\"wp-block-paragraph\">El bunyolense Sergio Casas Santos va finalitzar els seus estudis en el Real Conservatori Superior de M\u00fasica de Madrid amb les m\u00e9s altes qualificacions i el Premi Extraordinari Fi de Carrera en l&#8217;especialitat de Bombard\u00ed.<\/p>\n\n\n\n<p class=\"wp-block-paragraph\">En 1995 va ingressar en el Cos de M\u00fasiques Militars, sent destinat a la Banda Simf\u00f2nica d&#8217;Infanteria de Marina de Madrid, pla\u00e7a que va ocupar fins a 2003. Eixe mateix any, va obtindre pla\u00e7a per oposici\u00f3 en la Banda Simf\u00f2nica Municipal de Madrid, on actualment \u00e9s Professor Ajuda de Solista de Bombard\u00ed.<\/p>\n\n\n\n<p class=\"wp-block-paragraph\">Va estudiar direcci\u00f3 d&#8217;orquestra i banda amb els mestres Enrique Garc\u00eda Asensio, Miguel Romea, Crist\u00f3bal Soler i Jan Cober, i va cursar el M\u00e0ster de Direcci\u00f3 d&#8217;Orquestra en la Universitat Internacional de La Rioja.<\/p>\n\n\n\n<p class=\"wp-block-paragraph\">Com a director, ha dirigit la Banda de l&#8217;Associaci\u00f3 Cultural Benito Garc\u00eda de Bargas, la Filharm\u00f2nica Beethoven de Campo de Criptana, la Banda Municipal de Pinto i la Banda Municipal de M\u00fasica de Alcobendas, de la qual va ser director titular des de 2006 fins a 2022.<\/p>\n","protected":false},"excerpt":{"rendered":"<div class=\"mh-excerpt\">El bunyolense Sergio Casas, m\u00fasic del CIM \u201cL&#8217;Arm\u00f2nica\u201d de Bunyol i amb una llarga traject\u00f2ria en direcci\u00f3 d&#8217;orquestra i banda, dirigir\u00e0 aquest diumenge, 7 de juliol, a la Banda Simf\u00f2nica Municipal de Madrid en l&#8217;emblem\u00e0tic <a class=\"mh-excerpt-more\" href=\"https:\/\/tucomarca.whitekongsoftware.com\/ca\/el-bunyolense-sergio-casas-santos-dirigira-aquest-diumenge-a-la-banda-simfonica-municipal-de-madrid\/\" title=\"El bunyolense Sergio Casas Santos dirigir\u00e0 aquest diumenge a la Banda Simf\u00f2nica Municipal de Madrid\">[+] <\/a><\/div>\n","protected":false},"author":12,"featured_media":228232,"comment_status":"open","ping_status":"open","sticky":false,"template":"","format":"standard","meta":{"footnotes":""},"categories":[11019,10911,11005,10898,10894,10912,11007,10896],"tags":[20929,10913,10914,20930],"class_list":["post-228357","post","type-post","status-publish","format-standard","has-post-thumbnail","category-agenda-ca","category-bunol-ca","category-canal-musica","category-ventana-ca","category-la-comarca-ca","category-la-hoya-ca","category-ocio-y-cultura-ca","category-seccion-ca","tag-banda-sinfonica-de-madrid-ca","tag-bunol-ca","tag-la-hoya-de-bunol-chiva-ca","tag-sergio-casas-santos-ca"],"_links":{"self":[{"href":"https:\/\/tucomarca.whitekongsoftware.com\/ca\/wp-json\/wp\/v2\/posts\/228357","targetHints":{"allow":["GET"]}}],"collection":[{"href":"https:\/\/tucomarca.whitekongsoftware.com\/ca\/wp-json\/wp\/v2\/posts"}],"about":[{"href":"https:\/\/tucomarca.whitekongsoftware.com\/ca\/wp-json\/wp\/v2\/types\/post"}],"author":[{"embeddable":true,"href":"https:\/\/tucomarca.whitekongsoftware.com\/ca\/wp-json\/wp\/v2\/users\/12"}],"replies":[{"embeddable":true,"href":"https:\/\/tucomarca.whitekongsoftware.com\/ca\/wp-json\/wp\/v2\/comments?post=228357"}],"version-history":[{"count":0,"href":"https:\/\/tucomarca.whitekongsoftware.com\/ca\/wp-json\/wp\/v2\/posts\/228357\/revisions"}],"wp:featuredmedia":[{"embeddable":true,"href":"https:\/\/tucomarca.whitekongsoftware.com\/ca\/wp-json\/wp\/v2\/media\/228232"}],"wp:attachment":[{"href":"https:\/\/tucomarca.whitekongsoftware.com\/ca\/wp-json\/wp\/v2\/media?parent=228357"}],"wp:term":[{"taxonomy":"category","embeddable":true,"href":"https:\/\/tucomarca.whitekongsoftware.com\/ca\/wp-json\/wp\/v2\/categories?post=228357"},{"taxonomy":"post_tag","embeddable":true,"href":"https:\/\/tucomarca.whitekongsoftware.com\/ca\/wp-json\/wp\/v2\/tags?post=228357"}],"curies":[{"name":"wp","href":"https:\/\/api.w.org\/{rel}","templated":true}]}}