{"id":228250,"date":"2024-07-02T12:00:00","date_gmt":"2024-07-02T10:00:00","guid":{"rendered":"https:\/\/www.tucomarca.com\/wordpress\/segunda\/?p=228250"},"modified":"2024-07-02T18:32:40","modified_gmt":"2024-07-02T16:32:40","slug":"la-banda-juvenil-de-la-societat-musical-lartistica-de-xiva-ofereix-un-concert-al-costat-de-la-juvenil-de-canet-den-berenguer-i-la-coral-amb-la-de-xelva","status":"publish","type":"post","link":"https:\/\/tucomarca.whitekongsoftware.com\/ca\/la-banda-juvenil-de-la-societat-musical-lartistica-de-xiva-ofereix-un-concert-al-costat-de-la-juvenil-de-canet-den-berenguer-i-la-coral-amb-la-de-xelva\/","title":{"rendered":"La Banda Juvenil de la Societat Musical &#8220;L&#8217;Art\u00edstica&#8221; de Xiva ofereix un concert al costat de la Juvenil de Canet d&#8217;en Berenguer i la Coral amb la de Xelva"},"content":{"rendered":"\n<h3 class=\"wp-block-heading\">La Banda Juvenil de la Societat Musical &#8220;L&#8217;Art\u00edstica&#8221; de Xiva ofereix un concert al costat de la Juvenil de Canet d&#8217;en Berenguer; i l&#8217;Esgl\u00e9sia Arxiprestal de Xelva acull un concert compartit amb la Coral d&#8217;aquesta poblaci\u00f3 i la de Xiva, dins de la mateixa XXI Campanya d&#8217;Intercanvis de la Generalitat Valeciana i el Institut Valenci\u00e1 de Cultura.<\/h3>\n\n\n\n<p class=\"wp-block-paragraph\">Enquadrat dins de la XXI campanya d&#8217;intercanvis musicals de la Generalitat Valenciana i el Institut Valenci\u00e1 de Cultura, es va oferir a les 20,00 hores, al pati del col\u00b7legi Dr. Corach\u00e1n, el concert oferit per la banda juvenil de Canet d&#8217;en Berenguer i la banda juvenil de Xiva.<\/p>\n\n\n\n<p class=\"wp-block-paragraph\">Un concert on les dues agrupacions juvenils ens van oferir totes les seues habilitats interpretatives, en un variat i intens programa.<\/p>\n\n\n\n<p class=\"wp-block-paragraph\">La Banda Juvenil de la Societat Musical \u201cCanet d&#8217;en Berenguer\u201d va interpretar, sota la direcci\u00f3 del seu titular: SERGUI RAJADEEL: AIN\u2019T NO MOUNTAIN HIGH ENOUGH de Nickolas Ashford; EQUINOX de Michael Sweeney; HOLD MY HAND de Claude Kelly; DARK ADVENTURE de Ralph Ford; FINALE DE LA 1a SIMFONIA de Johannes Brahms; LIVIN\u2019 ON A PLAYER de Jon Bon Jovi; VISCA LA VIDA de Coldplay, i va finalitzar amb SELECTIONS FROM THE ROLLING STONES amb arranjaments de Michael Story.<\/p>\n\n\n\n<p class=\"wp-block-paragraph\">Ja en la segona part del concert, la Banda Juvenil de la Societat Musical \u201cL&#8217;Art\u00edstica de Xiva\u201d, dirigits pel seu director titular: Vicente Reche, va oferir el seg\u00fcent programa: EDUCANDS DEL 73 de Domingo Vela; MYSTIC LEGACY de Larry Clark; RITES OF TAMBURO de R. W. Smith. ABANDONED TREASURE (CA\u00c7A DEL TRESOR ABANDONAT) de Rob Grice; ROMA INVICTA, amb les seues sis parts: (ARRIBA LA LEGI\u00d3; EN LES TERMES; FESTA EN LA PLA\u00c7A i CIRC M\u00c0XIM), de Ra\u00fal Domenech, finalitzant amb TEQUILA de Chuck Rio i arranjaments de Mike Story.<\/p>\n\n\n\n<p class=\"wp-block-paragraph\">Els seguidors de totes dues agrupacions, que omplien el recinte, van premiar amb forts aplaudiments a aquests joves i prometedors m\u00fasics, que van correspondre amb un somriure de felicitat en els seus rostres.<\/p>\n\n\n\n<p class=\"wp-block-paragraph\"><strong>Concert compartit de la Coral de Xiva a Xelva<\/strong><\/p>\n\n\n\n<p class=\"wp-block-paragraph\">Aquest mateix dia, a les 13.00 hores, a l&#8217;Esgl\u00e9sia Arxiprestal de Xelva, s&#8217;havia celebrat un concert compartit amb la Coral d&#8217;aquesta poblaci\u00f3 i la de Xiva, dins de la mateixa XXI Campanya d&#8217;Intercanvis de la Generalitat Valeciana i el Institut Valenci\u00e1 de Cultura.<\/p>\n\n\n\n<p class=\"wp-block-paragraph\">En la primera part del concert la Coral \u201cVerge del Castell\u201d, de la Societat Musical L&#8217;Art\u00edstica de Xiva, va interpretar: KYRIE de Greg Gilpin; GLORIA de Carole Emerson; ALLELUIA de Roger Emerson; ADORAMUS TE De J. S. Bach; SANCTUS de Ruth Morris; AGNUS DEI de Andrey Snyder i ET DEUM LAUDAMUS de John Purifoy, acompanyats al piano per Manuel Morales i dirigits per Inmaculada Burriel.<\/p>\n\n\n\n<p class=\"wp-block-paragraph\">En la segona part la Coral Polif\u00f2nica \u201cSanta Cecilia\u201d de Xelva, sota la direcci\u00f3 Cristian Cavero, va interpretar: O VOSO GAL (Popular de Gal\u00edcia); AL TEU COSTAT de J. Bust; ET VULL de Benedetti; AQUESTA TERRA de J. Bust; BENEDICTUS de Giner i AMB SABOR TROPICAL de J. Diumenge.<\/p>\n\n\n\n<p class=\"wp-block-paragraph\">Igual que en la primera part, totes les interpretacions van ser molt aplaudides pel p\u00fablic que omplia l&#8217;esgl\u00e9sia. Finalitzada la segona part, les dues corals van oferir com a cant com\u00fa: CANTICORUM JUBILE de G. F. Hender.<\/p>\n\n\n\n<figure class=\"wp-block-gallery has-nested-images columns-1 is-cropped wp-block-gallery-1 is-layout-flex wp-block-gallery-is-layout-flex\">\n<figure class=\"wp-block-image size-large\"><img loading=\"lazy\" decoding=\"async\" width=\"1024\" height=\"768\" data-id=\"228217\" src=\"https:\/\/www.tucomarca.com\/wordpress\/segunda\/wp-content\/uploads\/2024\/07\/Banda-Juvenil-Chiva-30-junio-2024-1024x768.jpg\" alt=\"\" class=\"wp-image-228217\" srcset=\"https:\/\/tucomarca.whitekongsoftware.com\/wp-content\/uploads\/2024\/07\/Banda-Juvenil-Chiva-30-junio-2024-1024x768.jpg 1024w, https:\/\/tucomarca.whitekongsoftware.com\/wp-content\/uploads\/2024\/07\/Banda-Juvenil-Chiva-30-junio-2024-300x225.jpg 300w, https:\/\/tucomarca.whitekongsoftware.com\/wp-content\/uploads\/2024\/07\/Banda-Juvenil-Chiva-30-junio-2024-768x576.jpg 768w, https:\/\/tucomarca.whitekongsoftware.com\/wp-content\/uploads\/2024\/07\/Banda-Juvenil-Chiva-30-junio-2024-678x509.jpg 678w, https:\/\/tucomarca.whitekongsoftware.com\/wp-content\/uploads\/2024\/07\/Banda-Juvenil-Chiva-30-junio-2024-326x245.jpg 326w, https:\/\/tucomarca.whitekongsoftware.com\/wp-content\/uploads\/2024\/07\/Banda-Juvenil-Chiva-30-junio-2024-80x60.jpg 80w, https:\/\/tucomarca.whitekongsoftware.com\/wp-content\/uploads\/2024\/07\/Banda-Juvenil-Chiva-30-junio-2024.jpg 1067w\" sizes=\"auto, (max-width: 1024px) 100vw, 1024px\" \/><\/figure>\n\n\n\n<figure class=\"wp-block-image size-large\"><img loading=\"lazy\" decoding=\"async\" width=\"1024\" height=\"768\" data-id=\"228221\" src=\"https:\/\/www.tucomarca.com\/wordpress\/segunda\/wp-content\/uploads\/2024\/07\/Coral-e-Chiva-en-Chelva-1024x768.jpg\" alt=\"\" class=\"wp-image-228221\" srcset=\"https:\/\/tucomarca.whitekongsoftware.com\/wp-content\/uploads\/2024\/07\/Coral-e-Chiva-en-Chelva-1024x768.jpg 1024w, https:\/\/tucomarca.whitekongsoftware.com\/wp-content\/uploads\/2024\/07\/Coral-e-Chiva-en-Chelva-300x225.jpg 300w, https:\/\/tucomarca.whitekongsoftware.com\/wp-content\/uploads\/2024\/07\/Coral-e-Chiva-en-Chelva-768x576.jpg 768w, https:\/\/tucomarca.whitekongsoftware.com\/wp-content\/uploads\/2024\/07\/Coral-e-Chiva-en-Chelva-678x509.jpg 678w, https:\/\/tucomarca.whitekongsoftware.com\/wp-content\/uploads\/2024\/07\/Coral-e-Chiva-en-Chelva-326x245.jpg 326w, https:\/\/tucomarca.whitekongsoftware.com\/wp-content\/uploads\/2024\/07\/Coral-e-Chiva-en-Chelva-80x60.jpg 80w, https:\/\/tucomarca.whitekongsoftware.com\/wp-content\/uploads\/2024\/07\/Coral-e-Chiva-en-Chelva.jpg 1120w\" sizes=\"auto, (max-width: 1024px) 100vw, 1024px\" \/><\/figure>\n<\/figure>\n","protected":false},"excerpt":{"rendered":"<div class=\"mh-excerpt\">La Banda Juvenil de la Societat Musical &#8220;L&#8217;Art\u00edstica&#8221; de Xiva ofereix un concert al costat de la Juvenil de Canet d&#8217;en Berenguer; i l&#8217;Esgl\u00e9sia Arxiprestal de Xelva acull un concert compartit amb la Coral d&#8217;aquesta <a class=\"mh-excerpt-more\" href=\"https:\/\/tucomarca.whitekongsoftware.com\/ca\/la-banda-juvenil-de-la-societat-musical-lartistica-de-xiva-ofereix-un-concert-al-costat-de-la-juvenil-de-canet-den-berenguer-i-la-coral-amb-la-de-xelva\/\" title=\"La Banda Juvenil de la Societat Musical &#8220;L&#8217;Art\u00edstica&#8221; de Xiva ofereix un concert al costat de la Juvenil de Canet d&#8217;en Berenguer i la Coral amb la de Xelva\">[+] <\/a><\/div>\n","protected":false},"author":13,"featured_media":228224,"comment_status":"open","ping_status":"open","sticky":false,"template":"","format":"gallery","meta":{"footnotes":""},"categories":[11005,10894,10912,11007,10896,10975],"tags":[11195,20717,20859,20778,14188],"class_list":["post-228250","post","type-post","status-publish","format-gallery","has-post-thumbnail","category-canal-musica","category-la-comarca-ca","category-la-hoya-ca","category-ocio-y-cultura-ca","category-seccion-ca","category-chiva-ca","tag-chiva-ca","tag-coral-virgen-del-castillo-ca","tag-la-hoya-de-bunol-chiva-4-ca","tag-musica-2-ca","tag-sm-la-artistica-de-chiva-2-ca","post_format-post-format-gallery"],"_links":{"self":[{"href":"https:\/\/tucomarca.whitekongsoftware.com\/ca\/wp-json\/wp\/v2\/posts\/228250","targetHints":{"allow":["GET"]}}],"collection":[{"href":"https:\/\/tucomarca.whitekongsoftware.com\/ca\/wp-json\/wp\/v2\/posts"}],"about":[{"href":"https:\/\/tucomarca.whitekongsoftware.com\/ca\/wp-json\/wp\/v2\/types\/post"}],"author":[{"embeddable":true,"href":"https:\/\/tucomarca.whitekongsoftware.com\/ca\/wp-json\/wp\/v2\/users\/13"}],"replies":[{"embeddable":true,"href":"https:\/\/tucomarca.whitekongsoftware.com\/ca\/wp-json\/wp\/v2\/comments?post=228250"}],"version-history":[{"count":0,"href":"https:\/\/tucomarca.whitekongsoftware.com\/ca\/wp-json\/wp\/v2\/posts\/228250\/revisions"}],"wp:featuredmedia":[{"embeddable":true,"href":"https:\/\/tucomarca.whitekongsoftware.com\/ca\/wp-json\/wp\/v2\/media\/228224"}],"wp:attachment":[{"href":"https:\/\/tucomarca.whitekongsoftware.com\/ca\/wp-json\/wp\/v2\/media?parent=228250"}],"wp:term":[{"taxonomy":"category","embeddable":true,"href":"https:\/\/tucomarca.whitekongsoftware.com\/ca\/wp-json\/wp\/v2\/categories?post=228250"},{"taxonomy":"post_tag","embeddable":true,"href":"https:\/\/tucomarca.whitekongsoftware.com\/ca\/wp-json\/wp\/v2\/tags?post=228250"}],"curies":[{"name":"wp","href":"https:\/\/api.w.org\/{rel}","templated":true}]}}