{"id":228212,"date":"2024-07-02T09:00:00","date_gmt":"2024-07-02T07:00:00","guid":{"rendered":"https:\/\/www.tucomarca.com\/wordpress\/segunda\/?p=228212"},"modified":"2024-07-02T14:22:18","modified_gmt":"2024-07-02T12:22:18","slug":"la-sireneta-i-l-a-confidential-es-projectaran-aquest-cap-de-setmana-al-cinema-destiu-de-xiva","status":"publish","type":"post","link":"https:\/\/tucomarca.whitekongsoftware.com\/ca\/la-sireneta-i-l-a-confidential-es-projectaran-aquest-cap-de-setmana-al-cinema-destiu-de-xiva\/","title":{"rendered":"&#8220;La Sireneta&#8221; i &#8220;L.A. Confidential&#8221; es projectaran aquest cap de setmana al cinema d&#8217;estiu de Xiva"},"content":{"rendered":"\n<p class=\"wp-block-paragraph\">El cicle de cinema d&#8217;estiu de Xiva continua oferint entreteniment a l&#8217;aire lliure per als seus residents. <\/p>\n\n\n\n<p class=\"wp-block-paragraph\">El dijous, 4 de juliol, el poliesportiu municipal acollir\u00e0 la projecci\u00f3 de la pel\u00b7l\u00edcula &#8220;La Sireneta&#8221; a les 22,30 hores i el divendres, 5 de juliol, els cin\u00e8fils podran gaudir d&#8217;una experi\u00e8ncia diferent amb la pel\u00b7l\u00edcula &#8220;L.A. Confidential&#8221;, que es projectar\u00e0 al cinema en la Torreta a les 22,00 hores.<\/p>\n\n\n\n<p class=\"wp-block-paragraph\">Totes dues projeccions formen part d&#8217;un esfor\u00e7 per enriquir l&#8217;oferta cultural de l&#8217;estiu a Xiva i oferir opcions d&#8217;oci variades per a tots els gustos.<\/p>\n\n\n\n<figure class=\"wp-block-gallery has-nested-images columns-default is-cropped wp-block-gallery-1 is-layout-flex wp-block-gallery-is-layout-flex\">\n<figure class=\"wp-block-image size-large\"><img loading=\"lazy\" decoding=\"async\" width=\"724\" height=\"1024\" data-id=\"228207\" src=\"https:\/\/www.tucomarca.com\/wordpress\/segunda\/wp-content\/uploads\/2024\/07\/POLIDEPORTIVO-JUEVES-4-JULIO-724x1024.png\" alt=\"\" class=\"wp-image-228207\" srcset=\"https:\/\/tucomarca.whitekongsoftware.com\/wp-content\/uploads\/2024\/07\/POLIDEPORTIVO-JUEVES-4-JULIO-724x1024.png 724w, https:\/\/tucomarca.whitekongsoftware.com\/wp-content\/uploads\/2024\/07\/POLIDEPORTIVO-JUEVES-4-JULIO-212x300.png 212w, https:\/\/tucomarca.whitekongsoftware.com\/wp-content\/uploads\/2024\/07\/POLIDEPORTIVO-JUEVES-4-JULIO-768x1086.png 768w, https:\/\/tucomarca.whitekongsoftware.com\/wp-content\/uploads\/2024\/07\/POLIDEPORTIVO-JUEVES-4-JULIO-1086x1536.png 1086w, https:\/\/tucomarca.whitekongsoftware.com\/wp-content\/uploads\/2024\/07\/POLIDEPORTIVO-JUEVES-4-JULIO-1448x2048.png 1448w, https:\/\/tucomarca.whitekongsoftware.com\/wp-content\/uploads\/2024\/07\/POLIDEPORTIVO-JUEVES-4-JULIO.png 1587w\" sizes=\"auto, (max-width: 724px) 100vw, 724px\" \/><\/figure>\n\n\n\n<figure class=\"wp-block-image size-large\"><img loading=\"lazy\" decoding=\"async\" width=\"724\" height=\"1024\" data-id=\"228209\" src=\"https:\/\/www.tucomarca.com\/wordpress\/segunda\/wp-content\/uploads\/2024\/07\/VIERNES-5-JULIO-1-724x1024.png\" alt=\"\" class=\"wp-image-228209\" srcset=\"https:\/\/tucomarca.whitekongsoftware.com\/wp-content\/uploads\/2024\/07\/VIERNES-5-JULIO-1-724x1024.png 724w, https:\/\/tucomarca.whitekongsoftware.com\/wp-content\/uploads\/2024\/07\/VIERNES-5-JULIO-1-212x300.png 212w, https:\/\/tucomarca.whitekongsoftware.com\/wp-content\/uploads\/2024\/07\/VIERNES-5-JULIO-1-768x1086.png 768w, https:\/\/tucomarca.whitekongsoftware.com\/wp-content\/uploads\/2024\/07\/VIERNES-5-JULIO-1-1086x1536.png 1086w, https:\/\/tucomarca.whitekongsoftware.com\/wp-content\/uploads\/2024\/07\/VIERNES-5-JULIO-1-1448x2048.png 1448w, https:\/\/tucomarca.whitekongsoftware.com\/wp-content\/uploads\/2024\/07\/VIERNES-5-JULIO-1.png 1587w\" sizes=\"auto, (max-width: 724px) 100vw, 724px\" \/><\/figure>\n<\/figure>\n","protected":false},"excerpt":{"rendered":"<div class=\"mh-excerpt\">El cicle de cinema d&#8217;estiu de Xiva continua oferint entreteniment a l&#8217;aire lliure per als seus residents. El dijous, 4 de juliol, el poliesportiu municipal acollir\u00e0 la projecci\u00f3 de la pel\u00b7l\u00edcula &#8220;La Sireneta&#8221; a les <a class=\"mh-excerpt-more\" href=\"https:\/\/tucomarca.whitekongsoftware.com\/ca\/la-sireneta-i-l-a-confidential-es-projectaran-aquest-cap-de-setmana-al-cinema-destiu-de-xiva\/\" title=\"&#8220;La Sireneta&#8221; i &#8220;L.A. Confidential&#8221; es projectaran aquest cap de setmana al cinema d&#8217;estiu de Xiva\">[+] <\/a><\/div>\n","protected":false},"author":13,"featured_media":228208,"comment_status":"open","ping_status":"open","sticky":false,"template":"","format":"standard","meta":{"footnotes":""},"categories":[11019,10948,10894,10912,11007,10896,10975],"tags":[11195,11717,20859,15856],"class_list":["post-228212","post","type-post","status-publish","format-standard","has-post-thumbnail","category-agenda-ca","category-infraestructuras-ca","category-la-comarca-ca","category-la-hoya-ca","category-ocio-y-cultura-ca","category-seccion-ca","category-chiva-ca","tag-chiva-ca","tag-cine-de-verano-ca","tag-la-hoya-de-bunol-chiva-4-ca","tag-ocio-y-cultura-ca"],"_links":{"self":[{"href":"https:\/\/tucomarca.whitekongsoftware.com\/ca\/wp-json\/wp\/v2\/posts\/228212","targetHints":{"allow":["GET"]}}],"collection":[{"href":"https:\/\/tucomarca.whitekongsoftware.com\/ca\/wp-json\/wp\/v2\/posts"}],"about":[{"href":"https:\/\/tucomarca.whitekongsoftware.com\/ca\/wp-json\/wp\/v2\/types\/post"}],"author":[{"embeddable":true,"href":"https:\/\/tucomarca.whitekongsoftware.com\/ca\/wp-json\/wp\/v2\/users\/13"}],"replies":[{"embeddable":true,"href":"https:\/\/tucomarca.whitekongsoftware.com\/ca\/wp-json\/wp\/v2\/comments?post=228212"}],"version-history":[{"count":0,"href":"https:\/\/tucomarca.whitekongsoftware.com\/ca\/wp-json\/wp\/v2\/posts\/228212\/revisions"}],"wp:featuredmedia":[{"embeddable":true,"href":"https:\/\/tucomarca.whitekongsoftware.com\/ca\/wp-json\/wp\/v2\/media\/228208"}],"wp:attachment":[{"href":"https:\/\/tucomarca.whitekongsoftware.com\/ca\/wp-json\/wp\/v2\/media?parent=228212"}],"wp:term":[{"taxonomy":"category","embeddable":true,"href":"https:\/\/tucomarca.whitekongsoftware.com\/ca\/wp-json\/wp\/v2\/categories?post=228212"},{"taxonomy":"post_tag","embeddable":true,"href":"https:\/\/tucomarca.whitekongsoftware.com\/ca\/wp-json\/wp\/v2\/tags?post=228212"}],"curies":[{"name":"wp","href":"https:\/\/api.w.org\/{rel}","templated":true}]}}