{"id":228202,"date":"2024-07-02T11:00:00","date_gmt":"2024-07-02T09:00:00","guid":{"rendered":"https:\/\/www.tucomarca.com\/wordpress\/segunda\/?p=228202"},"modified":"2024-07-02T14:17:39","modified_gmt":"2024-07-02T12:17:39","slug":"benaguasil-constitueix-el-consell-de-salut-basic-i-la-mesa-intersectorial","status":"publish","type":"post","link":"https:\/\/tucomarca.whitekongsoftware.com\/ca\/benaguasil-constitueix-el-consell-de-salut-basic-i-la-mesa-intersectorial\/","title":{"rendered":"Benaguasil constitueix el Consell de Salut B\u00e0sic i la Mesa Intersectorial"},"content":{"rendered":"\n<p class=\"wp-block-paragraph\"><strong>Estan integrats per representants sanitaris, Ajuntament i el teixit social, econ\u00f2mic, esportiu i educatiu de Benaguasil<\/strong>.<\/p>\n\n\n\n<p class=\"wp-block-paragraph\">El Sal\u00f3 de Plens de l&#8217;Ajuntament de Benaguasil ha acollit l&#8217;acte de creaci\u00f3 de la Mesa Intersectorial i el Consell de Salut B\u00e0sic, una iniciativa l&#8217;objectiu de la qual \u00e9s optimitzar la salut i el benestar de la poblaci\u00f3 des d&#8217;una perspectiva d&#8217;equitat, comptant amb la participaci\u00f3 de la ciutadania per a afrontar nous reptes en mat\u00e8ria de salut i millorar el benestar.<\/p>\n\n\n\n<p class=\"wp-block-paragraph\">La reuni\u00f3 va estar presidida per la regidor de Sanitat, Alicia Molina, qui va ser l&#8217;encarregada d&#8217;explicar la posada en marxa i funcionament d&#8217;aquests \u00f2rgans de participaci\u00f3 integrats per diferents \u00e0rees municipals, professionals sanitaris del Centre de Salut, representants d&#8217;associacions i col\u00b7lectius del municipi i dels centres educatius de Benaguasil.<\/p>\n\n\n\n<p class=\"wp-block-paragraph\">Alicia Molina ha assenyalat que amb aquesta primera reuni\u00f3 \u201cposem en marxa el consell de salut b\u00e0sic de Benaguasil i la taula intersectorial, dos \u00f2rgans de participaci\u00f3 ciutadana per a \u201cestablir accions orientades a la promoci\u00f3 de la salut i fomentar el consens en les decisions que condicionen o determinen la qualitat de vida de la ciutadania de Benaguasil\u201d.<\/p>\n","protected":false},"excerpt":{"rendered":"<div class=\"mh-excerpt\">Estan integrats per representants sanitaris, Ajuntament i el teixit social, econ\u00f2mic, esportiu i educatiu de Benaguasil. El Sal\u00f3 de Plens de l&#8217;Ajuntament de Benaguasil ha acollit l&#8217;acte de creaci\u00f3 de la Mesa Intersectorial i el <a class=\"mh-excerpt-more\" href=\"https:\/\/tucomarca.whitekongsoftware.com\/ca\/benaguasil-constitueix-el-consell-de-salut-basic-i-la-mesa-intersectorial\/\" title=\"Benaguasil constitueix el Consell de Salut B\u00e0sic i la Mesa Intersectorial\">[+] <\/a><\/div>\n","protected":false},"author":13,"featured_media":228200,"comment_status":"open","ping_status":"open","sticky":false,"template":"","format":"standard","meta":{"footnotes":""},"categories":[10952,10892,11010,10948,10894,10947,10896],"tags":[11136,10899,19688],"class_list":["post-228202","post","type-post","status-publish","format-standard","has-post-thumbnail","category-benaguasil-ca","category-camp-de-turia-ca","category-canal-salud","category-infraestructuras-ca","category-la-comarca-ca","category-politica","category-seccion-ca","tag-benaguasil-ca","tag-camp-de-turia-ca","tag-salud-y-bienestar-ca"],"_links":{"self":[{"href":"https:\/\/tucomarca.whitekongsoftware.com\/ca\/wp-json\/wp\/v2\/posts\/228202","targetHints":{"allow":["GET"]}}],"collection":[{"href":"https:\/\/tucomarca.whitekongsoftware.com\/ca\/wp-json\/wp\/v2\/posts"}],"about":[{"href":"https:\/\/tucomarca.whitekongsoftware.com\/ca\/wp-json\/wp\/v2\/types\/post"}],"author":[{"embeddable":true,"href":"https:\/\/tucomarca.whitekongsoftware.com\/ca\/wp-json\/wp\/v2\/users\/13"}],"replies":[{"embeddable":true,"href":"https:\/\/tucomarca.whitekongsoftware.com\/ca\/wp-json\/wp\/v2\/comments?post=228202"}],"version-history":[{"count":0,"href":"https:\/\/tucomarca.whitekongsoftware.com\/ca\/wp-json\/wp\/v2\/posts\/228202\/revisions"}],"wp:featuredmedia":[{"embeddable":true,"href":"https:\/\/tucomarca.whitekongsoftware.com\/ca\/wp-json\/wp\/v2\/media\/228200"}],"wp:attachment":[{"href":"https:\/\/tucomarca.whitekongsoftware.com\/ca\/wp-json\/wp\/v2\/media?parent=228202"}],"wp:term":[{"taxonomy":"category","embeddable":true,"href":"https:\/\/tucomarca.whitekongsoftware.com\/ca\/wp-json\/wp\/v2\/categories?post=228202"},{"taxonomy":"post_tag","embeddable":true,"href":"https:\/\/tucomarca.whitekongsoftware.com\/ca\/wp-json\/wp\/v2\/tags?post=228202"}],"curies":[{"name":"wp","href":"https:\/\/api.w.org\/{rel}","templated":true}]}}