{"id":228040,"date":"2024-07-01T12:00:00","date_gmt":"2024-07-01T10:00:00","guid":{"rendered":"https:\/\/www.tucomarca.com\/wordpress\/segunda\/?p=228040"},"modified":"2024-07-01T12:15:30","modified_gmt":"2024-07-01T10:15:30","slug":"busquen-a-un-home-de-59-anys-despres-de-llancar-se-des-del-pont-de-la-cv-428-al-panta-de-cortes-de-pallas","status":"publish","type":"post","link":"https:\/\/tucomarca.whitekongsoftware.com\/ca\/busquen-a-un-home-de-59-anys-despres-de-llancar-se-des-del-pont-de-la-cv-428-al-panta-de-cortes-de-pallas\/","title":{"rendered":"Busquen a un home de 59 anys despr\u00e9s de llan\u00e7ar-se des del pont de la CV-428 al pant\u00e0 de Cortes de Pall\u00e0s"},"content":{"rendered":"\n<p class=\"wp-block-paragraph\">Continuen a aquestes hores la despr\u00e9s de cerca de l&#8217;home de 59 anys, de nacionalitat espanyola i nascut a Col\u00f2mbia, que es va llan\u00e7ar ahir a la vesprada al pant\u00e0 de Cortes de Pall\u00e0s des de la carretera CV-428. L&#8217;home es va llan\u00e7ar a l&#8217;aigua des del pont que dona acc\u00e9s al municipi de Cortes de Pall\u00e0s, una part del riu amb una profunditat aproximada de 50 metres, la qual cosa la fa especialment perillosa.\u00a0<\/p>\n\n\n\n<p class=\"wp-block-paragraph\">&#8220;A les 16,05 hores del dia d&#8217;ahir es va rebre un av\u00eds del 112 informant que una persona es va llan\u00e7ar des del pont de la CV 428 al pant\u00e0 de la localitat de Cortes de Pall\u00e0s, sense eixir a flotaci\u00f3. Immediatament, es van activar diverses patrulles de Seguretat Ciutadana, GEAS i GREIM, mitjans del 112, un helic\u00f2pter de bombers i personal de les Brigades Forestals, una dotaci\u00f3 de bombers de Val\u00e8ncia, aix\u00ed com patrulles ciutadanes per a realitzar un recorregut perimetral per la ribera del riu&#8221;, tal com han informat fonts de la Comand\u00e0ncia de la Gu\u00e0rdia Civil de Val\u00e8ncia.<\/p>\n\n\n\n<p class=\"wp-block-paragraph\">&#8220;No es va aconseguir localitzar a la persona desapareguda durant el dia d&#8217;ahir&#8221;, per la qual cosa l&#8217;home &#8220;roman desaparegut des de primera hora de la vesprada d&#8217;ahir despr\u00e9s de llan\u00e7ar-se al riu X\u00faquer, on aquest mateix mat\u00ed s&#8217;ha repr\u00e9s la cerca amb personal del GEAS i s&#8217;ha sol\u00b7licitat la pres\u00e8ncia de bombers voluntaris, als quals s&#8217;ha sumat una dotaci\u00f3 de bombers de Val\u00e8ncia&#8221;, segons les mateixes fonts.<\/p>\n\n\n\n<figure class=\"wp-block-image size-large\"><img loading=\"lazy\" decoding=\"async\" width=\"1024\" height=\"768\" src=\"http:\/\/www.tucomarca.com\/wordpress\/segunda\/wp-content\/uploads\/2024\/07\/CortesBusqueda2-1024x768.jpg\" alt=\"\" class=\"wp-image-228035\" srcset=\"https:\/\/tucomarca.whitekongsoftware.com\/wp-content\/uploads\/2024\/07\/CortesBusqueda2-1024x768.jpg 1024w, https:\/\/tucomarca.whitekongsoftware.com\/wp-content\/uploads\/2024\/07\/CortesBusqueda2-300x225.jpg 300w, https:\/\/tucomarca.whitekongsoftware.com\/wp-content\/uploads\/2024\/07\/CortesBusqueda2-768x576.jpg 768w, https:\/\/tucomarca.whitekongsoftware.com\/wp-content\/uploads\/2024\/07\/CortesBusqueda2-1536x1153.jpg 1536w, https:\/\/tucomarca.whitekongsoftware.com\/wp-content\/uploads\/2024\/07\/CortesBusqueda2-678x509.jpg 678w, https:\/\/tucomarca.whitekongsoftware.com\/wp-content\/uploads\/2024\/07\/CortesBusqueda2-326x245.jpg 326w, https:\/\/tucomarca.whitekongsoftware.com\/wp-content\/uploads\/2024\/07\/CortesBusqueda2-80x60.jpg 80w, https:\/\/tucomarca.whitekongsoftware.com\/wp-content\/uploads\/2024\/07\/CortesBusqueda2.jpg 1599w\" sizes=\"auto, (max-width: 1024px) 100vw, 1024px\" \/><\/figure>\n\n\n\n<figure class=\"wp-block-image size-large\"><img loading=\"lazy\" decoding=\"async\" width=\"1024\" height=\"1024\" src=\"http:\/\/www.tucomarca.com\/wordpress\/segunda\/wp-content\/uploads\/2024\/07\/CortesBusqueda3-1024x1024.jpeg\" alt=\"\" class=\"wp-image-228041\" srcset=\"https:\/\/tucomarca.whitekongsoftware.com\/wp-content\/uploads\/2024\/07\/CortesBusqueda3-1024x1024.jpeg 1024w, https:\/\/tucomarca.whitekongsoftware.com\/wp-content\/uploads\/2024\/07\/CortesBusqueda3-300x300.jpeg 300w, https:\/\/tucomarca.whitekongsoftware.com\/wp-content\/uploads\/2024\/07\/CortesBusqueda3-290x290.jpeg 290w, https:\/\/tucomarca.whitekongsoftware.com\/wp-content\/uploads\/2024\/07\/CortesBusqueda3-768x768.jpeg 768w, https:\/\/tucomarca.whitekongsoftware.com\/wp-content\/uploads\/2024\/07\/CortesBusqueda3.jpeg 1280w\" sizes=\"auto, (max-width: 1024px) 100vw, 1024px\" \/><\/figure>\n","protected":false},"excerpt":{"rendered":"<div class=\"mh-excerpt\">Continuen a aquestes hores la despr\u00e9s de cerca de l&#8217;home de 59 anys, de nacionalitat espanyola i nascut a Col\u00f2mbia, que es va llan\u00e7ar ahir a la vesprada al pant\u00e0 de Cortes de Pall\u00e0s des <a class=\"mh-excerpt-more\" href=\"https:\/\/tucomarca.whitekongsoftware.com\/ca\/busquen-a-un-home-de-59-anys-despres-de-llancar-se-des-del-pont-de-la-cv-428-al-panta-de-cortes-de-pallas\/\" title=\"Busquen a un home de 59 anys despr\u00e9s de llan\u00e7ar-se des del pont de la CV-428 al pant\u00e0 de Cortes de Pall\u00e0s\">[+] <\/a><\/div>\n","protected":false},"author":1,"featured_media":228034,"comment_status":"open","ping_status":"open","sticky":false,"template":"","format":"image","meta":{"footnotes":""},"categories":[10951,10953,10898,10948,10894,10904,10896,10897],"tags":[11216,11230],"class_list":["post-228040","post","type-post","status-publish","format-image","has-post-thumbnail","category-ayora-cofrentes-ca","category-cortes-de-pallas-ca","category-ventana-ca","category-infraestructuras-ca","category-la-comarca-ca","category-sin-categorizar-ca","category-seccion-ca","category-sucesos-la-comarca-ca","tag-ayora-cofrentes-ca","tag-cortes-de-pallas-ca","post_format-post-format-image"],"_links":{"self":[{"href":"https:\/\/tucomarca.whitekongsoftware.com\/ca\/wp-json\/wp\/v2\/posts\/228040","targetHints":{"allow":["GET"]}}],"collection":[{"href":"https:\/\/tucomarca.whitekongsoftware.com\/ca\/wp-json\/wp\/v2\/posts"}],"about":[{"href":"https:\/\/tucomarca.whitekongsoftware.com\/ca\/wp-json\/wp\/v2\/types\/post"}],"author":[{"embeddable":true,"href":"https:\/\/tucomarca.whitekongsoftware.com\/ca\/wp-json\/wp\/v2\/users\/1"}],"replies":[{"embeddable":true,"href":"https:\/\/tucomarca.whitekongsoftware.com\/ca\/wp-json\/wp\/v2\/comments?post=228040"}],"version-history":[{"count":0,"href":"https:\/\/tucomarca.whitekongsoftware.com\/ca\/wp-json\/wp\/v2\/posts\/228040\/revisions"}],"wp:featuredmedia":[{"embeddable":true,"href":"https:\/\/tucomarca.whitekongsoftware.com\/ca\/wp-json\/wp\/v2\/media\/228034"}],"wp:attachment":[{"href":"https:\/\/tucomarca.whitekongsoftware.com\/ca\/wp-json\/wp\/v2\/media?parent=228040"}],"wp:term":[{"taxonomy":"category","embeddable":true,"href":"https:\/\/tucomarca.whitekongsoftware.com\/ca\/wp-json\/wp\/v2\/categories?post=228040"},{"taxonomy":"post_tag","embeddable":true,"href":"https:\/\/tucomarca.whitekongsoftware.com\/ca\/wp-json\/wp\/v2\/tags?post=228040"}],"curies":[{"name":"wp","href":"https:\/\/api.w.org\/{rel}","templated":true}]}}