{"id":227839,"date":"2024-06-27T11:00:00","date_gmt":"2024-06-27T09:00:00","guid":{"rendered":"https:\/\/www.tucomarca.com\/wordpress\/segunda\/?p=227839"},"modified":"2024-06-27T11:49:15","modified_gmt":"2024-06-27T09:49:15","slug":"jovenes-de-benaguasil-participan-en-una-visita-de-intercambio-cultural-en-guardistallo","status":"publish","type":"post","link":"https:\/\/tucomarca.whitekongsoftware.com\/ca\/jovenes-de-benaguasil-participan-en-una-visita-de-intercambio-cultural-en-guardistallo\/","title":{"rendered":"Joves de Benaguasil participen en una visita d&#8217;intercanvi cultural en Guardistallo"},"content":{"rendered":"\n<h3 class=\"wp-block-heading\">Fins al 3 de juliol aquests joves gaudiran d&#8217;activitats organitzades per la localitat italiana amb la qual Benaguasil est\u00e0 agermanada.<\/h3>\n\n\n\n<p class=\"wp-block-paragraph\">Un total de 13 joves de Benaguasil han viatjat a Guardistallo per a participar en el primer intercanvi cultural i juvenil promogut per tots dos ajuntaments en el marc de l&#8217;agermanament entre els dos municipis.<br>All\u00ed van ser rebuts per l&#8217;alcalde, Sandro Ceccarelli, que els di\u00f3 la benvinguda al municipi.<br>Durant la seua estada conviuran amb fam\u00edlies de Guardistallo, la qual cosa els permetr\u00e0 con\u00e9ixer la seua cultura, l&#8217;idioma i els seus costums i intercanviar experi\u00e8ncies.<\/p>\n\n\n\n<figure class=\"wp-block-image size-full\"><img loading=\"lazy\" decoding=\"async\" width=\"886\" height=\"585\" src=\"http:\/\/www.tucomarca.com\/wordpress\/segunda\/wp-content\/uploads\/2024\/06\/BenaguasilGuardistallo1.jpg\" alt=\"\" class=\"wp-image-227836\" srcset=\"https:\/\/tucomarca.whitekongsoftware.com\/wp-content\/uploads\/2024\/06\/BenaguasilGuardistallo1.jpg 886w, https:\/\/tucomarca.whitekongsoftware.com\/wp-content\/uploads\/2024\/06\/BenaguasilGuardistallo1-300x198.jpg 300w, https:\/\/tucomarca.whitekongsoftware.com\/wp-content\/uploads\/2024\/06\/BenaguasilGuardistallo1-768x507.jpg 768w\" sizes=\"auto, (max-width: 886px) 100vw, 886px\" \/><\/figure>\n\n\n\n<p class=\"wp-block-paragraph\"><br>Acompanyats per dos monitors, en Guardistallo desenvoluparan una agenda nodrida que inclou visites a Volterra, Cecina, Pisa i Flor\u00e8ncia, a la mina de coure m\u00e9s antiga i al Jard\u00ed Bot\u00e0nic, a la platja, a m\u00e9s d&#8217;activitats culturals, esportives i d&#8217;oci.<br>La regidor de Joventut, Ana Aleixandre, ha acomiadat als joves en l&#8217;aeroport abans de partir cap a Guardistallo. \u201cAquest intercanvi permetr\u00e0 als nostres joves gaudir d&#8217;una experi\u00e8ncia \u00fanica i enriquidora&#8221;, assenyala la regidora de Joventut, qui apunta que \u201caquest \u00e9s el primer intercanvi que promou l&#8217;ajuntament amb la finalitat de facilitar als joves de Benaguasil la possibilitat de viatjar a l&#8217;estranger, millorar les seues compet\u00e8ncies ling\u00fc\u00edstiques i con\u00e9ixer altres realitats culturals, en el que ser\u00e0, segur, una experi\u00e8ncia gratificant que recordaran\u201d.<\/p>\n","protected":false},"excerpt":{"rendered":"<div class=\"mh-excerpt\">Fins al 3 de juliol aquests joves gaudiran d&#8217;activitats organitzades per la localitat italiana amb la qual Benaguasil est\u00e0 agermanada. Un total de 13 joves de Benaguasil han viatjat a Guardistallo per a participar en <a class=\"mh-excerpt-more\" href=\"https:\/\/tucomarca.whitekongsoftware.com\/ca\/jovenes-de-benaguasil-participan-en-una-visita-de-intercambio-cultural-en-guardistallo\/\" title=\"Joves de Benaguasil participen en una visita d&#8217;intercanvi cultural en Guardistallo\">[+] <\/a><\/div>\n","protected":false},"author":12,"featured_media":227835,"comment_status":"open","ping_status":"open","sticky":false,"template":"","format":"standard","meta":{"footnotes":""},"categories":[10952,10892,10894,11007,10896],"tags":[11136,10899,20903],"class_list":["post-227839","post","type-post","status-publish","format-standard","has-post-thumbnail","category-benaguasil-ca","category-camp-de-turia-ca","category-la-comarca-ca","category-ocio-y-cultura-ca","category-seccion-ca","tag-benaguasil-ca","tag-camp-de-turia-ca","tag-intercambio-cultural-ca"],"_links":{"self":[{"href":"https:\/\/tucomarca.whitekongsoftware.com\/ca\/wp-json\/wp\/v2\/posts\/227839","targetHints":{"allow":["GET"]}}],"collection":[{"href":"https:\/\/tucomarca.whitekongsoftware.com\/ca\/wp-json\/wp\/v2\/posts"}],"about":[{"href":"https:\/\/tucomarca.whitekongsoftware.com\/ca\/wp-json\/wp\/v2\/types\/post"}],"author":[{"embeddable":true,"href":"https:\/\/tucomarca.whitekongsoftware.com\/ca\/wp-json\/wp\/v2\/users\/12"}],"replies":[{"embeddable":true,"href":"https:\/\/tucomarca.whitekongsoftware.com\/ca\/wp-json\/wp\/v2\/comments?post=227839"}],"version-history":[{"count":0,"href":"https:\/\/tucomarca.whitekongsoftware.com\/ca\/wp-json\/wp\/v2\/posts\/227839\/revisions"}],"wp:featuredmedia":[{"embeddable":true,"href":"https:\/\/tucomarca.whitekongsoftware.com\/ca\/wp-json\/wp\/v2\/media\/227835"}],"wp:attachment":[{"href":"https:\/\/tucomarca.whitekongsoftware.com\/ca\/wp-json\/wp\/v2\/media?parent=227839"}],"wp:term":[{"taxonomy":"category","embeddable":true,"href":"https:\/\/tucomarca.whitekongsoftware.com\/ca\/wp-json\/wp\/v2\/categories?post=227839"},{"taxonomy":"post_tag","embeddable":true,"href":"https:\/\/tucomarca.whitekongsoftware.com\/ca\/wp-json\/wp\/v2\/tags?post=227839"}],"curies":[{"name":"wp","href":"https:\/\/api.w.org\/{rel}","templated":true}]}}