{"id":227739,"date":"2024-06-26T12:30:00","date_gmt":"2024-06-26T10:30:00","guid":{"rendered":"https:\/\/www.tucomarca.com\/wordpress\/segunda\/?p=227739"},"modified":"2024-06-26T19:05:02","modified_gmt":"2024-06-26T17:05:02","slug":"dos-noves-webs-i-un-llibre-enfortixen-laposta-pedagogica-sobre-memoria-democratica-de-la-diputacio-de-valencia","status":"publish","type":"post","link":"https:\/\/tucomarca.whitekongsoftware.com\/ca\/dos-noves-webs-i-un-llibre-enfortixen-laposta-pedagogica-sobre-memoria-democratica-de-la-diputacio-de-valencia\/","title":{"rendered":"Dos noves webs i un llibre enfortixen l&#8217;aposta pedag\u00f2gica sobre mem\u00f2ria democr\u00e0tica de la Diputaci\u00f3 de Val\u00e8ncia"},"content":{"rendered":"\n<h3 class=\"wp-block-heading\">La vicepresidenta i diputada de Mem\u00f2ria, Nat\u00e0lia Enguix, destaca la difusi\u00f3 del coneixement i el record a trav\u00e9s dels portals \u2018Val\u00e8ncia en la Segona Rep\u00fablica\u2019 i \u2018La batalla per Val\u00e8ncia: els bombardejos\u2019.<\/h3>\n\n\n\n<h3 class=\"wp-block-heading\">\u2018Mi odisea. Memorias de una familia de la Desband\u00e1\u2019 narra la hist\u00f2ria d&#8217;Antonio Rodr\u00edguez, un dels 500.000 espanyols que van fugir en la guerra.<\/h3>\n\n\n\n<p class=\"wp-block-paragraph\">La Diputaci\u00f3 de Val\u00e8ncia compta amb tres noves eines per a enfortir la seua aposta per la pedagogia en refer\u00e8ncia a la mem\u00f2ria democr\u00e0tica. La vicepresidenta primera de l&#8217;ens i responsable de l&#8217;\u00e0rea, Nat\u00e0lia Enguix, ha participat este dimecres en la presentaci\u00f3 de les webs \u2018Val\u00e8ncia a la Segona Rep\u00fablica\u2019 i \u2018La batalla per Val\u00e8ncia: els bombardejos\u2019, aix\u00ed com del llibre \u2018Mi odisea. Memorias de una familia de la Desband\u00e1\u2019, que amplien l&#8217;aspecte m\u00e9s formatiu de la instituci\u00f3 i complementen ferramentes tant digitals com bibliogr\u00e0fiques ja existents. En l&#8217;acte van participar, al costat de la vicepresidenta Enguix, els t\u00e8cnics Paco Sanchis i Eva Mar\u00eda Garc\u00eda, i Jos\u00e9 Mar\u00eda Azk\u00e1rraga i Nelson Segu\u00ed com a coordinadors dels projectes.<\/p>\n\n\n\n<figure class=\"wp-block-image size-large\"><img loading=\"lazy\" decoding=\"async\" width=\"1024\" height=\"682\" src=\"http:\/\/www.tucomarca.com\/wordpress\/segunda\/wp-content\/uploads\/2024\/06\/NataliaMemoriaDiputacio1-1024x682.jpg\" alt=\"\" class=\"wp-image-227728\" srcset=\"https:\/\/tucomarca.whitekongsoftware.com\/wp-content\/uploads\/2024\/06\/NataliaMemoriaDiputacio1-1024x682.jpg 1024w, https:\/\/tucomarca.whitekongsoftware.com\/wp-content\/uploads\/2024\/06\/NataliaMemoriaDiputacio1-300x200.jpg 300w, https:\/\/tucomarca.whitekongsoftware.com\/wp-content\/uploads\/2024\/06\/NataliaMemoriaDiputacio1-768x511.jpg 768w, https:\/\/tucomarca.whitekongsoftware.com\/wp-content\/uploads\/2024\/06\/NataliaMemoriaDiputacio1.jpg 1181w\" sizes=\"auto, (max-width: 1024px) 100vw, 1024px\" \/><\/figure>\n\n\n\n<p class=\"wp-block-paragraph\">Segons ha exposat la vicepresidenta, \u201cen la Delegaci\u00f3 de Mem\u00f2ria Democr\u00e0tica de la Diputaci\u00f3 sempre hem considerat que un dels eixos d&#8217;actuaci\u00f3 havia de ser la difusi\u00f3. Difusi\u00f3 dels coneixements, del saber, del record. Perqu\u00e8 la Diputaci\u00f3 de Val\u00e8ncia creu en la ci\u00e8ncia hist\u00f2rica i en el benefici del coneixement social. En unes ocasions esta difusi\u00f3 es dirigix a la totalitat de la ciutadania, mentre en unes altres va encarada a sectors concrets, com els nostres joves. Per a ells hem dissenyat premis i planifiquem diverses activitats\u201d. En esta l\u00ednia, \u201chui presentem tres propostes que busquen un coneixement social ampli. Ens agradaria que interessaren a m\u00faltiples sectors, que arriben i es compartisquen. Que aprenguem tots i totes amb estes dos p\u00e0gines web i amb este llibre\u201d, ha afegit Enguix.<\/p>\n\n\n\n<p class=\"wp-block-paragraph\">El web \u201cVal\u00e8ncia a la Segona Rep\u00fablica\u201d destaca pel seu disseny altament did\u00e0ctic i la navegaci\u00f3 est\u00e0 concebuda com un recorregut interactiu. A m\u00e9s, poden descarregar-se cat\u00e0legs, articles d&#8217;investigaci\u00f3 i de premsa sobre diversos temes com la vida quotidiana, l&#8217;educaci\u00f3 o la Constituci\u00f3 de 1931.<\/p>\n\n\n\n<p class=\"wp-block-paragraph\">Per part seua, la p\u00e0gina digital \u201cLa batalla per Val\u00e8ncia: els bombardejos\u201d tanca el cicle sobre Val\u00e8ncia, que es desenvolupa en tres p\u00e0gines: la de la Val\u00e8ncia republicana, la de la guerra a la ciutat i la de la Val\u00e8ncia franquista. Sorgix a partir dels estudis de Llu\u00eds Sanju\u00e1n sobre el bombardeig del 15 de maig de 1937, en el qual van morir 53 persones. Des de la Delegaci\u00f3 de Mem\u00f2ria Democr\u00e0tica es va decidir abordar el tema i ampliar-lo m\u00e9s enll\u00e0 d&#8217;este bombardeig concret. El web compta amb la col\u00b7laboraci\u00f3 de la Universitat de Calif\u00f2rnia, de l&#8217;Arxiu Hist\u00f2ric del Partit Comunista, del de la Creu Roja, dels hereus del fot\u00f2graf Walter Reuter, la Biblioteca de Val\u00e8ncia, el col\u00b7leccionista Mat\u00edas Alonso i un llarg etc\u00e8tera.<\/p>\n\n\n\n<p class=\"wp-block-paragraph\"><strong>L&#8217;odissea d&#8217;Antonio Guti\u00e9rrez<\/strong><\/p>\n\n\n\n<p class=\"wp-block-paragraph\">Finalment, el llibre \u2018Mi odisea. Memorias de una familia de la Desband\u00e1\u2019 narra la hist\u00f2ria d&#8217;Antonio Guti\u00e9rrez i la seua fam\u00edlia, un m\u00e9s dels 500.000 espanyols que van haver de fugir d&#8217;Espanya a conseq\u00fc\u00e8ncia del conflicte b\u00e8l\u00b7lic. Es tracta d&#8217;un diari escrit pel mateix Antonio, la qual cosa l\u2019imprimix un major valor a la narraci\u00f3. Ho precedix un estudi de l&#8217;especialista Jes\u00fas Majada, de la Universitat de M\u00e0laga. La narraci\u00f3 comen\u00e7a el 7 de febrer de 1937 en un poble a 30 quil\u00f2metres de M\u00e0laga i acaba a Le Havre en 1948, on va residir Antonio Guti\u00e9rrez fins a la seua mort.<\/p>\n\n\n\n<p class=\"wp-block-paragraph\">El llibre recull les pen\u00faries i dolors d&#8217;esta llarga \u201cdesband\u00e1\u201d, d&#8217;esta fugida que s&#8217;inicia amb un atac de les tropes franquistes sobre una caravana de civils que tractava de trobar refugi en territori republic\u00e0. En esta marxa plena de sofriment tamb\u00e9 van emergir grans personatges com el cirurgi\u00e0 canadenc Norman Bethune, que va destacar per la seua labor m\u00e8dica en esta columna de civils. El diari, que no s&#8217;havia publicat fins al moment, arriba a la Delegaci\u00f3 de la Diputaci\u00f3 a trav\u00e9s de la pol\u00edtica de suport a l&#8217;aprenentatge del valenci\u00e0 en terres argentines, on van acabar els successors d&#8217;Antonio Guti\u00e9rrez.<\/p>\n\n\n\n<p class=\"wp-block-paragraph\">La publicaci\u00f3 passa a formar part del cat\u00e0leg de llibres de mem\u00f2ria democr\u00e0tica de la Diputaci\u00f3 de Val\u00e8ncia i ser\u00e0 difosa, al costat d&#8217;una trentena de t\u00edtols, entre les biblioteques municipals de la prov\u00edncia, en el marc del programa \u2018La mem\u00f2ria en les biblioteques\u2019 de la delegaci\u00f3 que dirigix Nat\u00e0lia Enguix.<\/p>\n\n\n\n<p class=\"wp-block-paragraph\">Enlla\u00e7os de les webs: <a href=\"https:\/\/valenciarepublicana.dival.es\/\">https:\/\/valenciarepublicana.dival.es\/<\/a><br><a href=\"https:\/\/batallaporvalencia.dival.es\/\">https:\/\/batallaporvalencia.dival.es\/<\/a><\/p>\n","protected":false},"excerpt":{"rendered":"<div class=\"mh-excerpt\">La vicepresidenta i diputada de Mem\u00f2ria, Nat\u00e0lia Enguix, destaca la difusi\u00f3 del coneixement i el record a trav\u00e9s dels portals \u2018Val\u00e8ncia en la Segona Rep\u00fablica\u2019 i \u2018La batalla per Val\u00e8ncia: els bombardejos\u2019. \u2018Mi odisea. Memorias <a class=\"mh-excerpt-more\" href=\"https:\/\/tucomarca.whitekongsoftware.com\/ca\/dos-noves-webs-i-un-llibre-enfortixen-laposta-pedagogica-sobre-memoria-democratica-de-la-diputacio-de-valencia\/\" title=\"Dos noves webs i un llibre enfortixen l&#8217;aposta pedag\u00f2gica sobre mem\u00f2ria democr\u00e0tica de la Diputaci\u00f3 de Val\u00e8ncia\">[+] <\/a><\/div>\n","protected":false},"author":12,"featured_media":227731,"comment_status":"open","ping_status":"open","sticky":false,"template":"","format":"standard","meta":{"footnotes":""},"categories":[20600,10898,10948,10894,10904,20456,10947,10896],"tags":[11246,16620,20404],"class_list":["post-227739","post","type-post","status-publish","format-standard","has-post-thumbnail","category-area-memoria-democratica-ca","category-ventana-ca","category-infraestructuras-ca","category-la-comarca-ca","category-sin-categorizar-ca","category-la-diputacio-de-valencia-informa-ca","category-politica","category-seccion-ca","tag-diputacio-de-valencia-ca","tag-memoria-democratica-ca","tag-natalia-enguix-2-ca"],"_links":{"self":[{"href":"https:\/\/tucomarca.whitekongsoftware.com\/ca\/wp-json\/wp\/v2\/posts\/227739","targetHints":{"allow":["GET"]}}],"collection":[{"href":"https:\/\/tucomarca.whitekongsoftware.com\/ca\/wp-json\/wp\/v2\/posts"}],"about":[{"href":"https:\/\/tucomarca.whitekongsoftware.com\/ca\/wp-json\/wp\/v2\/types\/post"}],"author":[{"embeddable":true,"href":"https:\/\/tucomarca.whitekongsoftware.com\/ca\/wp-json\/wp\/v2\/users\/12"}],"replies":[{"embeddable":true,"href":"https:\/\/tucomarca.whitekongsoftware.com\/ca\/wp-json\/wp\/v2\/comments?post=227739"}],"version-history":[{"count":0,"href":"https:\/\/tucomarca.whitekongsoftware.com\/ca\/wp-json\/wp\/v2\/posts\/227739\/revisions"}],"wp:featuredmedia":[{"embeddable":true,"href":"https:\/\/tucomarca.whitekongsoftware.com\/ca\/wp-json\/wp\/v2\/media\/227731"}],"wp:attachment":[{"href":"https:\/\/tucomarca.whitekongsoftware.com\/ca\/wp-json\/wp\/v2\/media?parent=227739"}],"wp:term":[{"taxonomy":"category","embeddable":true,"href":"https:\/\/tucomarca.whitekongsoftware.com\/ca\/wp-json\/wp\/v2\/categories?post=227739"},{"taxonomy":"post_tag","embeddable":true,"href":"https:\/\/tucomarca.whitekongsoftware.com\/ca\/wp-json\/wp\/v2\/tags?post=227739"}],"curies":[{"name":"wp","href":"https:\/\/api.w.org\/{rel}","templated":true}]}}