{"id":227714,"date":"2024-06-26T08:00:00","date_gmt":"2024-06-26T06:00:00","guid":{"rendered":"https:\/\/www.tucomarca.com\/wordpress\/segunda\/?p=227714"},"modified":"2024-06-26T18:22:45","modified_gmt":"2024-06-26T16:22:45","slug":"un-projecte-agricola-de-produccio-i-processament-salca-amb-el-premi-a-lemprenedoria-rural-impulsada-per-la-diputacio-de-valencia-i-el-ceei","status":"publish","type":"post","link":"https:\/\/tucomarca.whitekongsoftware.com\/ca\/un-projecte-agricola-de-produccio-i-processament-salca-amb-el-premi-a-lemprenedoria-rural-impulsada-per-la-diputacio-de-valencia-i-el-ceei\/","title":{"rendered":"Un projecte agr\u00edcola de producci\u00f3 i processament s&#8217;al\u00e7a amb el premi a l&#8217;emprenedoria rural impulsada per la Diputaci\u00f3 de Val\u00e8ncia i el CEEI"},"content":{"rendered":"\n<h3 class=\"wp-block-heading\">El Centre Europeu d&#8217;Empreses i Innovaci\u00f3 de Val\u00e8ncia (CEEI) organitza a Y\u00e1tova el \u2018Demo Day Emprendeaventura i Networking\u2019 que reconeix els projectes de negoci m\u00e9s rellevants dins del programa Emprendeaventura Rural de la Diputaci\u00f3.<\/h3>\n\n\n\n<h3 class=\"wp-block-heading\">El diputat de Desenvolupament Rural, Avelino Mascarell, fixa en \u201cla generaci\u00f3 d&#8217;oportunitats la manera m\u00e9s efectiva de lluitar contra la despoblaci\u00f3, amb accions que s\u00f3n permeables tant al terreny econ\u00f2mic com el social\u201d.<\/h3>\n\n\n\n<p class=\"wp-block-paragraph\">La proposta \u2018Taronges i Pomelos del T\u00faria\u2019, de Mar\u00eda Amparo Mart\u00ednez, basada en la venda de productes agr\u00edcoles, el seu processament i l&#8217;ecoturisme, ha sigut premiada com la m\u00e9s destacada del programa Emprendeaventura Rural, una iniciativa impulsada per la Diputaci\u00f3 de Val\u00e8ncia i desenvolupada pel Centre Europeu d&#8217;Empreses i Innovaci\u00f3 de Val\u00e8ncia (CEEI) per a promoure projectes de negoci en territoris despoblats.<\/p>\n\n\n\n<p class=\"wp-block-paragraph\">El reconeixement ha tingut lloc durant la celebraci\u00f3 del \u2018Demo Day Emprendeaventura i Networking\u2019, un esdeveniment celebrat a Y\u00e1tova amb l&#8217;objectiu de con\u00e9ixer i premiar els projectes de negoci que persones emprenedores de tota la prov\u00edncia estan desenvolupant amb ajuda dels experts del CEEI. El jurat va tindre en compte la presentaci\u00f3, maduresa del projecte, viabilitat econ\u00f2mica i impacte en el territori.<\/p>\n\n\n\n<p class=\"wp-block-paragraph\">El diputat de Desenvolupament Rural, Avelino Mascarell, afirma estar \u201cdecidit a revertir la tend\u00e8ncia a la despoblaci\u00f3 a trav\u00e9s de la generaci\u00f3 d&#8217;oportunitats en els municipis rurals\u201d i assenyala que \u201cel valor principal d&#8217;estes pol\u00edtiques d&#8217;actuaci\u00f3 residix en que es tracta d&#8217;iniciatives absolutament permeables, no sols a nivell econ\u00f2mic sin\u00f3 tamb\u00e9 social\u201d.<\/p>\n\n\n\n<p class=\"wp-block-paragraph\">Aix\u00ed mateix, Mascarell destaca que \u201cla lluita contra la despoblaci\u00f3 ha de tindre una estrat\u00e8gia a curt, mitj\u00e0 i llarg termini; i el desenvolupament de projectes de negoci en territoris despoblats encaixa perfectament amb eixe principi, perqu\u00e8 una empresa emergent \u00e9s en si mateixa un ens generador d&#8217;oportunitats\u201d.<\/p>\n\n\n\n<p class=\"wp-block-paragraph\">La jornada, la qual ha tingut lloc en la seu de la Mancomunidad Hoya de Bu\u00f1ol-Chiva i ha comptat tamb\u00e9 amb el suport del Grup d&#8217;Acci\u00f3 Local (GAL) Rurable, ha perm\u00e9s tamb\u00e9 con\u00e9ixer de manera m\u00e9s detallada fins a cinc projectes m\u00e9s dins del concurs de pitches.<\/p>\n\n\n\n<p class=\"wp-block-paragraph\">El diputat Mascarell explica tamb\u00e9 que \u201cfer un bon pitch, que \u00e9s el discurs o presentaci\u00f3 de les claus d&#8217;un projecte de negoci, \u00e9s clau tamb\u00e9 a l&#8217;hora d&#8217;accedir al mercat laboral, i forma part de les habilitats que ha de tindre una persona emprenedora per a desenvolupar el seu pla empresarial\u201d.<\/p>\n\n\n\n<p class=\"wp-block-paragraph\"><strong>Diversitat de tem\u00e0tiques<\/strong><\/p>\n\n\n\n<p class=\"wp-block-paragraph\">Durant la jornada celebrada a Y\u00e1tova, Fidel Garc\u00eda, Cap de Secci\u00f3 de Desenvolupament Rural de la Diputaci\u00f3 de Val\u00e8ncia, ha destacat \u201cla diversitat de tem\u00e0tiques presentades, des de les que se centren en prestar servicis d&#8217;alta especialitzaci\u00f3 normalment reservats a les capitals des dels municipis rurals, fins a les que s&#8217;enfoquen a impulsar el producte local per a transformar i generar ind\u00fastria a partir de l&#8217;agroalimentari o la gesti\u00f3 forestal&#8221;.<\/p>\n\n\n\n<p class=\"wp-block-paragraph\">Per part seua, el CEO de CEEI Val\u00e8ncia, Ram\u00f3n Ferrandis, ha indicat que &#8220;Emprendeaventura Rural ha ajudat i at\u00e9s 142 projectes rurals&#8221; i va agrair l&#8217;impuls de la Diputaci\u00f3 de Val\u00e8ncia, \u201camb la qual enguany tamb\u00e9 es dur\u00e0 a terme el programa de Mentoria Rural Horeca i Turisme, tamb\u00e9 per a persones emprenedores amb idees de negoci relacionades amb la restauraci\u00f3, allotjament o activitats relacionades amb el turisme rural&#8221;.<\/p>\n\n\n\n<p class=\"wp-block-paragraph\">A m\u00e9s, la trobada ha comptat amb la pres\u00e8ncia d&#8217;Amparo Fort, presidenta de la Mancomunidad de la Hoya de Bu\u00f1ol-Chiva; Carmen Soto, Agent de Desenvolupament comarcal i Coordinadora de Projectes Innovadors de la mateixa entitat; i Cristina Herr\u00e1iz, t\u00e8cnic de Rurable.<\/p>\n","protected":false},"excerpt":{"rendered":"<div class=\"mh-excerpt\">El Centre Europeu d&#8217;Empreses i Innovaci\u00f3 de Val\u00e8ncia (CEEI) organitza a Y\u00e1tova el \u2018Demo Day Emprendeaventura i Networking\u2019 que reconeix els projectes de negoci m\u00e9s rellevants dins del programa Emprendeaventura Rural de la Diputaci\u00f3. El <a class=\"mh-excerpt-more\" href=\"https:\/\/tucomarca.whitekongsoftware.com\/ca\/un-projecte-agricola-de-produccio-i-processament-salca-amb-el-premi-a-lemprenedoria-rural-impulsada-per-la-diputacio-de-valencia-i-el-ceei\/\" title=\"Un projecte agr\u00edcola de producci\u00f3 i processament s&#8217;al\u00e7a amb el premi a l&#8217;emprenedoria rural impulsada per la Diputaci\u00f3 de Val\u00e8ncia i el CEEI\">[+] <\/a><\/div>\n","protected":false},"author":12,"featured_media":227712,"comment_status":"open","ping_status":"open","sticky":false,"template":"","format":"standard","meta":{"footnotes":""},"categories":[10898,10980,10948,10894,10912,10947,10909,10896],"tags":[12370,11246,10914,10910],"class_list":["post-227714","post","type-post","status-publish","format-standard","has-post-thumbnail","category-ventana-ca","category-yatova-ca","category-infraestructuras-ca","category-la-comarca-ca","category-la-hoya-ca","category-politica","category-requena-utiel-ca","category-seccion-ca","tag-ceei-ca","tag-diputacio-de-valencia-ca","tag-la-hoya-de-bunol-chiva-ca","tag-requena-utiel-ca"],"_links":{"self":[{"href":"https:\/\/tucomarca.whitekongsoftware.com\/ca\/wp-json\/wp\/v2\/posts\/227714","targetHints":{"allow":["GET"]}}],"collection":[{"href":"https:\/\/tucomarca.whitekongsoftware.com\/ca\/wp-json\/wp\/v2\/posts"}],"about":[{"href":"https:\/\/tucomarca.whitekongsoftware.com\/ca\/wp-json\/wp\/v2\/types\/post"}],"author":[{"embeddable":true,"href":"https:\/\/tucomarca.whitekongsoftware.com\/ca\/wp-json\/wp\/v2\/users\/12"}],"replies":[{"embeddable":true,"href":"https:\/\/tucomarca.whitekongsoftware.com\/ca\/wp-json\/wp\/v2\/comments?post=227714"}],"version-history":[{"count":0,"href":"https:\/\/tucomarca.whitekongsoftware.com\/ca\/wp-json\/wp\/v2\/posts\/227714\/revisions"}],"wp:featuredmedia":[{"embeddable":true,"href":"https:\/\/tucomarca.whitekongsoftware.com\/ca\/wp-json\/wp\/v2\/media\/227712"}],"wp:attachment":[{"href":"https:\/\/tucomarca.whitekongsoftware.com\/ca\/wp-json\/wp\/v2\/media?parent=227714"}],"wp:term":[{"taxonomy":"category","embeddable":true,"href":"https:\/\/tucomarca.whitekongsoftware.com\/ca\/wp-json\/wp\/v2\/categories?post=227714"},{"taxonomy":"post_tag","embeddable":true,"href":"https:\/\/tucomarca.whitekongsoftware.com\/ca\/wp-json\/wp\/v2\/tags?post=227714"}],"curies":[{"name":"wp","href":"https:\/\/api.w.org\/{rel}","templated":true}]}}