{"id":227644,"date":"2024-06-26T09:00:00","date_gmt":"2024-06-26T07:00:00","guid":{"rendered":"https:\/\/www.tucomarca.com\/wordpress\/segunda\/?p=227644"},"modified":"2024-06-26T13:52:04","modified_gmt":"2024-06-26T11:52:04","slug":"fotogaleria-xest-dona-la-benvinguda-a-lestiu-amb-la-celebracio-de-lii-solstici-gaudint-de-la-vida","status":"publish","type":"post","link":"https:\/\/tucomarca.whitekongsoftware.com\/ca\/fotogaleria-xest-dona-la-benvinguda-a-lestiu-amb-la-celebracio-de-lii-solstici-gaudint-de-la-vida\/","title":{"rendered":"Fotogaler\u00eda: Xest dona la benvinguda a l&#8217;estiu amb la celebraci\u00f3 de l&#8217;II Solstici \u201cGaudint de la vida\u201d"},"content":{"rendered":"\n<p class=\"wp-block-paragraph\">Dissabte passat, 22 de juny, el Parc de La Lomiquia de Xest va acollir diferents activitats en el marc de la celebraci\u00f3 de l&#8217;II Solstici, titulat \u201cGaudint de la vida\u201d, que va organitzar la regidoria de Medi Ambient de l&#8217;Ajuntament de Xest, en col\u00b7laboraci\u00f3 amb l&#8217;Associaci\u00f3 altruista de Reiki i Stefainfinity.<\/p>\n\n\n\n<p class=\"wp-block-paragraph\">El programa va contemplar sessions de Reiki d&#8217;11.00 a 13.30 i de 17.00 a 20.00 en la zona d&#8217;arbreda de l&#8217;entrada al parc, on tamb\u00e9 es van realitzar altres activitats, com una sessi\u00f3 de ioga, a c\u00e0rrec de Leonor Ruiz, i una xarrada sobre gesti\u00f3 emocional i ferides de la inf\u00e0ncia, oferida per Raquel Moreno, de Holistic Essence.<\/p>\n\n\n\n<p class=\"wp-block-paragraph\">A m\u00e9s, va haver-hi una sessi\u00f3 de dansa del ventre impartida per les Ghawazi i dos tallers a c\u00e0rrec de Celia Tejedor Vila, de l&#8217;Associaci\u00f3 altruista de Reiki. Concretament, al mat\u00ed va tindre lloc el taller de Shiatsu, en el qual la ponent va explicar els beneficis d&#8217;aquesta t\u00e8cnica de digitopressi\u00f3 japonesa i va introduir la roda dels elements d&#8217;aire, foc, aigua i metall i la seua relaci\u00f3 amb els \u00f2rgans i les diferents parts del cos hum\u00e0. A la vesprada, Teixidor va guiar un taller pr\u00e0ctic titulat \u201cElaboraci\u00f3 de saquets per al Solstici\u201d. El taller va consistir en l&#8217;elaboraci\u00f3 d&#8217;un collaret decorat amb xicotets sacs fets amb teles de colors en els quals s&#8217;introdu\u00efa tabac i s\u00e0lvia. \u201cAquest taller serveix per a purificar els nostres pensaments. Despr\u00e9s de realitzar els saquets, els ficarem a l&#8217;aigua o els cremarem perqu\u00e8 l&#8217;energia que hi ha en el solstici transforme el negatiu en positiu\u201d, explicava la tallerista. \u201cEl tabac i la s\u00e0lvia s\u00f3n herbes sagrades per als indis lakotas, ells tamb\u00e9 les utilitzen per a celebrar el solstici. D&#8217;altra banda el color de les teles \u00e9s af\u00ed als elements de la naturalesa, que estan representats en els colors del arcoiris\u201d.<\/p>\n\n\n\n<p class=\"wp-block-paragraph\">Paral\u00b7lelament, l&#8217;II Solstici va comptar amb les actuacions en directe del grup de m\u00fasica andina Retrobament i del grup Usar i tirar, que va oferir un concert tribute a M-Clan; a m\u00e9s de reservar un espai per a la instal\u00b7laci\u00f3 de 14 llocs de venda relacionats amb l&#8217;artesania, les ter\u00e0pies hol\u00edstiques, la cosm\u00e8tica natural, el tarot i la naturalesa.<\/p>\n\n\n\n<p class=\"wp-block-paragraph\">\u201cLa celebraci\u00f3 del Solstici, que enguany s&#8217;ha realitzat per segona vegada, \u00e9s un projecte que mantindrem en l&#8217;agenda d&#8217;actes de Xest. Es tracta d&#8217;una activitat que ens fa connectar amb el medi ambient en cos i ment; i que, tal com destaquen totes les persones participants, transmet una forta sensaci\u00f3 de pau\u201d, apuntava el regidor de Medi Ambient, David Pujals. \u201cVull agrair la participaci\u00f3 de totes les persones volunt\u00e0ries amb les quals ha comptat l&#8217;II Solstici i tamb\u00e9 agra\u00efsc la dedicaci\u00f3 de les persones responsables de guiar els tallers, tots ells molt enriquidors i participatius, i la labor del personal municipal\u201d.<\/p>\n\n\n\n<p class=\"wp-block-paragraph\">La celebraci\u00f3 del solstici va finalitzar amb un ritual dinamitzat per l&#8217;Associaci\u00f3 altruista de Reiki, en el qual les persones participants van llan\u00e7ar a l&#8217;aigua i al foc els saquets que havien realitzat en el taller o els pensaments que havien escrit en papers proporcionats per l&#8217;organitzaci\u00f3.<\/p>\n\n\n\n<figure class=\"wp-block-gallery has-nested-images columns-2 is-cropped wp-block-gallery-1 is-layout-flex wp-block-gallery-is-layout-flex\">\n<figure class=\"wp-block-image size-large\"><img loading=\"lazy\" decoding=\"async\" width=\"886\" height=\"591\" data-id=\"227621\" src=\"https:\/\/www.tucomarca.com\/wordpress\/segunda\/wp-content\/uploads\/2024\/06\/ChesteSolsticio_1.jpg\" alt=\"\" class=\"wp-image-227621\" srcset=\"https:\/\/tucomarca.whitekongsoftware.com\/wp-content\/uploads\/2024\/06\/ChesteSolsticio_1.jpg 886w, https:\/\/tucomarca.whitekongsoftware.com\/wp-content\/uploads\/2024\/06\/ChesteSolsticio_1-300x200.jpg 300w, https:\/\/tucomarca.whitekongsoftware.com\/wp-content\/uploads\/2024\/06\/ChesteSolsticio_1-768x512.jpg 768w\" sizes=\"auto, (max-width: 886px) 100vw, 886px\" \/><\/figure>\n\n\n\n<figure class=\"wp-block-image size-large\"><img loading=\"lazy\" decoding=\"async\" width=\"886\" height=\"591\" data-id=\"227641\" src=\"https:\/\/www.tucomarca.com\/wordpress\/segunda\/wp-content\/uploads\/2024\/06\/ChesteSolsticio_11.jpg\" alt=\"\" class=\"wp-image-227641\" srcset=\"https:\/\/tucomarca.whitekongsoftware.com\/wp-content\/uploads\/2024\/06\/ChesteSolsticio_11.jpg 886w, https:\/\/tucomarca.whitekongsoftware.com\/wp-content\/uploads\/2024\/06\/ChesteSolsticio_11-300x200.jpg 300w, https:\/\/tucomarca.whitekongsoftware.com\/wp-content\/uploads\/2024\/06\/ChesteSolsticio_11-768x512.jpg 768w\" sizes=\"auto, (max-width: 886px) 100vw, 886px\" \/><\/figure>\n\n\n\n<figure class=\"wp-block-image size-large\"><img loading=\"lazy\" decoding=\"async\" width=\"886\" height=\"591\" data-id=\"227623\" src=\"https:\/\/www.tucomarca.com\/wordpress\/segunda\/wp-content\/uploads\/2024\/06\/ChesteSolsticio_2.jpg\" alt=\"\" class=\"wp-image-227623\" srcset=\"https:\/\/tucomarca.whitekongsoftware.com\/wp-content\/uploads\/2024\/06\/ChesteSolsticio_2.jpg 886w, https:\/\/tucomarca.whitekongsoftware.com\/wp-content\/uploads\/2024\/06\/ChesteSolsticio_2-300x200.jpg 300w, https:\/\/tucomarca.whitekongsoftware.com\/wp-content\/uploads\/2024\/06\/ChesteSolsticio_2-768x512.jpg 768w\" sizes=\"auto, (max-width: 886px) 100vw, 886px\" \/><\/figure>\n\n\n\n<figure class=\"wp-block-image size-large\"><img loading=\"lazy\" decoding=\"async\" width=\"886\" height=\"591\" data-id=\"227625\" src=\"https:\/\/www.tucomarca.com\/wordpress\/segunda\/wp-content\/uploads\/2024\/06\/ChesteSolsticio_3.jpg\" alt=\"\" class=\"wp-image-227625\" srcset=\"https:\/\/tucomarca.whitekongsoftware.com\/wp-content\/uploads\/2024\/06\/ChesteSolsticio_3.jpg 886w, https:\/\/tucomarca.whitekongsoftware.com\/wp-content\/uploads\/2024\/06\/ChesteSolsticio_3-300x200.jpg 300w, https:\/\/tucomarca.whitekongsoftware.com\/wp-content\/uploads\/2024\/06\/ChesteSolsticio_3-768x512.jpg 768w\" sizes=\"auto, (max-width: 886px) 100vw, 886px\" \/><\/figure>\n\n\n\n<figure class=\"wp-block-image size-large\"><img loading=\"lazy\" decoding=\"async\" width=\"886\" height=\"591\" data-id=\"227627\" src=\"https:\/\/www.tucomarca.com\/wordpress\/segunda\/wp-content\/uploads\/2024\/06\/ChesteSolsticio_4.jpg\" alt=\"\" class=\"wp-image-227627\" srcset=\"https:\/\/tucomarca.whitekongsoftware.com\/wp-content\/uploads\/2024\/06\/ChesteSolsticio_4.jpg 886w, https:\/\/tucomarca.whitekongsoftware.com\/wp-content\/uploads\/2024\/06\/ChesteSolsticio_4-300x200.jpg 300w, https:\/\/tucomarca.whitekongsoftware.com\/wp-content\/uploads\/2024\/06\/ChesteSolsticio_4-768x512.jpg 768w\" sizes=\"auto, (max-width: 886px) 100vw, 886px\" \/><\/figure>\n\n\n\n<figure class=\"wp-block-image size-large\"><img loading=\"lazy\" decoding=\"async\" width=\"886\" height=\"591\" data-id=\"227639\" src=\"https:\/\/www.tucomarca.com\/wordpress\/segunda\/wp-content\/uploads\/2024\/06\/ChesteSolsticio_10.jpg\" alt=\"\" class=\"wp-image-227639\" srcset=\"https:\/\/tucomarca.whitekongsoftware.com\/wp-content\/uploads\/2024\/06\/ChesteSolsticio_10.jpg 886w, https:\/\/tucomarca.whitekongsoftware.com\/wp-content\/uploads\/2024\/06\/ChesteSolsticio_10-300x200.jpg 300w, https:\/\/tucomarca.whitekongsoftware.com\/wp-content\/uploads\/2024\/06\/ChesteSolsticio_10-768x512.jpg 768w\" sizes=\"auto, (max-width: 886px) 100vw, 886px\" \/><\/figure>\n\n\n\n<figure class=\"wp-block-image size-large\"><img loading=\"lazy\" decoding=\"async\" width=\"886\" height=\"591\" data-id=\"227629\" src=\"https:\/\/www.tucomarca.com\/wordpress\/segunda\/wp-content\/uploads\/2024\/06\/ChesteSolsticio_5.jpg\" alt=\"\" class=\"wp-image-227629\" srcset=\"https:\/\/tucomarca.whitekongsoftware.com\/wp-content\/uploads\/2024\/06\/ChesteSolsticio_5.jpg 886w, https:\/\/tucomarca.whitekongsoftware.com\/wp-content\/uploads\/2024\/06\/ChesteSolsticio_5-300x200.jpg 300w, https:\/\/tucomarca.whitekongsoftware.com\/wp-content\/uploads\/2024\/06\/ChesteSolsticio_5-768x512.jpg 768w\" sizes=\"auto, (max-width: 886px) 100vw, 886px\" \/><\/figure>\n\n\n\n<figure class=\"wp-block-image size-large\"><img loading=\"lazy\" decoding=\"async\" width=\"886\" height=\"591\" data-id=\"227631\" src=\"https:\/\/www.tucomarca.com\/wordpress\/segunda\/wp-content\/uploads\/2024\/06\/ChesteSolsticio_6.jpg\" alt=\"\" class=\"wp-image-227631\" srcset=\"https:\/\/tucomarca.whitekongsoftware.com\/wp-content\/uploads\/2024\/06\/ChesteSolsticio_6.jpg 886w, https:\/\/tucomarca.whitekongsoftware.com\/wp-content\/uploads\/2024\/06\/ChesteSolsticio_6-300x200.jpg 300w, https:\/\/tucomarca.whitekongsoftware.com\/wp-content\/uploads\/2024\/06\/ChesteSolsticio_6-768x512.jpg 768w\" sizes=\"auto, (max-width: 886px) 100vw, 886px\" \/><\/figure>\n\n\n\n<figure class=\"wp-block-image size-large\"><img loading=\"lazy\" decoding=\"async\" width=\"886\" height=\"591\" data-id=\"227633\" src=\"https:\/\/www.tucomarca.com\/wordpress\/segunda\/wp-content\/uploads\/2024\/06\/ChesteSolsticio_7.jpg\" alt=\"\" class=\"wp-image-227633\" srcset=\"https:\/\/tucomarca.whitekongsoftware.com\/wp-content\/uploads\/2024\/06\/ChesteSolsticio_7.jpg 886w, https:\/\/tucomarca.whitekongsoftware.com\/wp-content\/uploads\/2024\/06\/ChesteSolsticio_7-300x200.jpg 300w, https:\/\/tucomarca.whitekongsoftware.com\/wp-content\/uploads\/2024\/06\/ChesteSolsticio_7-768x512.jpg 768w\" sizes=\"auto, (max-width: 886px) 100vw, 886px\" \/><\/figure>\n\n\n\n<figure class=\"wp-block-image size-large\"><img loading=\"lazy\" decoding=\"async\" width=\"886\" height=\"591\" data-id=\"227635\" src=\"https:\/\/www.tucomarca.com\/wordpress\/segunda\/wp-content\/uploads\/2024\/06\/ChesteSolsticio_8.jpg\" alt=\"\" class=\"wp-image-227635\" srcset=\"https:\/\/tucomarca.whitekongsoftware.com\/wp-content\/uploads\/2024\/06\/ChesteSolsticio_8.jpg 886w, https:\/\/tucomarca.whitekongsoftware.com\/wp-content\/uploads\/2024\/06\/ChesteSolsticio_8-300x200.jpg 300w, https:\/\/tucomarca.whitekongsoftware.com\/wp-content\/uploads\/2024\/06\/ChesteSolsticio_8-768x512.jpg 768w\" sizes=\"auto, (max-width: 886px) 100vw, 886px\" \/><\/figure>\n\n\n\n<figure class=\"wp-block-image size-large\"><img loading=\"lazy\" decoding=\"async\" width=\"886\" height=\"591\" data-id=\"227637\" src=\"https:\/\/www.tucomarca.com\/wordpress\/segunda\/wp-content\/uploads\/2024\/06\/ChesteSolsticio_9.jpg\" alt=\"\" class=\"wp-image-227637\" srcset=\"https:\/\/tucomarca.whitekongsoftware.com\/wp-content\/uploads\/2024\/06\/ChesteSolsticio_9.jpg 886w, https:\/\/tucomarca.whitekongsoftware.com\/wp-content\/uploads\/2024\/06\/ChesteSolsticio_9-300x200.jpg 300w, https:\/\/tucomarca.whitekongsoftware.com\/wp-content\/uploads\/2024\/06\/ChesteSolsticio_9-768x512.jpg 768w\" sizes=\"auto, (max-width: 886px) 100vw, 886px\" \/><\/figure>\n<\/figure>\n","protected":false},"excerpt":{"rendered":"<div class=\"mh-excerpt\">Dissabte passat, 22 de juny, el Parc de La Lomiquia de Xest va acollir diferents activitats en el marc de la celebraci\u00f3 de l&#8217;II Solstici, titulat \u201cGaudint de la vida\u201d, que va organitzar la regidoria <a class=\"mh-excerpt-more\" href=\"https:\/\/tucomarca.whitekongsoftware.com\/ca\/fotogaleria-xest-dona-la-benvinguda-a-lestiu-amb-la-celebracio-de-lii-solstici-gaudint-de-la-vida\/\" title=\"Fotogaler\u00eda: Xest dona la benvinguda a l&#8217;estiu amb la celebraci\u00f3 de l&#8217;II Solstici \u201cGaudint de la vida\u201d\">[+] <\/a><\/div>\n","protected":false},"author":12,"featured_media":227620,"comment_status":"open","ping_status":"open","sticky":false,"template":"","format":"gallery","meta":{"footnotes":""},"categories":[10894,10912,11004,11007,11008,10896,10974],"tags":[11071,20897,10914],"class_list":["post-227644","post","type-post","status-publish","format-gallery","has-post-thumbnail","category-la-comarca-ca","category-la-hoya-ca","category-la-semana-en-imagenes-ca","category-ocio-y-cultura-ca","category-pueblos-en-fiestas-ca","category-seccion-ca","category-cheste-ca","tag-cheste","tag-ii-solsticio-disfrutando-de-la-vida-ca","tag-la-hoya-de-bunol-chiva-ca","post_format-post-format-gallery"],"_links":{"self":[{"href":"https:\/\/tucomarca.whitekongsoftware.com\/ca\/wp-json\/wp\/v2\/posts\/227644","targetHints":{"allow":["GET"]}}],"collection":[{"href":"https:\/\/tucomarca.whitekongsoftware.com\/ca\/wp-json\/wp\/v2\/posts"}],"about":[{"href":"https:\/\/tucomarca.whitekongsoftware.com\/ca\/wp-json\/wp\/v2\/types\/post"}],"author":[{"embeddable":true,"href":"https:\/\/tucomarca.whitekongsoftware.com\/ca\/wp-json\/wp\/v2\/users\/12"}],"replies":[{"embeddable":true,"href":"https:\/\/tucomarca.whitekongsoftware.com\/ca\/wp-json\/wp\/v2\/comments?post=227644"}],"version-history":[{"count":0,"href":"https:\/\/tucomarca.whitekongsoftware.com\/ca\/wp-json\/wp\/v2\/posts\/227644\/revisions"}],"wp:featuredmedia":[{"embeddable":true,"href":"https:\/\/tucomarca.whitekongsoftware.com\/ca\/wp-json\/wp\/v2\/media\/227620"}],"wp:attachment":[{"href":"https:\/\/tucomarca.whitekongsoftware.com\/ca\/wp-json\/wp\/v2\/media?parent=227644"}],"wp:term":[{"taxonomy":"category","embeddable":true,"href":"https:\/\/tucomarca.whitekongsoftware.com\/ca\/wp-json\/wp\/v2\/categories?post=227644"},{"taxonomy":"post_tag","embeddable":true,"href":"https:\/\/tucomarca.whitekongsoftware.com\/ca\/wp-json\/wp\/v2\/tags?post=227644"}],"curies":[{"name":"wp","href":"https:\/\/api.w.org\/{rel}","templated":true}]}}