{"id":227616,"date":"2024-06-26T11:00:00","date_gmt":"2024-06-26T09:00:00","guid":{"rendered":"https:\/\/www.tucomarca.com\/wordpress\/segunda\/?p=227616"},"modified":"2024-06-26T12:55:41","modified_gmt":"2024-06-26T10:55:41","slug":"immobilitzen-80-tones-dolives-i-adobats-per-emprar-productes-no-aptes-per-al-consum-huma","status":"publish","type":"post","link":"https:\/\/tucomarca.whitekongsoftware.com\/ca\/immobilitzen-80-tones-dolives-i-adobats-per-emprar-productes-no-aptes-per-al-consum-huma\/","title":{"rendered":"Immobilitzen 80 tones d&#8217;olives i adobats per emprar productes no aptes per al consum hum\u00e0"},"content":{"rendered":"\n<h3 class=\"wp-block-heading\">S&#8217;ha detingut al gerent de l&#8217;empresa per un presumpte delicte contra la salut p\u00fablica i un altre relatiu al mercat i als consumidors.<\/h3>\n\n\n\n<h3 class=\"wp-block-heading\">Els productes eren destinats a comer\u00e7os majoristes, restauraci\u00f3 i grans superf\u00edcies comercials d&#8217;Espanya, tercers pa\u00efsos i algun altre de la Uni\u00f3 Europea.<\/h3>\n\n\n\n<h3 class=\"wp-block-heading\">Es mesclava aproximadament un 5-10% de productes no aptes per al consum hum\u00e0 amb uns altres que s\u00ed que estaven autoritzats.<\/h3>\n\n\n\n<p class=\"wp-block-paragraph\">La Gu\u00e0rdia Civil de Val\u00e8ncia immobilitza 80 tones d&#8217;olives i adobats i det\u00e9 al gerent de l&#8217;empresa en qu\u00e8 es produ\u00efen per un delicte contra la salut p\u00fablica i un altre relatiu al mercat i als consumidors en posar en risc la integritat f\u00edsica d&#8217;aquests.<\/p>\n\n\n\n<p class=\"wp-block-paragraph\">Fruit de la col\u00b7laboraci\u00f3 ciutadana, els investigadors van tindre not\u00edcia que podrien estar cometent-se irregularitats en una empresa de productes alimentaris, realitzant una inspecci\u00f3 en col\u00b7laboraci\u00f3 amb la Conselleria de Sanitat.&nbsp;<\/p>\n\n\n\n<p class=\"wp-block-paragraph\">Durant el registre es va comprovar que en les instal\u00b7lacions de l&#8217;empresa es trobaven emmagatzemats productes identificats com no aptes destinats al consum hum\u00e0 sense cap altra etiqueta, en llandes oxidades o amb dates de consum recomanat sobrepassats \u00e0mpliament els cinc anys. Tamb\u00e9 es van detectar bidons identificats com a \u201cproducte no apte\u201d.<\/p>\n\n\n\n<p class=\"wp-block-paragraph\">Fruit de la investigaci\u00f3 es va verificar que l&#8217;empresa mesclava aproximadament entre un 5% i un 10% de producte no apte per al consum hum\u00e0 amb un altre s\u00ed que autoritzat.&nbsp;<\/p>\n\n\n\n<p class=\"wp-block-paragraph\">El producte final era distribu\u00eft per al seu comer\u00e7 en el mercat majorista, en restauraci\u00f3, botigues i grans superf\u00edcies tant del mercat nacional (Catalunya, Comunitat Valenciana, Cant\u00e0bria, Comunitat de Madrid, Andalusia, illes Balears, M\u00farcia, Extremadura i Castella-la Manxa) com de tercers pa\u00efsos i algun altre de la Uni\u00f3 Europea.&nbsp;<\/p>\n\n\n\n<p class=\"wp-block-paragraph\">Segons un document que portava l&#8217;empresa, el producte classificat com \u201cno apte\u201d s&#8217;ha de destinar a eliminaci\u00f3 a trav\u00e9s d&#8217;un gestor autoritzat de residus. No pot utilitzar-se en cap cas per a consum hum\u00e0 ni animal.&nbsp;<\/p>\n\n\n\n<p class=\"wp-block-paragraph\"><strong>Resultat de l&#8217;operaci\u00f3<\/strong><\/p>\n\n\n\n<p class=\"wp-block-paragraph\">En total, per aquests fets, s&#8217;ha immobilitzat 80 tones d&#8217;olives i adobats i s&#8217;ha detingut al gerent de l&#8217;empresa, un home de 42 anys i nacionalitat espanyola pel delicte contra la salut p\u00fablica i un altre relatiu al mercat i als consumidors, en posar en risc la integritat d&#8217;aquests.<\/p>\n\n\n\n<p class=\"wp-block-paragraph\">La Conselleria de Sanitat de la Comunitat Valenciana ha em\u00e9s una alerta r\u00e0pida a nivell europeu a trav\u00e9s del sistema RASFF (Rapid Alert System Feed and Food) per a controlar els productes d&#8217;eixa empresa que es troben en circulaci\u00f3.&nbsp;<\/p>\n\n\n\n<p class=\"wp-block-paragraph\">L&#8217;empresa s&#8217;ha comprom\u00e9s, de manera volunt\u00e0ria, a la retirada del producte del mercat.&nbsp;<\/p>\n\n\n\n<p class=\"wp-block-paragraph\">Les dilig\u00e8ncies han sigut entregades en el Jutjat de Primera Inst\u00e0ncia i Instrucci\u00f3 n\u00famero 4 d&#8217;Alzira.<\/p>\n","protected":false},"excerpt":{"rendered":"<div class=\"mh-excerpt\">S&#8217;ha detingut al gerent de l&#8217;empresa per un presumpte delicte contra la salut p\u00fablica i un altre relatiu al mercat i als consumidors. Els productes eren destinats a comer\u00e7os majoristes, restauraci\u00f3 i grans superf\u00edcies comercials <a class=\"mh-excerpt-more\" href=\"https:\/\/tucomarca.whitekongsoftware.com\/ca\/immobilitzen-80-tones-dolives-i-adobats-per-emprar-productes-no-aptes-per-al-consum-huma\/\" title=\"Immobilitzen 80 tones d&#8217;olives i adobats per emprar productes no aptes per al consum hum\u00e0\">[+] <\/a><\/div>\n","protected":false},"author":1,"featured_media":227614,"comment_status":"open","ping_status":"open","sticky":false,"template":"","format":"standard","meta":{"footnotes":""},"categories":[10889,10898,10948,10894,10904,10902,10896,10897],"tags":[11192,16410,11077],"class_list":["post-227616","post","type-post","status-publish","format-standard","has-post-thumbnail","category-alzira-cat","category-ventana-ca","category-infraestructuras-ca","category-la-comarca-ca","category-sin-categorizar-ca","category-la-ribera-ca","category-seccion-ca","category-sucesos-la-comarca-ca","tag-alzira-ca","tag-incautacion-ca","tag-la-ribera-alta-ca"],"_links":{"self":[{"href":"https:\/\/tucomarca.whitekongsoftware.com\/ca\/wp-json\/wp\/v2\/posts\/227616","targetHints":{"allow":["GET"]}}],"collection":[{"href":"https:\/\/tucomarca.whitekongsoftware.com\/ca\/wp-json\/wp\/v2\/posts"}],"about":[{"href":"https:\/\/tucomarca.whitekongsoftware.com\/ca\/wp-json\/wp\/v2\/types\/post"}],"author":[{"embeddable":true,"href":"https:\/\/tucomarca.whitekongsoftware.com\/ca\/wp-json\/wp\/v2\/users\/1"}],"replies":[{"embeddable":true,"href":"https:\/\/tucomarca.whitekongsoftware.com\/ca\/wp-json\/wp\/v2\/comments?post=227616"}],"version-history":[{"count":0,"href":"https:\/\/tucomarca.whitekongsoftware.com\/ca\/wp-json\/wp\/v2\/posts\/227616\/revisions"}],"wp:featuredmedia":[{"embeddable":true,"href":"https:\/\/tucomarca.whitekongsoftware.com\/ca\/wp-json\/wp\/v2\/media\/227614"}],"wp:attachment":[{"href":"https:\/\/tucomarca.whitekongsoftware.com\/ca\/wp-json\/wp\/v2\/media?parent=227616"}],"wp:term":[{"taxonomy":"category","embeddable":true,"href":"https:\/\/tucomarca.whitekongsoftware.com\/ca\/wp-json\/wp\/v2\/categories?post=227616"},{"taxonomy":"post_tag","embeddable":true,"href":"https:\/\/tucomarca.whitekongsoftware.com\/ca\/wp-json\/wp\/v2\/tags?post=227616"}],"curies":[{"name":"wp","href":"https:\/\/api.w.org\/{rel}","templated":true}]}}