{"id":227567,"date":"2024-06-25T09:55:00","date_gmt":"2024-06-25T07:55:00","guid":{"rendered":"https:\/\/www.tucomarca.com\/wordpress\/segunda\/?p=227567"},"modified":"2024-06-25T18:57:57","modified_gmt":"2024-06-25T16:57:57","slug":"requena-acollira-les-iv-jornades-sobre-micro-cellers-els-dies-6-i-8-de-juliol","status":"publish","type":"post","link":"https:\/\/tucomarca.whitekongsoftware.com\/ca\/requena-acollira-les-iv-jornades-sobre-micro-cellers-els-dies-6-i-8-de-juliol\/","title":{"rendered":"Requena acollir\u00e0 les IV Jornades sobre Micro cellers, els dies 6 i 8 de juliol"},"content":{"rendered":"\n<p class=\"wp-block-paragraph\">En resposta als desafiaments actuals del sector vitivin\u00edcola, les micro cellers emergeixen com un model innovador i sostenible, adaptant-se a les noves exig\u00e8ncies agroecol\u00f2giques i oferint vins d&#8217;alta qualitat i diversitat. Sota aquest context, se celebraran les \u00abIV Jornades sobre Micro cellers\u00bb en la Vila de Requena, els dies 6 i 8 de juliol de 2024, organitzades per la Coordinadora Llauradora-COAG, al costat de l&#8217;Ajuntament de Requena i PROAVA i amb col\u00b7laboraci\u00f3 amb la Diputaci\u00f3 de Val\u00e8ncia, Mancomunitat de l&#8217;Interior Terra de vi i Caixa Popular.<\/p>\n\n\n<div class=\"wp-block-image\">\n<figure class=\"alignleft size-large is-resized\"><img loading=\"lazy\" decoding=\"async\" width=\"724\" height=\"1024\" src=\"http:\/\/www.tucomarca.com\/wordpress\/segunda\/wp-content\/uploads\/2024\/06\/RequenaMicrobodegas-724x1024.jpg\" alt=\"\" class=\"wp-image-227563\" style=\"width:426px;height:auto\" srcset=\"https:\/\/tucomarca.whitekongsoftware.com\/wp-content\/uploads\/2024\/06\/RequenaMicrobodegas-724x1024.jpg 724w, https:\/\/tucomarca.whitekongsoftware.com\/wp-content\/uploads\/2024\/06\/RequenaMicrobodegas-212x300.jpg 212w, https:\/\/tucomarca.whitekongsoftware.com\/wp-content\/uploads\/2024\/06\/RequenaMicrobodegas-768x1086.jpg 768w, https:\/\/tucomarca.whitekongsoftware.com\/wp-content\/uploads\/2024\/06\/RequenaMicrobodegas.jpg 886w\" sizes=\"auto, (max-width: 724px) 100vw, 724px\" \/><\/figure>\n<\/div>\n\n\n<p class=\"wp-block-paragraph\"><br>Els microcellers representen una eina d&#8217;innovaci\u00f3 que obri nous mercats i promou la diversificaci\u00f3 de les fonts d&#8217;ingr\u00e9s dels vitivinicultores gr\u00e0cies al turisme i els tastos dirigits en les seues alm\u00e0sseres recuperades. Aquest esdeveniment segueix l&#8217;\u00e8xit de les anteriors tres jornades de Micro cellers, que es realitzen des de 2021, que van reunir representants d&#8217;elles, escoles d&#8217;enologia i professionals de l&#8217;hostaleria a Requena.<br>Les IV Jornades sobre Micro cellers tenen com a objectiu impulsar un nou model vitivin\u00edcola adaptat als temps moderns, incentivant la incorporaci\u00f3 de joves al sector i facilitant el relleu generacional. A m\u00e9s, es busca proporcionar als assistents una guia clara sobre els passos, tr\u00e0mits i ajudes necess\u00e0ries per a establir una micro celler, aix\u00ed com visibilitzar i promoure alternatives agroecol\u00f2giques en el m\u00f3n rural.<br>Les jornades es desenvoluparan de manera presencial i seran gratu\u00eftes, encara que l&#8217;aforament \u00e9s limitat, per la qual cosa \u00e9s necessari inscriure&#8217;s pr\u00e8viament. L&#8217;esdeveniment est\u00e0 obert a qualsevol persona interessada en el sector vitivin\u00edcola. Enguany, com a novetat, se celebrar\u00e0 la Fira de Micro cellers en la Pla\u00e7a de la Vila, Requena, un esdeveniment destacat on els assistents podran gaudir de m\u00fasica i degustacions de vins artesanals mitjan\u00e7ant la compra de tiquets. Informa, <strong>Luis Ib\u00e1\u00f1ez<\/strong>.<\/p>\n","protected":false},"excerpt":{"rendered":"<div class=\"mh-excerpt\">En resposta als desafiaments actuals del sector vitivin\u00edcola, les micro cellers emergeixen com un model innovador i sostenible, adaptant-se a les noves exig\u00e8ncies agroecol\u00f2giques i oferint vins d&#8217;alta qualitat i diversitat. Sota aquest context, se <a class=\"mh-excerpt-more\" href=\"https:\/\/tucomarca.whitekongsoftware.com\/ca\/requena-acollira-les-iv-jornades-sobre-micro-cellers-els-dies-6-i-8-de-juliol\/\" title=\"Requena acollir\u00e0 les IV Jornades sobre Micro cellers, els dies 6 i 8 de juliol\">[+] <\/a><\/div>\n","protected":false},"author":12,"featured_media":227564,"comment_status":"open","ping_status":"open","sticky":false,"template":"","format":"standard","meta":{"footnotes":""},"categories":[11019,10905,11006,10948,10894,10908,10909,10896],"tags":[20895,11099,10910],"class_list":["post-227567","post","type-post","status-publish","format-standard","has-post-thumbnail","category-agenda-ca","category-agricultura-la-comarca-ca","category-canal-vinos","category-infraestructuras-ca","category-la-comarca-ca","category-requena-ca","category-requena-utiel-ca","category-seccion-ca","tag-micro-bodegas-ca","tag-requena-ca","tag-requena-utiel-ca"],"_links":{"self":[{"href":"https:\/\/tucomarca.whitekongsoftware.com\/ca\/wp-json\/wp\/v2\/posts\/227567","targetHints":{"allow":["GET"]}}],"collection":[{"href":"https:\/\/tucomarca.whitekongsoftware.com\/ca\/wp-json\/wp\/v2\/posts"}],"about":[{"href":"https:\/\/tucomarca.whitekongsoftware.com\/ca\/wp-json\/wp\/v2\/types\/post"}],"author":[{"embeddable":true,"href":"https:\/\/tucomarca.whitekongsoftware.com\/ca\/wp-json\/wp\/v2\/users\/12"}],"replies":[{"embeddable":true,"href":"https:\/\/tucomarca.whitekongsoftware.com\/ca\/wp-json\/wp\/v2\/comments?post=227567"}],"version-history":[{"count":0,"href":"https:\/\/tucomarca.whitekongsoftware.com\/ca\/wp-json\/wp\/v2\/posts\/227567\/revisions"}],"wp:featuredmedia":[{"embeddable":true,"href":"https:\/\/tucomarca.whitekongsoftware.com\/ca\/wp-json\/wp\/v2\/media\/227564"}],"wp:attachment":[{"href":"https:\/\/tucomarca.whitekongsoftware.com\/ca\/wp-json\/wp\/v2\/media?parent=227567"}],"wp:term":[{"taxonomy":"category","embeddable":true,"href":"https:\/\/tucomarca.whitekongsoftware.com\/ca\/wp-json\/wp\/v2\/categories?post=227567"},{"taxonomy":"post_tag","embeddable":true,"href":"https:\/\/tucomarca.whitekongsoftware.com\/ca\/wp-json\/wp\/v2\/tags?post=227567"}],"curies":[{"name":"wp","href":"https:\/\/api.w.org\/{rel}","templated":true}]}}