{"id":227488,"date":"2024-06-25T11:00:00","date_gmt":"2024-06-25T09:00:00","guid":{"rendered":"https:\/\/www.tucomarca.com\/wordpress\/segunda\/?p=227488"},"modified":"2024-06-25T12:23:17","modified_gmt":"2024-06-25T10:23:17","slug":"alpuente-remodelara-integralment-el-parc-don-valeriano-amb-la-inversio-de-la-diputacio-de-valencia","status":"publish","type":"post","link":"https:\/\/tucomarca.whitekongsoftware.com\/ca\/alpuente-remodelara-integralment-el-parc-don-valeriano-amb-la-inversio-de-la-diputacio-de-valencia\/","title":{"rendered":"Alpuente remodelar\u00e0 integralment el parc Don Valeriano amb la inversi\u00f3 de la Diputaci\u00f3 de Val\u00e8ncia"},"content":{"rendered":"\n<h3 class=\"wp-block-heading\">El president de la Diputaci\u00f3 de Val\u00e8ncia, Vicent Momp\u00f3, es reunix amb l&#8217;alcaldessa de municipi de la Serrania, Itziar M\u00e9ndez.<\/h3>\n\n\n\n<h3 class=\"wp-block-heading\">Momp\u00f3 subratlla \u201cla import\u00e0ncia de con\u00e9ixer de primera m\u00e0 tots els projectes que es fan amb ajuda de la corporaci\u00f3 provincial\u201d.<\/h3>\n\n\n\n<h3 class=\"wp-block-heading\">Alpuente rebr\u00e0 enguany 75.612 euros del Fons de Cooperaci\u00f3 i la inversi\u00f3 del Pla Obert d\u2019Inversions 2024-27 ascendix a 973.515,61 euros.<\/h3>\n\n\n\n<p class=\"wp-block-paragraph\">El president de la Diputaci\u00f3 de Val\u00e8ncia, Vicent Momp\u00f3, s&#8217;ha reunit amb l&#8217;alcaldessa d&#8217;Alpuente, Itziar M\u00e9ndez, per a con\u00e9ixer els projectes duts a terme amb les inversions de la corporaci\u00f3 provincial aix\u00ed com atendre les necessitats del municipi.<\/p>\n\n\n\n<p class=\"wp-block-paragraph\">M\u00e9ndez ha avan\u00e7at que amb el Pla Obert d&#8217;Inversions, 973.500 euros en quatre anys, realitzaran \u201cuna remodelaci\u00f3 integral del parc Don Valeriano, amb un projecte que rondar\u00e0 els 130.000 euros\u201d. \u201cEs millorar\u00e0 l&#8217;accessibilitat, hi haur\u00e0 noves zones de jocs, taules adaptades i petanca, afavorint aix\u00ed les relacions intergeneracionals en un mateix espai\u201d, ha explicat.<\/p>\n\n\n\n<p class=\"wp-block-paragraph\">A m\u00e9s, ha detallat, \u201cs&#8217;invertiran prop de 50.000 euros en la millora de la xarxa de subministrament d&#8217;aigua potable baix el projecte de substituci\u00f3 de la canalitzaci\u00f3 hidr\u00e0ulica d&#8217;una bomba del pou en l\u2019aldea El Hontanar de prove\u00efment d&#8217;aigua potable a la poblaci\u00f3\u201d.<\/p>\n\n\n\n<p class=\"wp-block-paragraph\">Uns projectes que el president de la Diputaci\u00f3 ha aplaudit perqu\u00e8 \u201csuposen millorar la qualitat de vida de la ciutadania d&#8217;Alpuente\u201d. En este sentit, Momp\u00f3 ha insistit en \u201cla import\u00e0ncia de con\u00e9ixer de primera m\u00e0 tots els avan\u00e7os que els municipis van realitzant amb l&#8217;ajuda de la corporaci\u00f3 provincial\u201d. Tamb\u00e9 ha empla\u00e7at a l&#8217;alcaldessa d&#8217;Alpuente \u201ca continuar treballant conjuntament en benefici del municipi\u201d. A part del Pla Obert d\u2019Inversions, Alpuente rebr\u00e0 este any 75.612 euros del Fons de Cooperaci\u00f3 Municipal, aprovat la setmana passada per la Diputaci\u00f3 de Val\u00e8ncia.<\/p>\n","protected":false},"excerpt":{"rendered":"<div class=\"mh-excerpt\">El president de la Diputaci\u00f3 de Val\u00e8ncia, Vicent Momp\u00f3, es reunix amb l&#8217;alcaldessa de municipi de la Serrania, Itziar M\u00e9ndez. Momp\u00f3 subratlla \u201cla import\u00e0ncia de con\u00e9ixer de primera m\u00e0 tots els projectes que es fan <a class=\"mh-excerpt-more\" href=\"https:\/\/tucomarca.whitekongsoftware.com\/ca\/alpuente-remodelara-integralment-el-parc-don-valeriano-amb-la-inversio-de-la-diputacio-de-valencia\/\" title=\"Alpuente remodelar\u00e0 integralment el parc Don Valeriano amb la inversi\u00f3 de la Diputaci\u00f3 de Val\u00e8ncia\">[+] <\/a><\/div>\n","protected":false},"author":12,"featured_media":227480,"comment_status":"open","ping_status":"open","sticky":false,"template":"","format":"standard","meta":{"footnotes":""},"categories":[11044,11046,10898,10948,10894,10947,10896],"tags":[11187,11246,11928,11080],"class_list":["post-227488","post","type-post","status-publish","format-standard","has-post-thumbnail","category-alpuente-ca","category-los-serranos-ca","category-ventana-ca","category-infraestructuras-ca","category-la-comarca-ca","category-politica","category-seccion-ca","tag-alpuente-ca","tag-diputacio-de-valencia-ca","tag-la-serrania-ca","tag-los-serranos-ca"],"_links":{"self":[{"href":"https:\/\/tucomarca.whitekongsoftware.com\/ca\/wp-json\/wp\/v2\/posts\/227488","targetHints":{"allow":["GET"]}}],"collection":[{"href":"https:\/\/tucomarca.whitekongsoftware.com\/ca\/wp-json\/wp\/v2\/posts"}],"about":[{"href":"https:\/\/tucomarca.whitekongsoftware.com\/ca\/wp-json\/wp\/v2\/types\/post"}],"author":[{"embeddable":true,"href":"https:\/\/tucomarca.whitekongsoftware.com\/ca\/wp-json\/wp\/v2\/users\/12"}],"replies":[{"embeddable":true,"href":"https:\/\/tucomarca.whitekongsoftware.com\/ca\/wp-json\/wp\/v2\/comments?post=227488"}],"version-history":[{"count":0,"href":"https:\/\/tucomarca.whitekongsoftware.com\/ca\/wp-json\/wp\/v2\/posts\/227488\/revisions"}],"wp:featuredmedia":[{"embeddable":true,"href":"https:\/\/tucomarca.whitekongsoftware.com\/ca\/wp-json\/wp\/v2\/media\/227480"}],"wp:attachment":[{"href":"https:\/\/tucomarca.whitekongsoftware.com\/ca\/wp-json\/wp\/v2\/media?parent=227488"}],"wp:term":[{"taxonomy":"category","embeddable":true,"href":"https:\/\/tucomarca.whitekongsoftware.com\/ca\/wp-json\/wp\/v2\/categories?post=227488"},{"taxonomy":"post_tag","embeddable":true,"href":"https:\/\/tucomarca.whitekongsoftware.com\/ca\/wp-json\/wp\/v2\/tags?post=227488"}],"curies":[{"name":"wp","href":"https:\/\/api.w.org\/{rel}","templated":true}]}}