{"id":227410,"date":"2024-06-24T10:30:00","date_gmt":"2024-06-24T08:30:00","guid":{"rendered":"https:\/\/www.tucomarca.com\/wordpress\/segunda\/?p=227410"},"modified":"2024-06-24T14:09:34","modified_gmt":"2024-06-24T12:09:34","slug":"igualtat-llanca-una-campanya-per-a-acostar-a-la-ciutadania-la-programacio-desdeveniments-lgtbiq-organitzats-amb-motiu-del-dia-de-lorgulli","status":"publish","type":"post","link":"https:\/\/tucomarca.whitekongsoftware.com\/ca\/igualtat-llanca-una-campanya-per-a-acostar-a-la-ciutadania-la-programacio-desdeveniments-lgtbiq-organitzats-amb-motiu-del-dia-de-lorgulli\/","title":{"rendered":"Igualtat llan\u00e7a una campanya per a acostar a la ciutadania la programaci\u00f3 d\u2019esdeveniments LGTBIQ+ organitzats amb motiu del Dia de l\u2019OrgullI"},"content":{"rendered":"\n<h3 class=\"wp-block-heading\">A trav\u00e9s d\u2019un codi QR es podr\u00e0 con\u00e9ixer l\u2019hora i el lloc dels actes organitzats per entitats locals i del sector durant tot l\u2019any<\/h3>\n\n\n<div class=\"wp-block-image\">\n<figure class=\"alignleft size-full is-resized\"><img loading=\"lazy\" decoding=\"async\" width=\"886\" height=\"900\" src=\"http:\/\/www.tucomarca.com\/wordpress\/segunda\/wp-content\/uploads\/2024\/06\/OrgullGVA.jpg\" alt=\"\" class=\"wp-image-227405\" style=\"width:473px;height:auto\" srcset=\"https:\/\/tucomarca.whitekongsoftware.com\/wp-content\/uploads\/2024\/06\/OrgullGVA.jpg 886w, https:\/\/tucomarca.whitekongsoftware.com\/wp-content\/uploads\/2024\/06\/OrgullGVA-295x300.jpg 295w, https:\/\/tucomarca.whitekongsoftware.com\/wp-content\/uploads\/2024\/06\/OrgullGVA-768x780.jpg 768w\" sizes=\"auto, (max-width: 886px) 100vw, 886px\" \/><\/figure>\n<\/div>\n\n\n<p class=\"wp-block-paragraph\">La Vicepresid\u00e8ncia Segona i Conselleria de Serveis Socials, Igualtat i Habitatge ha posat en marxa una campanya per a acostar a la ciutadania la programaci\u00f3 d\u2019esdeveniments LGTBIQ+, organitzats en diversos municipis de la Comunitat Valenciana amb motiu del Dia de l\u2019Orgull.<\/p>\n\n\n\n<p class=\"wp-block-paragraph\">A trav\u00e9s d\u2019un codi QR, que es podr\u00e0 llegir en mitjans de comunicaci\u00f3, autobusos i <a href=\"https:\/\/inclusio.gva.es\/va\/web\/igualdad-diversidad\/programacion-eventos-lgtbi\" target=\"_blank\" rel=\"noreferrer noopener\">web<\/a> de la Conselleria, es podr\u00e0 con\u00e9ixer l\u2019hora i el lloc dels actes organitzats per entitats locals i entitats del sector per a la setmana que ve, que culminaran el dia 28 de juny amb manifestacions en diversos municipis del territori valenci\u00e0. A m\u00e9s, es podran consultar altres esdeveniments que est\u00e0 previst celebrar la resta de l\u2019any.<\/p>\n\n\n\n<p class=\"wp-block-paragraph\">El director general de Diversitat, Stephane Soriano, ha explicat que, amb la marca \u2018Orgull de Comunitat\u2019, \u201cs\u2019ha impulsat un model de coordinaci\u00f3 per a la celebraci\u00f3 d\u2019actes relacionats amb la poblaci\u00f3 LGTBIQ+ a les tres prov\u00edncies\u201d.<\/p>\n\n\n\n<p class=\"wp-block-paragraph\">L\u2019objectiu, ha assenyalat Soriano, \u201c\u00e9s visibilitzar i celebrar la diversitat i promoure una societat inclusiva i respectuosa, treballar conjuntament i situar en el mapa la Comunitat Valenciana com a referent LGTBIQ+\u201d.<\/p>\n\n\n\n<p class=\"wp-block-paragraph\">Aix\u00ed mateix, el director general ha reiterat el comprom\u00eds del Consell \u201cen la defensa i el respecte de totes les persones, a combatre preju\u00eds basats en l\u2019orientaci\u00f3 sexual i treballar per a crear un ambient inclusiu i segur on totes les persones se senten acceptades i respectades\u201d.<\/p>\n\n\n\n<p class=\"wp-block-paragraph\">\u2018Orgull de Comunitat\u2019 \u00e9s la marca de la Generalitat impulsada per a unificar totes les campanyes que es duran a terme durant esta legislatura en mat\u00e8ria de diversitat, amb l\u2019objectiu de fomentar la inclusi\u00f3 i el reconeixement de les persones LGTBIQ+.<\/p>\n\n\n\n<p class=\"wp-block-paragraph\">Cal recordar que la setmana passada la Generalitat va ser guardonada amb el Premi Diversa Institucional 2024 per la marca \u2018Orgull de Comunitat\u2019, uns guardons que organitza l\u2019Associaci\u00f3 Diversa Global per a distingir persones, empreses i institucions per la seua implicaci\u00f3 amb la diversitat.<\/p>\n\n\n\n<p class=\"wp-block-paragraph\"><strong>Col\u00b7laboracions de la Generalitat<\/strong><\/p>\n\n\n\n<p class=\"wp-block-paragraph\">La Generalitat ha col\u00b7laborat amb els ajuntaments de Val\u00e8ncia, Alacant i Castell\u00f3 de la Plana i les diputacions provincials en l\u2019organitzaci\u00f3 dels actes previstos amb motiu del Dia de l\u2019Orgull i altres esdeveniments LGTBIQ+.<\/p>\n\n\n\n<p class=\"wp-block-paragraph\">Esta vesprada, a partir de les 20.30 hores, est\u00e0 prevista, a la pla\u00e7a de l\u2019Ajuntament de Val\u00e8ncia, la lectura d\u2019un preg\u00f3 a c\u00e0rrec de la cantant Rosa L\u00f3pez. Posteriorment, hi haur\u00e0 actuacions musicals, DJ i focs artificials.<\/p>\n","protected":false},"excerpt":{"rendered":"<div class=\"mh-excerpt\">A trav\u00e9s d\u2019un codi QR es podr\u00e0 con\u00e9ixer l\u2019hora i el lloc dels actes organitzats per entitats locals i del sector durant tot l\u2019any La Vicepresid\u00e8ncia Segona i Conselleria de Serveis Socials, Igualtat i Habitatge <a class=\"mh-excerpt-more\" href=\"https:\/\/tucomarca.whitekongsoftware.com\/ca\/igualtat-llanca-una-campanya-per-a-acostar-a-la-ciutadania-la-programacio-desdeveniments-lgtbiq-organitzats-amb-motiu-del-dia-de-lorgulli\/\" title=\"Igualtat llan\u00e7a una campanya per a acostar a la ciutadania la programaci\u00f3 d\u2019esdeveniments LGTBIQ+ organitzats amb motiu del Dia de l\u2019OrgullI\">[+] <\/a><\/div>\n","protected":false},"author":12,"featured_media":227408,"comment_status":"open","ping_status":"open","sticky":false,"template":"","format":"standard","meta":{"footnotes":""},"categories":[11019,10952,10892,10898,10948,10894,10904,11007,10947,10896],"tags":[19545,15135,11498,20887,20888,13969],"class_list":["post-227410","post","type-post","status-publish","format-standard","has-post-thumbnail","category-agenda-ca","category-benaguasil-ca","category-camp-de-turia-ca","category-ventana-ca","category-infraestructuras-ca","category-la-comarca-ca","category-sin-categorizar-ca","category-ocio-y-cultura-ca","category-politica","category-seccion-ca","tag-conselleria-de-servicios-sociales-ca","tag-diversidad-ca","tag-generalitat-valenciana-ca","tag-igualdad-y-vivienda-ca","tag-orgull-de-comunitat-ca","tag-stephane-soriano-ca"],"_links":{"self":[{"href":"https:\/\/tucomarca.whitekongsoftware.com\/ca\/wp-json\/wp\/v2\/posts\/227410","targetHints":{"allow":["GET"]}}],"collection":[{"href":"https:\/\/tucomarca.whitekongsoftware.com\/ca\/wp-json\/wp\/v2\/posts"}],"about":[{"href":"https:\/\/tucomarca.whitekongsoftware.com\/ca\/wp-json\/wp\/v2\/types\/post"}],"author":[{"embeddable":true,"href":"https:\/\/tucomarca.whitekongsoftware.com\/ca\/wp-json\/wp\/v2\/users\/12"}],"replies":[{"embeddable":true,"href":"https:\/\/tucomarca.whitekongsoftware.com\/ca\/wp-json\/wp\/v2\/comments?post=227410"}],"version-history":[{"count":0,"href":"https:\/\/tucomarca.whitekongsoftware.com\/ca\/wp-json\/wp\/v2\/posts\/227410\/revisions"}],"wp:featuredmedia":[{"embeddable":true,"href":"https:\/\/tucomarca.whitekongsoftware.com\/ca\/wp-json\/wp\/v2\/media\/227408"}],"wp:attachment":[{"href":"https:\/\/tucomarca.whitekongsoftware.com\/ca\/wp-json\/wp\/v2\/media?parent=227410"}],"wp:term":[{"taxonomy":"category","embeddable":true,"href":"https:\/\/tucomarca.whitekongsoftware.com\/ca\/wp-json\/wp\/v2\/categories?post=227410"},{"taxonomy":"post_tag","embeddable":true,"href":"https:\/\/tucomarca.whitekongsoftware.com\/ca\/wp-json\/wp\/v2\/tags?post=227410"}],"curies":[{"name":"wp","href":"https:\/\/api.w.org\/{rel}","templated":true}]}}