{"id":227392,"date":"2024-06-24T11:00:00","date_gmt":"2024-06-24T09:00:00","guid":{"rendered":"https:\/\/www.tucomarca.com\/wordpress\/segunda\/?p=227392"},"modified":"2024-06-24T14:00:49","modified_gmt":"2024-06-24T12:00:49","slug":"fotogaleria-yeray-ruiz-proclamat-rei-de-la-fira-i-festes-de-bunyol-2024-en-la-nit-de-sant-joan","status":"publish","type":"post","link":"https:\/\/tucomarca.whitekongsoftware.com\/ca\/fotogaleria-yeray-ruiz-proclamat-rei-de-la-fira-i-festes-de-bunyol-2024-en-la-nit-de-sant-joan\/","title":{"rendered":"Fotogaler\u00eda: Yeray Ruiz, proclamat Rei de la Fira i Festes de Bunyol 2024 en la Nit de Sant Joan"},"content":{"rendered":"\n<h3 class=\"wp-block-heading\">En un esdeveniment hist\u00f2ric per a la localitat, Yeray Ruiz Celda ha sigut proclamat com el primer home a ser Rei de la Fira i Festes de Bunyol 2024. La proclamaci\u00f3 va tindre lloc durant la tradicional Nit de Sant Joan al parc de Borrunes.<\/h3>\n\n\n\n<p class=\"wp-block-paragraph\">Enguany, Bunyol ha afegit un nou cap\u00edtol a la seua hist\u00f2ria en proclamar al seu primer Rei de la Fira i Festes. Yeray Ruiz Celda ha sigut el triat per a representar a la localitat, marcant un precedent significatiu en la tradici\u00f3 festiva de Bunyol.<\/p>\n\n\n\n<figure class=\"wp-block-image size-full is-resized\"><img loading=\"lazy\" decoding=\"async\" width=\"945\" height=\"630\" src=\"http:\/\/www.tucomarca.com\/wordpress\/segunda\/wp-content\/uploads\/2024\/06\/BunolSanJuan24_14-1.jpg\" alt=\"\" class=\"wp-image-227361\" style=\"width:824px;height:auto\" srcset=\"https:\/\/tucomarca.whitekongsoftware.com\/wp-content\/uploads\/2024\/06\/BunolSanJuan24_14-1.jpg 945w, https:\/\/tucomarca.whitekongsoftware.com\/wp-content\/uploads\/2024\/06\/BunolSanJuan24_14-1-300x200.jpg 300w, https:\/\/tucomarca.whitekongsoftware.com\/wp-content\/uploads\/2024\/06\/BunolSanJuan24_14-1-768x512.jpg 768w\" sizes=\"auto, (max-width: 945px) 100vw, 945px\" \/><\/figure>\n\n\n\n<p class=\"wp-block-paragraph\">L&#8217;acte va ser presentat per la periodista Pilar Criado i va comptar amb la intervenci\u00f3 de l&#8217;alcaldessa, Virginia Sanz, i del regidor de Festes, Sergio Galarza, els qui van agrair a la reina sortint, Celeste Agustina, per la seua dedicaci\u00f3 i van donar la benvinguda a la cort d&#8217;honor i a al nou Rei, Yeray.<\/p>\n\n\n\n<p class=\"wp-block-paragraph\">Despr\u00e9s de la proclamaci\u00f3, el regidor de Comer\u00e7, Mario Al\u00eds, va dur a terme el sorteig de diversos productes donats pels comer\u00e7os locals. Aquesta tradicional rifa \u00e9s una part de la celebraci\u00f3.<\/p>\n\n\n\n<p class=\"wp-block-paragraph\">L&#8217;elecci\u00f3 de Yeray Ruiz com a Rei de la Fira i Festes \u00e9s una fita que reflecteix l&#8217;esperit inclusiu i progressista de Bunyol, i el seu regnat promet ser una celebraci\u00f3 de la diversitat i la tradici\u00f3 de la localitat.<\/p>\n\n\n\n<figure class=\"wp-block-gallery has-nested-images columns-2 is-cropped wp-block-gallery-1 is-layout-flex wp-block-gallery-is-layout-flex\">\n<figure class=\"wp-block-image size-large\"><img loading=\"lazy\" decoding=\"async\" width=\"945\" height=\"630\" data-id=\"227375\" src=\"https:\/\/www.tucomarca.com\/wordpress\/segunda\/wp-content\/uploads\/2024\/06\/BunolSanJuan24_0-1.jpg\" alt=\"\" class=\"wp-image-227375\" srcset=\"https:\/\/tucomarca.whitekongsoftware.com\/wp-content\/uploads\/2024\/06\/BunolSanJuan24_0-1.jpg 945w, https:\/\/tucomarca.whitekongsoftware.com\/wp-content\/uploads\/2024\/06\/BunolSanJuan24_0-1-300x200.jpg 300w, https:\/\/tucomarca.whitekongsoftware.com\/wp-content\/uploads\/2024\/06\/BunolSanJuan24_0-1-768x512.jpg 768w\" sizes=\"auto, (max-width: 945px) 100vw, 945px\" \/><\/figure>\n\n\n\n<figure class=\"wp-block-image size-large\"><img loading=\"lazy\" decoding=\"async\" width=\"945\" height=\"630\" data-id=\"227367\" src=\"https:\/\/www.tucomarca.com\/wordpress\/segunda\/wp-content\/uploads\/2024\/06\/BunolSanJuan24_1-1.jpg\" alt=\"\" class=\"wp-image-227367\" srcset=\"https:\/\/tucomarca.whitekongsoftware.com\/wp-content\/uploads\/2024\/06\/BunolSanJuan24_1-1.jpg 945w, https:\/\/tucomarca.whitekongsoftware.com\/wp-content\/uploads\/2024\/06\/BunolSanJuan24_1-1-300x200.jpg 300w, https:\/\/tucomarca.whitekongsoftware.com\/wp-content\/uploads\/2024\/06\/BunolSanJuan24_1-1-768x512.jpg 768w\" sizes=\"auto, (max-width: 945px) 100vw, 945px\" \/><\/figure>\n\n\n\n<figure class=\"wp-block-image size-large\"><img loading=\"lazy\" decoding=\"async\" width=\"945\" height=\"630\" data-id=\"227376\" src=\"https:\/\/www.tucomarca.com\/wordpress\/segunda\/wp-content\/uploads\/2024\/06\/BunolSanJuan24_2-1.jpg\" alt=\"\" class=\"wp-image-227376\" srcset=\"https:\/\/tucomarca.whitekongsoftware.com\/wp-content\/uploads\/2024\/06\/BunolSanJuan24_2-1.jpg 945w, https:\/\/tucomarca.whitekongsoftware.com\/wp-content\/uploads\/2024\/06\/BunolSanJuan24_2-1-300x200.jpg 300w, https:\/\/tucomarca.whitekongsoftware.com\/wp-content\/uploads\/2024\/06\/BunolSanJuan24_2-1-768x512.jpg 768w\" sizes=\"auto, (max-width: 945px) 100vw, 945px\" \/><\/figure>\n\n\n\n<figure class=\"wp-block-image size-large\"><img loading=\"lazy\" decoding=\"async\" width=\"945\" height=\"630\" data-id=\"227381\" src=\"https:\/\/www.tucomarca.com\/wordpress\/segunda\/wp-content\/uploads\/2024\/06\/BunolSanJuan24_3-1.jpg\" alt=\"\" class=\"wp-image-227381\" srcset=\"https:\/\/tucomarca.whitekongsoftware.com\/wp-content\/uploads\/2024\/06\/BunolSanJuan24_3-1.jpg 945w, https:\/\/tucomarca.whitekongsoftware.com\/wp-content\/uploads\/2024\/06\/BunolSanJuan24_3-1-300x200.jpg 300w, https:\/\/tucomarca.whitekongsoftware.com\/wp-content\/uploads\/2024\/06\/BunolSanJuan24_3-1-768x512.jpg 768w\" sizes=\"auto, (max-width: 945px) 100vw, 945px\" \/><\/figure>\n\n\n\n<figure class=\"wp-block-image size-large\"><img loading=\"lazy\" decoding=\"async\" width=\"945\" height=\"630\" data-id=\"227373\" src=\"https:\/\/www.tucomarca.com\/wordpress\/segunda\/wp-content\/uploads\/2024\/06\/BunolSanJuan24_0P-1.jpg\" alt=\"\" class=\"wp-image-227373\" srcset=\"https:\/\/tucomarca.whitekongsoftware.com\/wp-content\/uploads\/2024\/06\/BunolSanJuan24_0P-1.jpg 945w, https:\/\/tucomarca.whitekongsoftware.com\/wp-content\/uploads\/2024\/06\/BunolSanJuan24_0P-1-300x200.jpg 300w, https:\/\/tucomarca.whitekongsoftware.com\/wp-content\/uploads\/2024\/06\/BunolSanJuan24_0P-1-768x512.jpg 768w\" sizes=\"auto, (max-width: 945px) 100vw, 945px\" \/><\/figure>\n\n\n\n<figure class=\"wp-block-image size-large\"><img loading=\"lazy\" decoding=\"async\" width=\"945\" height=\"630\" data-id=\"227371\" src=\"https:\/\/www.tucomarca.com\/wordpress\/segunda\/wp-content\/uploads\/2024\/06\/BunolSanJuan24_5-1.jpg\" alt=\"\" class=\"wp-image-227371\" srcset=\"https:\/\/tucomarca.whitekongsoftware.com\/wp-content\/uploads\/2024\/06\/BunolSanJuan24_5-1.jpg 945w, https:\/\/tucomarca.whitekongsoftware.com\/wp-content\/uploads\/2024\/06\/BunolSanJuan24_5-1-300x200.jpg 300w, https:\/\/tucomarca.whitekongsoftware.com\/wp-content\/uploads\/2024\/06\/BunolSanJuan24_5-1-768x512.jpg 768w\" sizes=\"auto, (max-width: 945px) 100vw, 945px\" \/><\/figure>\n\n\n\n<figure class=\"wp-block-image size-large\"><img loading=\"lazy\" decoding=\"async\" width=\"945\" height=\"630\" data-id=\"227379\" src=\"https:\/\/www.tucomarca.com\/wordpress\/segunda\/wp-content\/uploads\/2024\/06\/BunolSanJuan24_6-1.jpg\" alt=\"\" class=\"wp-image-227379\" srcset=\"https:\/\/tucomarca.whitekongsoftware.com\/wp-content\/uploads\/2024\/06\/BunolSanJuan24_6-1.jpg 945w, https:\/\/tucomarca.whitekongsoftware.com\/wp-content\/uploads\/2024\/06\/BunolSanJuan24_6-1-300x200.jpg 300w, https:\/\/tucomarca.whitekongsoftware.com\/wp-content\/uploads\/2024\/06\/BunolSanJuan24_6-1-768x512.jpg 768w\" sizes=\"auto, (max-width: 945px) 100vw, 945px\" \/><\/figure>\n\n\n\n<figure class=\"wp-block-image size-large\"><img loading=\"lazy\" decoding=\"async\" width=\"945\" height=\"630\" data-id=\"227362\" src=\"https:\/\/www.tucomarca.com\/wordpress\/segunda\/wp-content\/uploads\/2024\/06\/BunolSanJuan24_7-1.jpg\" alt=\"\" class=\"wp-image-227362\" srcset=\"https:\/\/tucomarca.whitekongsoftware.com\/wp-content\/uploads\/2024\/06\/BunolSanJuan24_7-1.jpg 945w, https:\/\/tucomarca.whitekongsoftware.com\/wp-content\/uploads\/2024\/06\/BunolSanJuan24_7-1-300x200.jpg 300w, https:\/\/tucomarca.whitekongsoftware.com\/wp-content\/uploads\/2024\/06\/BunolSanJuan24_7-1-768x512.jpg 768w\" sizes=\"auto, (max-width: 945px) 100vw, 945px\" \/><\/figure>\n\n\n\n<figure class=\"wp-block-image size-large\"><img loading=\"lazy\" decoding=\"async\" width=\"945\" height=\"630\" data-id=\"227389\" src=\"https:\/\/www.tucomarca.com\/wordpress\/segunda\/wp-content\/uploads\/2024\/06\/BunolSanJuan24_8-1.jpg\" alt=\"\" class=\"wp-image-227389\" srcset=\"https:\/\/tucomarca.whitekongsoftware.com\/wp-content\/uploads\/2024\/06\/BunolSanJuan24_8-1.jpg 945w, https:\/\/tucomarca.whitekongsoftware.com\/wp-content\/uploads\/2024\/06\/BunolSanJuan24_8-1-300x200.jpg 300w, https:\/\/tucomarca.whitekongsoftware.com\/wp-content\/uploads\/2024\/06\/BunolSanJuan24_8-1-768x512.jpg 768w\" sizes=\"auto, (max-width: 945px) 100vw, 945px\" \/><\/figure>\n\n\n\n<figure class=\"wp-block-image size-large\"><img loading=\"lazy\" decoding=\"async\" width=\"945\" height=\"630\" data-id=\"227387\" src=\"https:\/\/www.tucomarca.com\/wordpress\/segunda\/wp-content\/uploads\/2024\/06\/BunolSanJuan24_9-1.jpg\" alt=\"\" class=\"wp-image-227387\" srcset=\"https:\/\/tucomarca.whitekongsoftware.com\/wp-content\/uploads\/2024\/06\/BunolSanJuan24_9-1.jpg 945w, https:\/\/tucomarca.whitekongsoftware.com\/wp-content\/uploads\/2024\/06\/BunolSanJuan24_9-1-300x200.jpg 300w, https:\/\/tucomarca.whitekongsoftware.com\/wp-content\/uploads\/2024\/06\/BunolSanJuan24_9-1-768x512.jpg 768w\" sizes=\"auto, (max-width: 945px) 100vw, 945px\" \/><\/figure>\n\n\n\n<figure class=\"wp-block-image size-large\"><img loading=\"lazy\" decoding=\"async\" width=\"945\" height=\"630\" data-id=\"227383\" src=\"https:\/\/www.tucomarca.com\/wordpress\/segunda\/wp-content\/uploads\/2024\/06\/BunolSanJuan24_10-1.jpg\" alt=\"\" class=\"wp-image-227383\" srcset=\"https:\/\/tucomarca.whitekongsoftware.com\/wp-content\/uploads\/2024\/06\/BunolSanJuan24_10-1.jpg 945w, https:\/\/tucomarca.whitekongsoftware.com\/wp-content\/uploads\/2024\/06\/BunolSanJuan24_10-1-300x200.jpg 300w, https:\/\/tucomarca.whitekongsoftware.com\/wp-content\/uploads\/2024\/06\/BunolSanJuan24_10-1-768x512.jpg 768w\" sizes=\"auto, (max-width: 945px) 100vw, 945px\" \/><\/figure>\n\n\n\n<figure class=\"wp-block-image size-large\"><img loading=\"lazy\" decoding=\"async\" width=\"945\" height=\"709\" data-id=\"227359\" src=\"https:\/\/www.tucomarca.com\/wordpress\/segunda\/wp-content\/uploads\/2024\/06\/BunolSanJuan24_11-1.jpg\" alt=\"\" class=\"wp-image-227359\" srcset=\"https:\/\/tucomarca.whitekongsoftware.com\/wp-content\/uploads\/2024\/06\/BunolSanJuan24_11-1.jpg 945w, https:\/\/tucomarca.whitekongsoftware.com\/wp-content\/uploads\/2024\/06\/BunolSanJuan24_11-1-300x225.jpg 300w, https:\/\/tucomarca.whitekongsoftware.com\/wp-content\/uploads\/2024\/06\/BunolSanJuan24_11-1-768x576.jpg 768w, https:\/\/tucomarca.whitekongsoftware.com\/wp-content\/uploads\/2024\/06\/BunolSanJuan24_11-1-678x509.jpg 678w, https:\/\/tucomarca.whitekongsoftware.com\/wp-content\/uploads\/2024\/06\/BunolSanJuan24_11-1-326x245.jpg 326w, https:\/\/tucomarca.whitekongsoftware.com\/wp-content\/uploads\/2024\/06\/BunolSanJuan24_11-1-80x60.jpg 80w\" sizes=\"auto, (max-width: 945px) 100vw, 945px\" \/><\/figure>\n\n\n\n<figure class=\"wp-block-image size-large\"><img loading=\"lazy\" decoding=\"async\" width=\"945\" height=\"709\" data-id=\"227365\" src=\"https:\/\/www.tucomarca.com\/wordpress\/segunda\/wp-content\/uploads\/2024\/06\/BunolSanJuan24_12-1.jpg\" alt=\"\" class=\"wp-image-227365\" srcset=\"https:\/\/tucomarca.whitekongsoftware.com\/wp-content\/uploads\/2024\/06\/BunolSanJuan24_12-1.jpg 945w, https:\/\/tucomarca.whitekongsoftware.com\/wp-content\/uploads\/2024\/06\/BunolSanJuan24_12-1-300x225.jpg 300w, https:\/\/tucomarca.whitekongsoftware.com\/wp-content\/uploads\/2024\/06\/BunolSanJuan24_12-1-768x576.jpg 768w, https:\/\/tucomarca.whitekongsoftware.com\/wp-content\/uploads\/2024\/06\/BunolSanJuan24_12-1-678x509.jpg 678w, https:\/\/tucomarca.whitekongsoftware.com\/wp-content\/uploads\/2024\/06\/BunolSanJuan24_12-1-326x245.jpg 326w, https:\/\/tucomarca.whitekongsoftware.com\/wp-content\/uploads\/2024\/06\/BunolSanJuan24_12-1-80x60.jpg 80w\" sizes=\"auto, (max-width: 945px) 100vw, 945px\" \/><\/figure>\n\n\n\n<figure class=\"wp-block-image size-large\"><img loading=\"lazy\" decoding=\"async\" width=\"945\" height=\"709\" data-id=\"227369\" src=\"https:\/\/www.tucomarca.com\/wordpress\/segunda\/wp-content\/uploads\/2024\/06\/BunolSanJuan24_13-1.jpg\" alt=\"\" class=\"wp-image-227369\" srcset=\"https:\/\/tucomarca.whitekongsoftware.com\/wp-content\/uploads\/2024\/06\/BunolSanJuan24_13-1.jpg 945w, https:\/\/tucomarca.whitekongsoftware.com\/wp-content\/uploads\/2024\/06\/BunolSanJuan24_13-1-300x225.jpg 300w, https:\/\/tucomarca.whitekongsoftware.com\/wp-content\/uploads\/2024\/06\/BunolSanJuan24_13-1-768x576.jpg 768w, https:\/\/tucomarca.whitekongsoftware.com\/wp-content\/uploads\/2024\/06\/BunolSanJuan24_13-1-678x509.jpg 678w, https:\/\/tucomarca.whitekongsoftware.com\/wp-content\/uploads\/2024\/06\/BunolSanJuan24_13-1-326x245.jpg 326w, https:\/\/tucomarca.whitekongsoftware.com\/wp-content\/uploads\/2024\/06\/BunolSanJuan24_13-1-80x60.jpg 80w\" sizes=\"auto, (max-width: 945px) 100vw, 945px\" \/><\/figure>\n<\/figure>\n","protected":false},"excerpt":{"rendered":"<div class=\"mh-excerpt\">En un esdeveniment hist\u00f2ric per a la localitat, Yeray Ruiz Celda ha sigut proclamat com el primer home a ser Rei de la Fira i Festes de Bunyol 2024. La proclamaci\u00f3 va tindre lloc durant <a class=\"mh-excerpt-more\" href=\"https:\/\/tucomarca.whitekongsoftware.com\/ca\/fotogaleria-yeray-ruiz-proclamat-rei-de-la-fira-i-festes-de-bunyol-2024-en-la-nit-de-sant-joan\/\" title=\"Fotogaler\u00eda: Yeray Ruiz, proclamat Rei de la Fira i Festes de Bunyol 2024 en la Nit de Sant Joan\">[+] <\/a><\/div>\n","protected":false},"author":12,"featured_media":227395,"comment_status":"open","ping_status":"open","sticky":false,"template":"","format":"gallery","meta":{"footnotes":""},"categories":[10911,10898,10894,10912,11004,11007,11008,10896],"tags":[10913,10914,17441,20885],"class_list":["post-227392","post","type-post","status-publish","format-gallery","has-post-thumbnail","category-bunol-ca","category-ventana-ca","category-la-comarca-ca","category-la-hoya-ca","category-la-semana-en-imagenes-ca","category-ocio-y-cultura-ca","category-pueblos-en-fiestas-ca","category-seccion-ca","tag-bunol-ca","tag-la-hoya-de-bunol-chiva-ca","tag-noche-de-san-juan-ca","tag-rey-de-la-fiestas-ca","post_format-post-format-gallery"],"_links":{"self":[{"href":"https:\/\/tucomarca.whitekongsoftware.com\/ca\/wp-json\/wp\/v2\/posts\/227392","targetHints":{"allow":["GET"]}}],"collection":[{"href":"https:\/\/tucomarca.whitekongsoftware.com\/ca\/wp-json\/wp\/v2\/posts"}],"about":[{"href":"https:\/\/tucomarca.whitekongsoftware.com\/ca\/wp-json\/wp\/v2\/types\/post"}],"author":[{"embeddable":true,"href":"https:\/\/tucomarca.whitekongsoftware.com\/ca\/wp-json\/wp\/v2\/users\/12"}],"replies":[{"embeddable":true,"href":"https:\/\/tucomarca.whitekongsoftware.com\/ca\/wp-json\/wp\/v2\/comments?post=227392"}],"version-history":[{"count":0,"href":"https:\/\/tucomarca.whitekongsoftware.com\/ca\/wp-json\/wp\/v2\/posts\/227392\/revisions"}],"wp:featuredmedia":[{"embeddable":true,"href":"https:\/\/tucomarca.whitekongsoftware.com\/ca\/wp-json\/wp\/v2\/media\/227395"}],"wp:attachment":[{"href":"https:\/\/tucomarca.whitekongsoftware.com\/ca\/wp-json\/wp\/v2\/media?parent=227392"}],"wp:term":[{"taxonomy":"category","embeddable":true,"href":"https:\/\/tucomarca.whitekongsoftware.com\/ca\/wp-json\/wp\/v2\/categories?post=227392"},{"taxonomy":"post_tag","embeddable":true,"href":"https:\/\/tucomarca.whitekongsoftware.com\/ca\/wp-json\/wp\/v2\/tags?post=227392"}],"curies":[{"name":"wp","href":"https:\/\/api.w.org\/{rel}","templated":true}]}}