{"id":227311,"date":"2024-06-24T12:30:00","date_gmt":"2024-06-24T10:30:00","guid":{"rendered":"https:\/\/www.tucomarca.com\/wordpress\/segunda\/?p=227311"},"modified":"2024-06-24T13:10:02","modified_gmt":"2024-06-24T11:10:02","slug":"la-diputacio-de-valencia-celebra-el-seu-orgull-de-dipu-amb-un-programa-cultural-molt-divers","status":"publish","type":"post","link":"https:\/\/tucomarca.whitekongsoftware.com\/ca\/la-diputacio-de-valencia-celebra-el-seu-orgull-de-dipu-amb-un-programa-cultural-molt-divers\/","title":{"rendered":"La Diputaci\u00f3 de Val\u00e8ncia celebra el seu \u2018Orgull de Dipu\u2019 amb un programa cultural molt divers"},"content":{"rendered":"\n<h3 class=\"wp-block-heading\">Del 25 al 28 de juny, el MuVIM i el Teatre Principal acullen exposicions, cinema, debats i un musical per a reivindicar la igualtat i la diversitat sexual. El programa culminar\u00e0 amb la lectura d&#8217;un manifest a la pla\u00e7a Manises.<\/h3>\n\n\n\n<h3 class=\"wp-block-heading\">Nat\u00e0lia Enguix, vicepresidenta primera: \u201cCal consolidar els drets de les persones LGTBI dia rere dia perqu\u00e8 encara hi ha moltes veus que els q\u00fcestionen\u201d.<\/h3>\n\n\n\n<p class=\"wp-block-paragraph\">La Diputaci\u00f3 de Val\u00e8ncia ha preparat un programa d&#8217;activitats culturals per a celebrar la setmana de l&#8217;Orgull LGTBI. Del 25 al 28 de juny, amb el lema \u2018Orgull de Dipu\u2019, la corporaci\u00f3 provincial enarborar\u00e0 la bandera de l\u2019arc de Sant Mart\u00ed per a reivindicar la igualtat i la diversitat sexual. Ho far\u00e0 amb cinema, exposicions i debats en el MuVIM, i un musical en el Teatre Principal. Tota la programaci\u00f3 \u00e9s gratu\u00efta i es pot sol\u00b7licitar l&#8217;entrada en els respectius webs.<\/p>\n\n\n\n<p class=\"wp-block-paragraph\">La setmana reivindicativa conclour\u00e0 amb la lectura del manifest, aprovat pel ple de la Diputaci\u00f3, el dia 28 a les 12.00 hores en la pla\u00e7a de Manises. Ser\u00e0 a c\u00e0rrec de la vicepresidenta primera i responsable d&#8217;Igualtat, Nat\u00e0lia Enguix, acompanyada pels responsables provincials que vulguen participar. Enguix destaca que \u201ccal consolidar els drets de les persones LGTBI dia rere dia perqu\u00e8 encara hi ha moltes veus que els q\u00fcestionen\u201d. Per aix\u00f2, lamenta, \u201c\u00e9s un dret que no est\u00e0 assegurat del tot i que es pot acabar perdent si no ho protegim\u201d. \u201cNo seria la primera vegada que aix\u00f2 passa\u201d, ha advertit la vicepresidenta.<\/p>\n\n\n\n<p class=\"wp-block-paragraph\"><strong>\u2018Tots els colors de l\u2019Arc de Sant Mart\u00ed\u2019<\/strong><\/p>\n\n\n\n<p class=\"wp-block-paragraph\">La programaci\u00f3 especial del MuVIM, amb el lema \u2018Tots els colors de l\u2019Arc de Sant Mart\u00ed\u2019, inclou cinema, exposicions i debats. Este dimarts, 25 de juny, a les 19.00h, s&#8217;inaugurar\u00e0 l&#8217;exposici\u00f3 \u2018Tots els colors de l\u2019Arc de Sant Mart\u00ed\u2019, de l&#8217;artista argent\u00ed Mart\u00edn Paoletti, en l&#8217;aparador del museu. A les 19.30 hores es debatr\u00e0 sobre l&#8217;homosexualitat en la hist\u00f2ria de la literatura, en la taula redona \u2018Els llibres de l\u2019Arc de Sant Mart\u00ed\u2019. Esta primera jornada acabar\u00e0 amb la projecci\u00f3 de la pel\u00b7l\u00edcula \u2018Bros, m\u00e9s que amics\u2019 a les 20.00 hores.<\/p>\n\n\n\n<p class=\"wp-block-paragraph\">El dimecres, 26 de juny, a les 19.00 hores, es projectar\u00e0 la cinta \u2018Retrato de una mujer en llamas\u2019 i el dijous 27 de juny, a la mateixa hora, la pel\u00b7l\u00edcula \u2018Te estoy amando locamente\u2019. Finalment, el dijous a les 21.00 h s&#8217;inaugurar\u00e0 l&#8217;exposici\u00f3 \u2018Adri\u00e1n \u00c1lva\u2019. El dibuixant de Tenerife, ferm creient que les imatges han de parlar per si soles, representa la figura humana generalment contraposada amb altres formes de la naturalesa. Ha exposat pr\u00e8viament en ciutats com Par\u00eds, Copenhaguen, Sant Diego i Madrid, entre altres.<\/p>\n\n\n\n<p class=\"wp-block-paragraph\"><strong>\u2018Bruno, el musical que lo cambi\u00f3 todo\u2019<\/strong><\/p>\n\n\n\n<p class=\"wp-block-paragraph\">El Teatre Principal acull \u2018Bruno, el musical que lo cambi\u00f3 todo\u2019 el dimecres 26 de juny a les 19.00 hores. L&#8217;obra de la companyia valenciana Sala Off ha estat nominada a millor Espectacle musical en la 27a edici\u00f3 dels premis Max.<\/p>\n\n\n\n<p class=\"wp-block-paragraph\">El protagonista del musical \u00e9s Bruno, un alumne exemplar, que viu en la llar perfecta, on els seus pares s\u00f3n un clar exemple de respecte i amor; estudia en el millor institut de la ciutat, que celebra en gran els seus 100 anys. Mai s&#8217;ha ficat en embolics, \u00e9s l&#8217;orgull dels seus pares i professors; per\u00f2 Bruno viu una altra realitat. S&#8217;amaga, fuig i es tanca en el seu m\u00f3n: el bany de l&#8217;institut. Eixe \u00e9s l&#8217;\u00fanic lloc on se sent segur i protegit d&#8217;un grup de persones que fan dels seus dies una cosa horrible.<\/p>\n","protected":false},"excerpt":{"rendered":"<div class=\"mh-excerpt\">Del 25 al 28 de juny, el MuVIM i el Teatre Principal acullen exposicions, cinema, debats i un musical per a reivindicar la igualtat i la diversitat sexual. El programa culminar\u00e0 amb la lectura d&#8217;un <a class=\"mh-excerpt-more\" href=\"https:\/\/tucomarca.whitekongsoftware.com\/ca\/la-diputacio-de-valencia-celebra-el-seu-orgull-de-dipu-amb-un-programa-cultural-molt-divers\/\" title=\"La Diputaci\u00f3 de Val\u00e8ncia celebra el seu \u2018Orgull de Dipu\u2019 amb un programa cultural molt divers\">[+] <\/a><\/div>\n","protected":false},"author":12,"featured_media":227310,"comment_status":"open","ping_status":"open","sticky":false,"template":"","format":"standard","meta":{"footnotes":""},"categories":[20541,10898,10948,10894,10904,20456,11007,10947,10896],"tags":[11246,20882,20404,20883],"class_list":["post-227311","post","type-post","status-publish","format-standard","has-post-thumbnail","category-igualtat-i-diversitat","category-ventana-ca","category-infraestructuras-ca","category-la-comarca-ca","category-sin-categorizar-ca","category-la-diputacio-de-valencia-informa-ca","category-ocio-y-cultura-ca","category-politica","category-seccion-ca","tag-diputacio-de-valencia-ca","tag-diversitat-ca","tag-natalia-enguix-2-ca","tag-orgull-de-dipu-ca"],"_links":{"self":[{"href":"https:\/\/tucomarca.whitekongsoftware.com\/ca\/wp-json\/wp\/v2\/posts\/227311","targetHints":{"allow":["GET"]}}],"collection":[{"href":"https:\/\/tucomarca.whitekongsoftware.com\/ca\/wp-json\/wp\/v2\/posts"}],"about":[{"href":"https:\/\/tucomarca.whitekongsoftware.com\/ca\/wp-json\/wp\/v2\/types\/post"}],"author":[{"embeddable":true,"href":"https:\/\/tucomarca.whitekongsoftware.com\/ca\/wp-json\/wp\/v2\/users\/12"}],"replies":[{"embeddable":true,"href":"https:\/\/tucomarca.whitekongsoftware.com\/ca\/wp-json\/wp\/v2\/comments?post=227311"}],"version-history":[{"count":0,"href":"https:\/\/tucomarca.whitekongsoftware.com\/ca\/wp-json\/wp\/v2\/posts\/227311\/revisions"}],"wp:featuredmedia":[{"embeddable":true,"href":"https:\/\/tucomarca.whitekongsoftware.com\/ca\/wp-json\/wp\/v2\/media\/227310"}],"wp:attachment":[{"href":"https:\/\/tucomarca.whitekongsoftware.com\/ca\/wp-json\/wp\/v2\/media?parent=227311"}],"wp:term":[{"taxonomy":"category","embeddable":true,"href":"https:\/\/tucomarca.whitekongsoftware.com\/ca\/wp-json\/wp\/v2\/categories?post=227311"},{"taxonomy":"post_tag","embeddable":true,"href":"https:\/\/tucomarca.whitekongsoftware.com\/ca\/wp-json\/wp\/v2\/tags?post=227311"}],"curies":[{"name":"wp","href":"https:\/\/api.w.org\/{rel}","templated":true}]}}