{"id":227299,"date":"2024-06-22T12:00:00","date_gmt":"2024-06-22T10:00:00","guid":{"rendered":"https:\/\/www.tucomarca.com\/wordpress\/segunda\/?p=227299"},"modified":"2024-06-23T19:35:25","modified_gmt":"2024-06-23T17:35:25","slug":"mompo-destaca-el-bon-moment-del-pp-de-la-provincia-de-valencia","status":"publish","type":"post","link":"https:\/\/tucomarca.whitekongsoftware.com\/ca\/mompo-destaca-el-bon-moment-del-pp-de-la-provincia-de-valencia\/","title":{"rendered":"Momp\u00f3 destaca &#8220;el bon moment&#8221; del PP de la prov\u00edncia de Val\u00e8ncia"},"content":{"rendered":"\n<h3 class=\"wp-block-heading\">El president provincial reuneix m\u00e9s de 400 militants i simpatitzants en el tradicional &#8216;sopar d&#8217;estiu&#8217;<\/h3>\n\n\n\n<h3 class=\"wp-block-heading\">Momp\u00f3 recorda que el PP t\u00e9 98 alcaldies a la prov\u00edncia de Val\u00e8ncia i augura &#8220;moltes m\u00e9s&#8221; en 2027. A m\u00e9s, agraeix el treball que ha perm\u00e9s &#8220;que siguem la for\u00e7a m\u00e9s votada en m\u00e9s de la meitat dels municipis de la prov\u00edncia en les Eleccions Europees&#8221;.<\/h3>\n\n\n\n<h3 class=\"wp-block-heading\">La c\u00fapula del PP provincial ha reunit aquesta vesprada a Catarroja al comit\u00e9 i a la junta directiva provincial. &#8220;\u00c9s l&#8217;hora del municipalisme&#8221;, afirma el popular.<\/h3>\n\n\n\n<p class=\"wp-block-paragraph\">El president provincial del PP i president de la Diputaci\u00f3 de Val\u00e8ncia, Vicent Momp\u00f3, ha ressaltat en el tradicional &#8216;sopar d&#8217;estiu&#8217; del PP de la prov\u00edncia de Val\u00e8ncia el &#8220;bon moment&#8221; pel qual passa el partit a la prov\u00edncia. &#8220;Estem treballant molt, som un equip, i constatem, a cada pas, que \u00e9s un gran moment per al municipalisme&#8221;, ha afirmat davant les m\u00e9s de 400 persones que han assistit a aquesta trobada a Catarroja.<\/p>\n\n\n\n<p class=\"wp-block-paragraph\">Momp\u00f3 ha manifestat sentir-se &#8220;molt orgull\u00f3s&#8221; del gran equip del Partit Popular que &#8220;cada dia i, des de tots els racons de cada comarca de la prov\u00edncia de Val\u00e8ncia, s&#8217;esfor\u00e7a per millorar la vida de les seues ve\u00efnes i ve\u00efns&#8221;.<\/p>\n\n\n\n<p class=\"wp-block-paragraph\">El president popular, qui ha recorregut la prov\u00edncia de Val\u00e8ncia des del gener passat, mesos en qu\u00e8 ha realitzat 15 reunions comarcals per a coordinar equips i aprofundir en la l\u00ednia de treball duta a terme des de les eleccions municipals de 2023, ha afirmat que, en cadascuna de les reunions, &#8220;he pogut confirmar la fortalesa i vertebraci\u00f3 provincial del partit&#8221;. &#8220;Aconseguim bons resultats en 2023, per\u00f2 hem de superar-los amb escreix en 2027&#8221;, ha asseverat.<\/p>\n\n\n\n<figure class=\"wp-block-gallery has-nested-images columns-default is-cropped wp-block-gallery-1 is-layout-flex wp-block-gallery-is-layout-flex\">\n<figure class=\"wp-block-image size-large\"><img loading=\"lazy\" decoding=\"async\" width=\"886\" height=\"590\" data-id=\"227292\" src=\"https:\/\/www.tucomarca.com\/wordpress\/segunda\/wp-content\/uploads\/2024\/06\/CatarrojaPP.jpg\" alt=\"\" class=\"wp-image-227292\" srcset=\"https:\/\/tucomarca.whitekongsoftware.com\/wp-content\/uploads\/2024\/06\/CatarrojaPP.jpg 886w, https:\/\/tucomarca.whitekongsoftware.com\/wp-content\/uploads\/2024\/06\/CatarrojaPP-300x200.jpg 300w, https:\/\/tucomarca.whitekongsoftware.com\/wp-content\/uploads\/2024\/06\/CatarrojaPP-768x511.jpg 768w\" sizes=\"auto, (max-width: 886px) 100vw, 886px\" \/><\/figure>\n\n\n\n<figure class=\"wp-block-image size-large\"><img loading=\"lazy\" decoding=\"async\" width=\"886\" height=\"590\" data-id=\"227296\" src=\"https:\/\/www.tucomarca.com\/wordpress\/segunda\/wp-content\/uploads\/2024\/06\/CatarrojaPP3.jpg\" alt=\"\" class=\"wp-image-227296\" srcset=\"https:\/\/tucomarca.whitekongsoftware.com\/wp-content\/uploads\/2024\/06\/CatarrojaPP3.jpg 886w, https:\/\/tucomarca.whitekongsoftware.com\/wp-content\/uploads\/2024\/06\/CatarrojaPP3-300x200.jpg 300w, https:\/\/tucomarca.whitekongsoftware.com\/wp-content\/uploads\/2024\/06\/CatarrojaPP3-768x511.jpg 768w\" sizes=\"auto, (max-width: 886px) 100vw, 886px\" \/><\/figure>\n<\/figure>\n\n\n\n<p class=\"wp-block-paragraph\">D&#8217;altra banda, Momp\u00f3 ha posat en valor &#8220;gran faena que estem realitzat al capdavant de 98 alcaldies de la prov\u00edncia de Val\u00e8ncia&#8221; i recorda que en les Eleccions Europees &#8220;el PP es va imposar en m\u00e9s de la meitat dels municipis de la prov\u00edncia, en concret en 137 dels 266, entre ells en ciutats com Paterna o Gandia&#8221;. Tamb\u00e9 ha destacat que en 135 municipis el PP va obtindre el 35% dels vots.<\/p>\n\n\n\n<p class=\"wp-block-paragraph\">&#8220;Anem per molt bon cam\u00ed&#8221;, ha dit el president popular, qui ha subratllat tamb\u00e9 el gran valor que &#8220;les nostres regidores i regidors aporten des de l&#8217;oposici\u00f3 i de tots aquells que des de l&#8217;estructura del partit fan possible que els ciutadans del carrer se senten cures i representats pel Partit Popular&#8221;.<\/p>\n\n\n\n<p class=\"wp-block-paragraph\">Per a concloure, Momp\u00f3 ha donat les gr\u00e0cies a la direcci\u00f3 del PPVAL, a la secret\u00e0ria general, Reme Mazzolari, a l&#8217;adjunt a presid\u00e8ncia, Vicent Huet, al coordinador general, Carlos Gil i al vicesecretari d&#8217;organitzaci\u00f3, Avelino Mascarell.<\/p>\n","protected":false},"excerpt":{"rendered":"<div class=\"mh-excerpt\">El president provincial reuneix m\u00e9s de 400 militants i simpatitzants en el tradicional &#8216;sopar d&#8217;estiu&#8217; Momp\u00f3 recorda que el PP t\u00e9 98 alcaldies a la prov\u00edncia de Val\u00e8ncia i augura &#8220;moltes m\u00e9s&#8221; en 2027. A <a class=\"mh-excerpt-more\" href=\"https:\/\/tucomarca.whitekongsoftware.com\/ca\/mompo-destaca-el-bon-moment-del-pp-de-la-provincia-de-valencia\/\" title=\"Momp\u00f3 destaca &#8220;el bon moment&#8221; del PP de la prov\u00edncia de Val\u00e8ncia\">[+] <\/a><\/div>\n","protected":false},"author":12,"featured_media":227295,"comment_status":"open","ping_status":"open","sticky":false,"template":"","format":"standard","meta":{"footnotes":""},"categories":[10898,10948,10894,10904,10947,10896],"tags":[20878,12336,20879,18825],"class_list":["post-227299","post","type-post","status-publish","format-standard","has-post-thumbnail","category-ventana-ca","category-infraestructuras-ca","category-la-comarca-ca","category-sin-categorizar-ca","category-politica","category-seccion-ca","tag-comite-provincial-pp-ca","tag-ppcv-ca","tag-ppval-ca","tag-vicent-mompo-ca"],"_links":{"self":[{"href":"https:\/\/tucomarca.whitekongsoftware.com\/ca\/wp-json\/wp\/v2\/posts\/227299","targetHints":{"allow":["GET"]}}],"collection":[{"href":"https:\/\/tucomarca.whitekongsoftware.com\/ca\/wp-json\/wp\/v2\/posts"}],"about":[{"href":"https:\/\/tucomarca.whitekongsoftware.com\/ca\/wp-json\/wp\/v2\/types\/post"}],"author":[{"embeddable":true,"href":"https:\/\/tucomarca.whitekongsoftware.com\/ca\/wp-json\/wp\/v2\/users\/12"}],"replies":[{"embeddable":true,"href":"https:\/\/tucomarca.whitekongsoftware.com\/ca\/wp-json\/wp\/v2\/comments?post=227299"}],"version-history":[{"count":0,"href":"https:\/\/tucomarca.whitekongsoftware.com\/ca\/wp-json\/wp\/v2\/posts\/227299\/revisions"}],"wp:featuredmedia":[{"embeddable":true,"href":"https:\/\/tucomarca.whitekongsoftware.com\/ca\/wp-json\/wp\/v2\/media\/227295"}],"wp:attachment":[{"href":"https:\/\/tucomarca.whitekongsoftware.com\/ca\/wp-json\/wp\/v2\/media?parent=227299"}],"wp:term":[{"taxonomy":"category","embeddable":true,"href":"https:\/\/tucomarca.whitekongsoftware.com\/ca\/wp-json\/wp\/v2\/categories?post=227299"},{"taxonomy":"post_tag","embeddable":true,"href":"https:\/\/tucomarca.whitekongsoftware.com\/ca\/wp-json\/wp\/v2\/tags?post=227299"}],"curies":[{"name":"wp","href":"https:\/\/api.w.org\/{rel}","templated":true}]}}