{"id":227173,"date":"2024-06-21T09:00:00","date_gmt":"2024-06-21T07:00:00","guid":{"rendered":"https:\/\/www.tucomarca.com\/wordpress\/segunda\/?p=227173"},"modified":"2024-06-21T14:46:45","modified_gmt":"2024-06-21T12:46:45","slug":"el-consorci-provincial-de-bombers-rep-la-medalla-al-merit-de-la-proteccio-civil-pel-seu-treball-en-lincendi-de-campanar","status":"publish","type":"post","link":"https:\/\/tucomarca.whitekongsoftware.com\/ca\/el-consorci-provincial-de-bombers-rep-la-medalla-al-merit-de-la-proteccio-civil-pel-seu-treball-en-lincendi-de-campanar\/","title":{"rendered":"El Consorci Provincial de Bombers rep la Medalla al M\u00e8rit de la Protecci\u00f3 Civil pel seu treball en l&#8217;incendi de Campanar"},"content":{"rendered":"\n<h3 class=\"wp-block-heading\">El president de la Diputaci\u00f3 de Val\u00e8ncia, Vicent Momp\u00f3, acompanyat per l&#8217;Inspector Cap del Consorci, Jos\u00e9 Miguel Basset, recull la distinci\u00f3 de mans del ministre de l&#8217;Interior, Fernando Grande-Marlaska.<\/h3>\n\n\n\n<p class=\"wp-block-paragraph\">Momp\u00f3 destaca que \u201c\u00e9s un reconeixement molt merescut, que posa en valor la labor decidida i valenta dels nostres bombers\u201d i recorda \u201csentidament a les v\u00edctimes de la cat\u00e0strofe\u201d<br>\u2028\u2028Dijous 20 de juny de 2024.- El Consorci Provincial de Bombers ha rebut la Medalla al M\u00e8rit de la Protecci\u00f3 Civil amb distintiu roig pel seu treball en les labors d&#8217;extinci\u00f3 i rescat en l&#8217;incendi de Campanar del passat 22 de gener, en col\u00b7laboraci\u00f3 amb el Cos Municipal de Bombers de la Ciutat de Val\u00e8ncia. Amb esta distinci\u00f3 el Govern reconeix \u201cel seu heroisme en arriscar les seues vides per a protegir i rescatar als ve\u00efns de l&#8217;edifique sinistrat\u201d.<\/p>\n\n\n\n<p class=\"wp-block-paragraph\">El president de la Diputaci\u00f3 de Val\u00e8ncia, Vicent Momp\u00f3, acompanyat per l&#8217;Inspector Cap del Consorci, Jos\u00e9 Miguel Basset, ha recollit la distinci\u00f3 de mans del ministre de l&#8217;Interior, Fernando Grande-Marlaska. Momp\u00f3 ha agra\u00eft \u201cla dedicaci\u00f3 i l&#8217;esfor\u00e7\u201d dels bombers provincials. \u201c\u00c9s un reconeixement molt merescut, que destaca la seua valentia, posant la vida dels altres per damunt de la seua pr\u00f2pia\u201d, ha recalcat.<\/p>\n\n\n\n<figure class=\"wp-block-image size-large\"><img loading=\"lazy\" decoding=\"async\" width=\"1024\" height=\"682\" src=\"https:\/\/www.tucomarca.com\/wordpress\/segunda\/wp-content\/uploads\/2024\/06\/BomberosMedalla2-1024x682.jpg\" alt=\"\" class=\"wp-image-227170\" srcset=\"https:\/\/tucomarca.whitekongsoftware.com\/wp-content\/uploads\/2024\/06\/BomberosMedalla2-1024x682.jpg 1024w, https:\/\/tucomarca.whitekongsoftware.com\/wp-content\/uploads\/2024\/06\/BomberosMedalla2-300x200.jpg 300w, https:\/\/tucomarca.whitekongsoftware.com\/wp-content\/uploads\/2024\/06\/BomberosMedalla2-768x512.jpg 768w, https:\/\/tucomarca.whitekongsoftware.com\/wp-content\/uploads\/2024\/06\/BomberosMedalla2.jpg 1181w\" sizes=\"auto, (max-width: 1024px) 100vw, 1024px\" \/><\/figure>\n\n\n\n<p class=\"wp-block-paragraph\">De la mateixa manera, el president de la corporaci\u00f3 provincial ha recordat a les 10 v\u00edctimes mortals de la cat\u00e0strofe. \u201cEncara que sempre estan presents, hui el record \u00e9s, si cap, m\u00e9s sentit\u201d, ha assenyalat, al mateix temps que ha assegurat que \u201ctamb\u00e9 continuem estant al costat de les fam\u00edlies que van perdre les seues cases\u201d.<\/p>\n\n\n\n<p class=\"wp-block-paragraph\">En la mateixa l\u00ednia s&#8217;ha pronunciat el diputat responsable de Bombers, Avelino Mascarell, tamb\u00e9 present en l&#8217;acte, qui ha explicat que \u201cdes de la Diputaci\u00f3 es treballa cada dia per a per a donar un servici efica\u00e7\u201d. \u201cEstem orgullosos dels nostres efectius i del seu treball\u201d, ha asseverat.<\/p>\n\n\n\n<p class=\"wp-block-paragraph\">A m\u00e9s dels Bombers d&#8217;Ajuntament i Diputaci\u00f3, el Ministeri de l&#8217;Interior ha reconegut tamb\u00e9 a diferents cossos de seguretat, entitats i agrupacions que van col\u00b7laborar en els treballs derivats del sinistre.<\/p>\n","protected":false},"excerpt":{"rendered":"<div class=\"mh-excerpt\">El president de la Diputaci\u00f3 de Val\u00e8ncia, Vicent Momp\u00f3, acompanyat per l&#8217;Inspector Cap del Consorci, Jos\u00e9 Miguel Basset, recull la distinci\u00f3 de mans del ministre de l&#8217;Interior, Fernando Grande-Marlaska. Momp\u00f3 destaca que \u201c\u00e9s un reconeixement <a class=\"mh-excerpt-more\" href=\"https:\/\/tucomarca.whitekongsoftware.com\/ca\/el-consorci-provincial-de-bombers-rep-la-medalla-al-merit-de-la-proteccio-civil-pel-seu-treball-en-lincendi-de-campanar\/\" title=\"El Consorci Provincial de Bombers rep la Medalla al M\u00e8rit de la Protecci\u00f3 Civil pel seu treball en l&#8217;incendi de Campanar\">[+] <\/a><\/div>\n","protected":false},"author":12,"featured_media":227169,"comment_status":"open","ping_status":"open","sticky":false,"template":"","format":"standard","meta":{"footnotes":""},"categories":[10898,10948,10894,10904,10947,10896,10897],"tags":[12834,11246,20869],"class_list":["post-227173","post","type-post","status-publish","format-standard","has-post-thumbnail","category-ventana-ca","category-infraestructuras-ca","category-la-comarca-ca","category-sin-categorizar-ca","category-politica","category-seccion-ca","category-sucesos-la-comarca-ca","tag-consorcio-provincial-de-bomberos-de-valencia-ca","tag-diputacio-de-valencia-ca","tag-medalla-al-merito-ca"],"_links":{"self":[{"href":"https:\/\/tucomarca.whitekongsoftware.com\/ca\/wp-json\/wp\/v2\/posts\/227173","targetHints":{"allow":["GET"]}}],"collection":[{"href":"https:\/\/tucomarca.whitekongsoftware.com\/ca\/wp-json\/wp\/v2\/posts"}],"about":[{"href":"https:\/\/tucomarca.whitekongsoftware.com\/ca\/wp-json\/wp\/v2\/types\/post"}],"author":[{"embeddable":true,"href":"https:\/\/tucomarca.whitekongsoftware.com\/ca\/wp-json\/wp\/v2\/users\/12"}],"replies":[{"embeddable":true,"href":"https:\/\/tucomarca.whitekongsoftware.com\/ca\/wp-json\/wp\/v2\/comments?post=227173"}],"version-history":[{"count":0,"href":"https:\/\/tucomarca.whitekongsoftware.com\/ca\/wp-json\/wp\/v2\/posts\/227173\/revisions"}],"wp:featuredmedia":[{"embeddable":true,"href":"https:\/\/tucomarca.whitekongsoftware.com\/ca\/wp-json\/wp\/v2\/media\/227169"}],"wp:attachment":[{"href":"https:\/\/tucomarca.whitekongsoftware.com\/ca\/wp-json\/wp\/v2\/media?parent=227173"}],"wp:term":[{"taxonomy":"category","embeddable":true,"href":"https:\/\/tucomarca.whitekongsoftware.com\/ca\/wp-json\/wp\/v2\/categories?post=227173"},{"taxonomy":"post_tag","embeddable":true,"href":"https:\/\/tucomarca.whitekongsoftware.com\/ca\/wp-json\/wp\/v2\/tags?post=227173"}],"curies":[{"name":"wp","href":"https:\/\/api.w.org\/{rel}","templated":true}]}}