{"id":227128,"date":"2024-06-20T12:05:00","date_gmt":"2024-06-20T10:05:00","guid":{"rendered":"https:\/\/www.tucomarca.com\/wordpress\/segunda\/?p=227128"},"modified":"2024-06-20T14:38:29","modified_gmt":"2024-06-20T12:38:29","slug":"el-concert-solidari-de-la-aecc-de-bunyol-tribut-a-camilo-sesto-ompli-la-sala-el-mercat","status":"publish","type":"post","link":"https:\/\/tucomarca.whitekongsoftware.com\/ca\/el-concert-solidari-de-la-aecc-de-bunyol-tribut-a-camilo-sesto-ompli-la-sala-el-mercat\/","title":{"rendered":"El concert solidari de la AECC de Bunyol, Tribut a Camilo Sesto, ompli la Sala El Mercat"},"content":{"rendered":"\n<p class=\"wp-block-paragraph\">L&#8217;agrupaci\u00f3 local de l&#8217;Associaci\u00f3 Espanyola Contra el C\u00e0ncer (AECC) de Bunyol ha organitzat un concert solidari aquest dimecres, Tribut a Camilo Sesto, protagonitzat pel cantant bu\u00f1olense \u00c1ngel Merenciano; un concert que ha omplit la Sala El Mercat amb un tribut a l&#8217;ic\u00f2nic artista Camilo Sesto.<\/p>\n\n\n\n<p class=\"wp-block-paragraph\">\u00c1ngel Merenciano va ser capa\u00e7 a m\u00e9s de capturar l&#8217;ess\u00e8ncia de Camilo Sesto i va interpretar els grans \u00e8xits del llegendari cantant d&#8217;Alcoi.<\/p>\n\n\n\n<figure class=\"wp-block-gallery has-nested-images columns-default is-cropped wp-block-gallery-1 is-layout-flex wp-block-gallery-is-layout-flex\">\n<figure class=\"wp-block-image size-large\"><img loading=\"lazy\" decoding=\"async\" width=\"886\" height=\"656\" data-id=\"227113\" src=\"https:\/\/www.tucomarca.com\/wordpress\/segunda\/wp-content\/uploads\/2024\/06\/AECCTributoCamilo2.jpg\" alt=\"\" class=\"wp-image-227113\" srcset=\"https:\/\/tucomarca.whitekongsoftware.com\/wp-content\/uploads\/2024\/06\/AECCTributoCamilo2.jpg 886w, https:\/\/tucomarca.whitekongsoftware.com\/wp-content\/uploads\/2024\/06\/AECCTributoCamilo2-300x222.jpg 300w, https:\/\/tucomarca.whitekongsoftware.com\/wp-content\/uploads\/2024\/06\/AECCTributoCamilo2-768x569.jpg 768w, https:\/\/tucomarca.whitekongsoftware.com\/wp-content\/uploads\/2024\/06\/AECCTributoCamilo2-80x60.jpg 80w\" sizes=\"auto, (max-width: 886px) 100vw, 886px\" \/><\/figure>\n\n\n\n<figure class=\"wp-block-image size-large\"><img loading=\"lazy\" decoding=\"async\" width=\"886\" height=\"620\" data-id=\"227115\" src=\"https:\/\/www.tucomarca.com\/wordpress\/segunda\/wp-content\/uploads\/2024\/06\/AECCTributoCamilo3.jpg\" alt=\"\" class=\"wp-image-227115\" srcset=\"https:\/\/tucomarca.whitekongsoftware.com\/wp-content\/uploads\/2024\/06\/AECCTributoCamilo3.jpg 886w, https:\/\/tucomarca.whitekongsoftware.com\/wp-content\/uploads\/2024\/06\/AECCTributoCamilo3-300x210.jpg 300w, https:\/\/tucomarca.whitekongsoftware.com\/wp-content\/uploads\/2024\/06\/AECCTributoCamilo3-768x537.jpg 768w\" sizes=\"auto, (max-width: 886px) 100vw, 886px\" \/><\/figure>\n<\/figure>\n\n\n\n<p class=\"wp-block-paragraph\">El concert va tindre com a objectiu recaptar fons per a donar suport a les activitats i projectes de la AECC de Bunyol en la seua lluita contra el c\u00e0ncer i finan\u00e7ar la investigaci\u00f3 oncol\u00f2gica, aix\u00ed com a oferir assist\u00e8ncia i suport als pacients i les seues fam\u00edlies.<\/p>\n","protected":false},"excerpt":{"rendered":"<div class=\"mh-excerpt\">L&#8217;agrupaci\u00f3 local de l&#8217;Associaci\u00f3 Espanyola Contra el C\u00e0ncer (AECC) de Bunyol ha organitzat un concert solidari aquest dimecres, Tribut a Camilo Sesto, protagonitzat pel cantant bu\u00f1olense \u00c1ngel Merenciano; un concert que ha omplit la Sala <a class=\"mh-excerpt-more\" href=\"https:\/\/tucomarca.whitekongsoftware.com\/ca\/el-concert-solidari-de-la-aecc-de-bunyol-tribut-a-camilo-sesto-ompli-la-sala-el-mercat\/\" title=\"El concert solidari de la AECC de Bunyol, Tribut a Camilo Sesto, ompli la Sala El Mercat\">[+] <\/a><\/div>\n","protected":false},"author":12,"featured_media":227112,"comment_status":"open","ping_status":"open","sticky":false,"template":"","format":"gallery","meta":{"footnotes":""},"categories":[10911,11005,10894,10912,11007,10896],"tags":[11425,10913,10914],"class_list":["post-227128","post","type-post","status-publish","format-gallery","has-post-thumbnail","category-bunol-ca","category-canal-musica","category-la-comarca-ca","category-la-hoya-ca","category-ocio-y-cultura-ca","category-seccion-ca","tag-aecc-bunol-ca","tag-bunol-ca","tag-la-hoya-de-bunol-chiva-ca","post_format-post-format-gallery"],"_links":{"self":[{"href":"https:\/\/tucomarca.whitekongsoftware.com\/ca\/wp-json\/wp\/v2\/posts\/227128","targetHints":{"allow":["GET"]}}],"collection":[{"href":"https:\/\/tucomarca.whitekongsoftware.com\/ca\/wp-json\/wp\/v2\/posts"}],"about":[{"href":"https:\/\/tucomarca.whitekongsoftware.com\/ca\/wp-json\/wp\/v2\/types\/post"}],"author":[{"embeddable":true,"href":"https:\/\/tucomarca.whitekongsoftware.com\/ca\/wp-json\/wp\/v2\/users\/12"}],"replies":[{"embeddable":true,"href":"https:\/\/tucomarca.whitekongsoftware.com\/ca\/wp-json\/wp\/v2\/comments?post=227128"}],"version-history":[{"count":0,"href":"https:\/\/tucomarca.whitekongsoftware.com\/ca\/wp-json\/wp\/v2\/posts\/227128\/revisions"}],"wp:featuredmedia":[{"embeddable":true,"href":"https:\/\/tucomarca.whitekongsoftware.com\/ca\/wp-json\/wp\/v2\/media\/227112"}],"wp:attachment":[{"href":"https:\/\/tucomarca.whitekongsoftware.com\/ca\/wp-json\/wp\/v2\/media?parent=227128"}],"wp:term":[{"taxonomy":"category","embeddable":true,"href":"https:\/\/tucomarca.whitekongsoftware.com\/ca\/wp-json\/wp\/v2\/categories?post=227128"},{"taxonomy":"post_tag","embeddable":true,"href":"https:\/\/tucomarca.whitekongsoftware.com\/ca\/wp-json\/wp\/v2\/tags?post=227128"}],"curies":[{"name":"wp","href":"https:\/\/api.w.org\/{rel}","templated":true}]}}