{"id":226916,"date":"2024-06-19T09:30:00","date_gmt":"2024-06-19T07:30:00","guid":{"rendered":"https:\/\/www.tucomarca.com\/wordpress\/segunda\/?p=226916"},"modified":"2024-06-19T12:45:18","modified_gmt":"2024-06-19T10:45:18","slug":"el-grup-daccio-local-rurable-fara-lliurament-de-les-plaques-a-beneficiaris-dajudes-leader","status":"publish","type":"post","link":"https:\/\/tucomarca.whitekongsoftware.com\/ca\/el-grup-daccio-local-rurable-fara-lliurament-de-les-plaques-a-beneficiaris-dajudes-leader\/","title":{"rendered":"El grup d&#8217;acci\u00f3 local RURABLE far\u00e0 lliurament de les plaques a beneficiaris d&#8217;ajudes LEADER"},"content":{"rendered":"\n<p class=\"wp-block-paragraph\">El grup d&#8217;acci\u00f3 local RURABLE realitzar\u00e0 el pr\u00f2xim dia 26 de juny a les 19,00 hores a l&#8217;Esgl\u00e9sia de Sant Nicol\u00e1s de Requena el lliurament de les plaques a tots els beneficiaris i beneficiaras que van rebre l&#8217;ajuda LEADER durant el per\u00edode 2014-2020.<\/p>\n\n\n<div class=\"wp-block-image\">\n<figure class=\"alignleft size-full is-resized\"><img loading=\"lazy\" decoding=\"async\" width=\"886\" height=\"886\" src=\"http:\/\/www.tucomarca.com\/wordpress\/segunda\/wp-content\/uploads\/2024\/06\/RurablePlacas.jpg\" alt=\"\" class=\"wp-image-226911\" style=\"width:429px;height:auto\" srcset=\"https:\/\/tucomarca.whitekongsoftware.com\/wp-content\/uploads\/2024\/06\/RurablePlacas.jpg 886w, https:\/\/tucomarca.whitekongsoftware.com\/wp-content\/uploads\/2024\/06\/RurablePlacas-300x300.jpg 300w, https:\/\/tucomarca.whitekongsoftware.com\/wp-content\/uploads\/2024\/06\/RurablePlacas-290x290.jpg 290w, https:\/\/tucomarca.whitekongsoftware.com\/wp-content\/uploads\/2024\/06\/RurablePlacas-768x768.jpg 768w\" sizes=\"auto, (max-width: 886px) 100vw, 886px\" \/><\/figure>\n<\/div>\n\n\n<p class=\"wp-block-paragraph\">Aquesta activitat ser\u00e0 el punt i final de l&#8217;\u00faltim per\u00edode d&#8217;ajudes, amb el qual volem donar les gr\u00e0cies a tots\/as les persones valentes que estan al capdavant d&#8217;un negoci i que arrisquen per desenvolupar la seua activitat econ\u00f2mica en el m\u00f3n rural. A m\u00e9s, amb el lliurament de plaques l&#8217;objectiu \u00e9s visibilitzar aquesta ajuda, perqu\u00e8 puga servir d&#8217;inspiraci\u00f3 a altres\/as emprenedors\/as i empreses i vegen com realment s\u00ed que \u00e9s factible la concessi\u00f3 de les ajudes i complir amb tot el proc\u00e9s que es requereix.<\/p>\n\n\n\n<p class=\"wp-block-paragraph\">RURABLE \u00e9s l&#8217;entitat encarregada de gestionar aquestes ajudes LEADER, que van dirigides a persones que inicien un nou negoci i tamb\u00e9 a empreses que vulguen realitzar alguna millora en la seua empresa (\u00e0mbit no agr\u00edcola), com la reducci\u00f3 dels costos en energia, compra de nova maquin\u00e0ria, ampliaci\u00f3 de local, etc. Aix\u00ed mateix, existeix una l\u00ednia de finan\u00e7ament per a ajuntaments i entitats sense \u00e0nim de lucre. El nostre \u00e0mbit d&#8217;actuaci\u00f3 \u00e9s la Foia de Bunyol-Xiva, La Plana Utiel-Requena i la Vall d&#8217;Aiora-Cofrents.<\/p>\n\n\n\n<p class=\"wp-block-paragraph\">Si est\u00e0s pensant a emprendre o necessites realitzar alguna millora en la teua empresa, no dubtes a contactar amb nosaltres (624.076.011 o info@rurable.com) i t&#8217;ajudarem de manera gratu\u00efta.<br>Les plaques que s&#8217;entregaran i l&#8217;esdeveniment s\u00f3n finan\u00e7ats per la Diputaci\u00f3 de Val\u00e8ncia.<\/p>\n","protected":false},"excerpt":{"rendered":"<div class=\"mh-excerpt\">El grup d&#8217;acci\u00f3 local RURABLE realitzar\u00e0 el pr\u00f2xim dia 26 de juny a les 19,00 hores a l&#8217;Esgl\u00e9sia de Sant Nicol\u00e1s de Requena el lliurament de les plaques a tots els beneficiaris i beneficiaras que <a class=\"mh-excerpt-more\" href=\"https:\/\/tucomarca.whitekongsoftware.com\/ca\/el-grup-daccio-local-rurable-fara-lliurament-de-les-plaques-a-beneficiaris-dajudes-leader\/\" title=\"El grup d&#8217;acci\u00f3 local RURABLE far\u00e0 lliurament de les plaques a beneficiaris d&#8217;ajudes LEADER\">[+] <\/a><\/div>\n","protected":false},"author":12,"featured_media":226912,"comment_status":"open","ping_status":"open","sticky":false,"template":"","format":"standard","meta":{"footnotes":""},"categories":[10948,10894,10947,10908,10909,10896],"tags":[11099,10910],"class_list":["post-226916","post","type-post","status-publish","format-standard","has-post-thumbnail","category-infraestructuras-ca","category-la-comarca-ca","category-politica","category-requena-ca","category-requena-utiel-ca","category-seccion-ca","tag-requena-ca","tag-requena-utiel-ca"],"_links":{"self":[{"href":"https:\/\/tucomarca.whitekongsoftware.com\/ca\/wp-json\/wp\/v2\/posts\/226916","targetHints":{"allow":["GET"]}}],"collection":[{"href":"https:\/\/tucomarca.whitekongsoftware.com\/ca\/wp-json\/wp\/v2\/posts"}],"about":[{"href":"https:\/\/tucomarca.whitekongsoftware.com\/ca\/wp-json\/wp\/v2\/types\/post"}],"author":[{"embeddable":true,"href":"https:\/\/tucomarca.whitekongsoftware.com\/ca\/wp-json\/wp\/v2\/users\/12"}],"replies":[{"embeddable":true,"href":"https:\/\/tucomarca.whitekongsoftware.com\/ca\/wp-json\/wp\/v2\/comments?post=226916"}],"version-history":[{"count":0,"href":"https:\/\/tucomarca.whitekongsoftware.com\/ca\/wp-json\/wp\/v2\/posts\/226916\/revisions"}],"wp:featuredmedia":[{"embeddable":true,"href":"https:\/\/tucomarca.whitekongsoftware.com\/ca\/wp-json\/wp\/v2\/media\/226912"}],"wp:attachment":[{"href":"https:\/\/tucomarca.whitekongsoftware.com\/ca\/wp-json\/wp\/v2\/media?parent=226916"}],"wp:term":[{"taxonomy":"category","embeddable":true,"href":"https:\/\/tucomarca.whitekongsoftware.com\/ca\/wp-json\/wp\/v2\/categories?post=226916"},{"taxonomy":"post_tag","embeddable":true,"href":"https:\/\/tucomarca.whitekongsoftware.com\/ca\/wp-json\/wp\/v2\/tags?post=226916"}],"curies":[{"name":"wp","href":"https:\/\/api.w.org\/{rel}","templated":true}]}}