{"id":226863,"date":"2024-06-21T09:15:00","date_gmt":"2024-06-21T07:15:00","guid":{"rendered":"https:\/\/www.tucomarca.com\/wordpress\/segunda\/?p=226863"},"modified":"2024-06-21T09:23:00","modified_gmt":"2024-06-21T07:23:00","slug":"setaigues-celebra-les-seues-festes-patronals-en-honor-a-sant-joan-baptista","status":"publish","type":"post","link":"https:\/\/tucomarca.whitekongsoftware.com\/ca\/setaigues-celebra-les-seues-festes-patronals-en-honor-a-sant-joan-baptista\/","title":{"rendered":"Setaig\u00fces celebra les seues festes patronals en honor a Sant Joan Baptista"},"content":{"rendered":"\n<p class=\"wp-block-paragraph\">Setaig\u00fces es prepara per a celebrar les seues Festes Patronals en honor a Sant Joan Baptista amb una s\u00e8rie d&#8217;esdeveniments que tindran lloc el 23 i 24 de juny.<\/p>\n\n\n\n<p class=\"wp-block-paragraph\"><strong>Diumenge, 23 de juny<\/strong><br>23.59 h. Nit de Sant Joan en la Font de les Set Canelles.<br>Activitats: Crema de la tradicional foguera, repartiment de coca, mistela i llorer.<br>Actuaci\u00f3: Orquestra Gravity de Produccions Plat\u00ed.<br>Organitza: Excm. Ajuntament de Setaig\u00fces.<br>Col\u00b7labora: Associaci\u00f3 Mestresses de casa.<\/p>\n\n\n<div class=\"wp-block-image\">\n<figure class=\"alignleft size-large is-resized\"><img loading=\"lazy\" decoding=\"async\" width=\"1024\" height=\"1024\" src=\"http:\/\/www.tucomarca.com\/wordpress\/segunda\/wp-content\/uploads\/2024\/06\/SieteAguas2-1024x1024.jpg\" alt=\"\" class=\"wp-image-226858\" style=\"width:419px;height:auto\" srcset=\"https:\/\/tucomarca.whitekongsoftware.com\/wp-content\/uploads\/2024\/06\/SieteAguas2-1024x1024.jpg 1024w, https:\/\/tucomarca.whitekongsoftware.com\/wp-content\/uploads\/2024\/06\/SieteAguas2-300x300.jpg 300w, https:\/\/tucomarca.whitekongsoftware.com\/wp-content\/uploads\/2024\/06\/SieteAguas2-290x290.jpg 290w, https:\/\/tucomarca.whitekongsoftware.com\/wp-content\/uploads\/2024\/06\/SieteAguas2-768x768.jpg 768w, https:\/\/tucomarca.whitekongsoftware.com\/wp-content\/uploads\/2024\/06\/SieteAguas2.jpg 1080w\" sizes=\"auto, (max-width: 1024px) 100vw, 1024px\" \/><\/figure>\n<\/div>\n\n\n<p class=\"wp-block-paragraph\"><strong>Dilluns, 24 de juny<\/strong><br>11.00 h. Volteig general de campanes.<br>11.30 h. Tradicional cercavila de la Banda de M\u00fasica de la S. M. La Paz.<br>12.00 h. Solemne missa en honor a Sant Joan Baptista.<br>En finalitzar la missa: \u201cMasclet\u00e0\u201d en l&#8217;Av. Font de La Gota.<br>19.45 h. Baixada des del Boleo de les autoritats i associacions acompanyades pels xiquets i xiquetes de la primera comuni\u00f3 i per la Banda de M\u00fasica de la S. M. La Paz.<br>20.00 h. Solemne process\u00f3 en honor a Sant Joan Baptista, per l&#8217;itinerari de costum.<br>22.30 h. Espectacle musical \u201cTHE TALENT\u201d en la Pla\u00e7a de la Constituci\u00f3.<br>Organitza: Ajuntament de Setaig\u00fces. Produccions Plat\u00ed.<\/p>\n","protected":false},"excerpt":{"rendered":"<div class=\"mh-excerpt\">Setaig\u00fces es prepara per a celebrar les seues Festes Patronals en honor a Sant Joan Baptista amb una s\u00e8rie d&#8217;esdeveniments que tindran lloc el 23 i 24 de juny. Diumenge, 23 de juny23.59 h. Nit <a class=\"mh-excerpt-more\" href=\"https:\/\/tucomarca.whitekongsoftware.com\/ca\/setaigues-celebra-les-seues-festes-patronals-en-honor-a-sant-joan-baptista\/\" title=\"Setaig\u00fces celebra les seues festes patronals en honor a Sant Joan Baptista\">[+] <\/a><\/div>\n","protected":false},"author":12,"featured_media":226861,"comment_status":"open","ping_status":"open","sticky":false,"template":"","format":"standard","meta":{"footnotes":""},"categories":[11019,10894,10912,11007,10896,10979],"tags":[14071,10914,11157],"class_list":["post-226863","post","type-post","status-publish","format-standard","has-post-thumbnail","category-agenda-ca","category-la-comarca-ca","category-la-hoya-ca","category-ocio-y-cultura-ca","category-seccion-ca","category-siete-aguas-ca","tag-fiestas-patronales-ca","tag-la-hoya-de-bunol-chiva-ca","tag-siete-aguas-ca"],"_links":{"self":[{"href":"https:\/\/tucomarca.whitekongsoftware.com\/ca\/wp-json\/wp\/v2\/posts\/226863","targetHints":{"allow":["GET"]}}],"collection":[{"href":"https:\/\/tucomarca.whitekongsoftware.com\/ca\/wp-json\/wp\/v2\/posts"}],"about":[{"href":"https:\/\/tucomarca.whitekongsoftware.com\/ca\/wp-json\/wp\/v2\/types\/post"}],"author":[{"embeddable":true,"href":"https:\/\/tucomarca.whitekongsoftware.com\/ca\/wp-json\/wp\/v2\/users\/12"}],"replies":[{"embeddable":true,"href":"https:\/\/tucomarca.whitekongsoftware.com\/ca\/wp-json\/wp\/v2\/comments?post=226863"}],"version-history":[{"count":0,"href":"https:\/\/tucomarca.whitekongsoftware.com\/ca\/wp-json\/wp\/v2\/posts\/226863\/revisions"}],"wp:featuredmedia":[{"embeddable":true,"href":"https:\/\/tucomarca.whitekongsoftware.com\/ca\/wp-json\/wp\/v2\/media\/226861"}],"wp:attachment":[{"href":"https:\/\/tucomarca.whitekongsoftware.com\/ca\/wp-json\/wp\/v2\/media?parent=226863"}],"wp:term":[{"taxonomy":"category","embeddable":true,"href":"https:\/\/tucomarca.whitekongsoftware.com\/ca\/wp-json\/wp\/v2\/categories?post=226863"},{"taxonomy":"post_tag","embeddable":true,"href":"https:\/\/tucomarca.whitekongsoftware.com\/ca\/wp-json\/wp\/v2\/tags?post=226863"}],"curies":[{"name":"wp","href":"https:\/\/api.w.org\/{rel}","templated":true}]}}