{"id":226808,"date":"2024-06-18T18:00:00","date_gmt":"2024-06-18T16:00:00","guid":{"rendered":"https:\/\/www.tucomarca.com\/wordpress\/segunda\/?p=226808"},"modified":"2024-06-18T18:45:17","modified_gmt":"2024-06-18T16:45:17","slug":"la-diputacio-de-valencia-es-compromet-a-promoure-la-diversitat-als-pobles-mes-xicotets-per-a-reivindicar-lorgull-lgtbi","status":"publish","type":"post","link":"https:\/\/tucomarca.whitekongsoftware.com\/ca\/la-diputacio-de-valencia-es-compromet-a-promoure-la-diversitat-als-pobles-mes-xicotets-per-a-reivindicar-lorgull-lgtbi\/","title":{"rendered":"La Diputaci\u00f3 de Val\u00e8ncia es compromet a promoure la diversitat als pobles m\u00e9s xicotets per a reivindicar l\u2019orgull LGTBI"},"content":{"rendered":"\n<h3 class=\"wp-block-heading\">La vicepresidenta primera, Nat\u00e0lia Enguix, assegura que \u201cla lluita per la igualtat \u00e9s de tots els dem\u00f2crates\u201d i defensa \u201cno polititzar als col\u00b7lectius\u201d.<\/h3>\n\n\n\n<h3 class=\"wp-block-heading\">La Diputaci\u00f3 repartir\u00e0 350.000 perqu\u00e8 els ajuntaments invertisquen en el foment de la diversitat.<\/h3>\n\n\n\n<h3 class=\"wp-block-heading\">La moci\u00f3, presentada per Ens Uneix, ha sigut recolzada per tots els grups excepte Vox.<\/h3>\n\n\n\n<p class=\"wp-block-paragraph\">La Diputaci\u00f3 de Val\u00e8ncia s&#8217;ha comprom\u00e9s a \u201ctreballar intensament per a afavorir que les poblacions m\u00e9s xicotetes, on pot haver-hi una falta d&#8217;activitats per a promoure la diversitat, tinguen els recursos necessaris per a fer-ho\u201d. \u00c9s el que recull la moci\u00f3 aprovada amb el suport de tots els grups a excepci\u00f3 de Vox.<\/p>\n\n\n\n<p class=\"wp-block-paragraph\">A m\u00e9s, en esta iniciativa presentada per Ens Uneix, la Diputaci\u00f3 \u201creitera el seu suport a la diversitat sexual en tots els seus aspectes i es proposa dur a terme accions per a denunciar la lgtbifobia, aix\u00ed com reivindicar una prov\u00edncia orgullosa de la seua diversitat\u201d. Igualment, s&#8217;ha acordat \u201cdefensar una educaci\u00f3 per a la toler\u00e0ncia basada en la igualtat, la\u00efcisme i qualitat que permeta a la joventut formar-se cap a una societat democr\u00e0tica i de dret\u201d.<\/p>\n\n\n\n<p class=\"wp-block-paragraph\">De fet, la vicepresidenta primera, Nat\u00e0lia Enguix, ha assegurat que \u201cla lluita per la igualtat \u00e9s de tots els dem\u00f2crates\u201d. \u201cNo s&#8217;ha de polititzar als col\u00b7lectius, sin\u00f3 buscar la unitat i el consens\u201d, ha destacat. En este sentit, ha lamentat que PSPV i Comprom\u00eds hagen portat al ple una altra moci\u00f3, tamb\u00e9 sobre LGTBI, que ha sigut rebutjada, en la qual han fet refer\u00e8ncia a \u201cconflictes esdevinguts en altres institucions i que res tenen a veure amb la Diputaci\u00f3\u201d. \u201cAc\u00ed tenim una bona relaci\u00f3 amb el col\u00b7lectiu, no existix cap malestar i treballem per la igualtat, en el ple passat vam aprovar 350.000 euros perqu\u00e8 els ajuntaments els destinen a diversitat\u201d, ha recordat.\u2028\u2028Per part seua, el diputat del PSPV Jordi Mayor ha defensat la seua iniciativa com a resposta a \u201cels fets diferents que s&#8217;han produ\u00eft en el nostre territori per primera vegada i que provocaran una celebraci\u00f3 de l&#8217;orgull diferent\u201d. En la mateixa l\u00ednia, s&#8217;ha pronunciat la portaveu de Comprom\u00eds, Dolors Gimeno, qui ha assegurat que la moci\u00f3 aprovada \u201ces queda molt curta\u201d. \u201cEnguany m\u00e9s que mai \u00e9s necessari el reconeixement al col\u00b7lectiu; l&#8217;orgull no \u00e9s una festa, \u00e9s el manteniment dels drets assolits durant anys\u201d.<\/p>\n\n\n\n<p class=\"wp-block-paragraph\">Per part de Vox, el seu portaveu, Sergio Pastor, ha asseverat que el seu partit \u201crespecta a totes les persones\u201d. \u201cDemanem espais p\u00fablics neutrals, administracions per a tots, la constituci\u00f3 ja deixa ben clar que tots som iguals davant l&#8217;administraci\u00f3\u201d, ha esgrimit.<\/p>\n","protected":false},"excerpt":{"rendered":"<div class=\"mh-excerpt\">La vicepresidenta primera, Nat\u00e0lia Enguix, assegura que \u201cla lluita per la igualtat \u00e9s de tots els dem\u00f2crates\u201d i defensa \u201cno polititzar als col\u00b7lectius\u201d. La Diputaci\u00f3 repartir\u00e0 350.000 perqu\u00e8 els ajuntaments invertisquen en el foment de <a class=\"mh-excerpt-more\" href=\"https:\/\/tucomarca.whitekongsoftware.com\/ca\/la-diputacio-de-valencia-es-compromet-a-promoure-la-diversitat-als-pobles-mes-xicotets-per-a-reivindicar-lorgull-lgtbi\/\" title=\"La Diputaci\u00f3 de Val\u00e8ncia es compromet a promoure la diversitat als pobles m\u00e9s xicotets per a reivindicar l\u2019orgull LGTBI\">[+] <\/a><\/div>\n","protected":false},"author":12,"featured_media":225403,"comment_status":"open","ping_status":"open","sticky":false,"template":"","format":"standard","meta":{"footnotes":""},"categories":[20541,10898,10948,10894,10904,20456,10947,10896],"tags":[11246,20809,20404,20847],"class_list":["post-226808","post","type-post","status-publish","format-standard","has-post-thumbnail","category-igualtat-i-diversitat","category-ventana-ca","category-infraestructuras-ca","category-la-comarca-ca","category-sin-categorizar-ca","category-la-diputacio-de-valencia-informa-ca","category-politica","category-seccion-ca","tag-diputacio-de-valencia-ca","tag-diversidad-e-igualdad-ca","tag-natalia-enguix-2-ca","tag-orgullo-lgtbi-2-ca"],"_links":{"self":[{"href":"https:\/\/tucomarca.whitekongsoftware.com\/ca\/wp-json\/wp\/v2\/posts\/226808","targetHints":{"allow":["GET"]}}],"collection":[{"href":"https:\/\/tucomarca.whitekongsoftware.com\/ca\/wp-json\/wp\/v2\/posts"}],"about":[{"href":"https:\/\/tucomarca.whitekongsoftware.com\/ca\/wp-json\/wp\/v2\/types\/post"}],"author":[{"embeddable":true,"href":"https:\/\/tucomarca.whitekongsoftware.com\/ca\/wp-json\/wp\/v2\/users\/12"}],"replies":[{"embeddable":true,"href":"https:\/\/tucomarca.whitekongsoftware.com\/ca\/wp-json\/wp\/v2\/comments?post=226808"}],"version-history":[{"count":0,"href":"https:\/\/tucomarca.whitekongsoftware.com\/ca\/wp-json\/wp\/v2\/posts\/226808\/revisions"}],"wp:featuredmedia":[{"embeddable":true,"href":"https:\/\/tucomarca.whitekongsoftware.com\/ca\/wp-json\/wp\/v2\/media\/225403"}],"wp:attachment":[{"href":"https:\/\/tucomarca.whitekongsoftware.com\/ca\/wp-json\/wp\/v2\/media?parent=226808"}],"wp:term":[{"taxonomy":"category","embeddable":true,"href":"https:\/\/tucomarca.whitekongsoftware.com\/ca\/wp-json\/wp\/v2\/categories?post=226808"},{"taxonomy":"post_tag","embeddable":true,"href":"https:\/\/tucomarca.whitekongsoftware.com\/ca\/wp-json\/wp\/v2\/tags?post=226808"}],"curies":[{"name":"wp","href":"https:\/\/api.w.org\/{rel}","templated":true}]}}