{"id":226789,"date":"2024-06-18T11:04:00","date_gmt":"2024-06-18T09:04:00","guid":{"rendered":"https:\/\/www.tucomarca.com\/wordpress\/segunda\/?p=226789"},"modified":"2024-06-18T18:37:40","modified_gmt":"2024-06-18T16:37:40","slug":"el-guanyador-del-concurs-internacional-de-piano-de-valencia-elia-cecino-ofereix-a-utiel-un-extraordinari-concert-inclos-en-el-cicle-de-recitals-iturbi-de-diputacio","status":"publish","type":"post","link":"https:\/\/tucomarca.whitekongsoftware.com\/ca\/el-guanyador-del-concurs-internacional-de-piano-de-valencia-elia-cecino-ofereix-a-utiel-un-extraordinari-concert-inclos-en-el-cicle-de-recitals-iturbi-de-diputacio\/","title":{"rendered":"El guanyador del Concurs Internacional de Piano de Val\u00e8ncia, Elia Cecino, ofereix a Utiel un extraordinari concert incl\u00f2s en el Cicle de Recitals Iturbi de Diputaci\u00f3"},"content":{"rendered":"\n<h3 class=\"wp-block-heading\">L&#8217;acte va estar presidit per Ricardo Gabald\u00f3n, alcalde d&#8217;Utiel, Josep Vidal, cap de l&#8217;\u00e0rea de cultura de la Diputaci\u00f3 de Val\u00e8ncia, i Irene Tello, regidora de Cultura.<\/h3>\n\n\n\n<p class=\"wp-block-paragraph\">La setmana passada, el reconegut pianista itali\u00e0, Elia Cecino, feia parada a Utiel per a oferir un concert especial incl\u00f2s en el Cicle de Recitals Iturbi que organitza l&#8217;\u00e0rea de Cultura de la Diputaci\u00f3 de Val\u00e8ncia.<\/p>\n\n\n\n<p class=\"wp-block-paragraph\">El jove int\u00e8rpret, Elia Cecino, guanyador del Concurs Internacional de Piano de Val\u00e8ncia \u201cPremi ITURBI 2023\u201d i primer premi del Concurs de piano d&#8217;Orleans, entre molts altres reconeixements, va delectar als assistents amb un repertori seleccionat de peces de grans m\u00fasics com Johannes Brahms o Sergey Prok\u00f3fiev.<\/p>\n\n\n\n<p class=\"wp-block-paragraph\">L&#8217;acte va estar presidit per Ricardo Gabald\u00f3n, alcalde d&#8217;Utiel, Josep Vidal, cap de l&#8217;\u00e0rea de cultura de la Diputaci\u00f3 de Val\u00e8ncia, i Irene Tello, regidora de Cultura.<\/p>\n\n\n\n<p class=\"wp-block-paragraph\">\u201cHa sigut un vertader honor comptar amb la pres\u00e8ncia a Utiel d&#8217;un m\u00fasic de la talla d&#8217;Elia Cecino. Hem gaudit de la seua qualitat art\u00edstica i interpretativa que ha sigut reconeguda en prestigiosos cert\u00e0mens nacionals i internacionals. Un acte molt especial que ha comptat amb gran acolliment del p\u00fablic, mel\u00f2mans i professionals del m\u00f3n de la m\u00fasica que no van voler perdre&#8217;s aquest extraordinari esdeveniment cultural\u201d, apuntava l&#8217;alcalde d&#8217;Utiel, Ricardo Gabald\u00f3n.<\/p>\n","protected":false},"excerpt":{"rendered":"<div class=\"mh-excerpt\">L&#8217;acte va estar presidit per Ricardo Gabald\u00f3n, alcalde d&#8217;Utiel, Josep Vidal, cap de l&#8217;\u00e0rea de cultura de la Diputaci\u00f3 de Val\u00e8ncia, i Irene Tello, regidora de Cultura. La setmana passada, el reconegut pianista itali\u00e0, Elia <a class=\"mh-excerpt-more\" href=\"https:\/\/tucomarca.whitekongsoftware.com\/ca\/el-guanyador-del-concurs-internacional-de-piano-de-valencia-elia-cecino-ofereix-a-utiel-un-extraordinari-concert-inclos-en-el-cicle-de-recitals-iturbi-de-diputacio\/\" title=\"El guanyador del Concurs Internacional de Piano de Val\u00e8ncia, Elia Cecino, ofereix a Utiel un extraordinari concert incl\u00f2s en el Cicle de Recitals Iturbi de Diputaci\u00f3\">[+] <\/a><\/div>\n","protected":false},"author":12,"featured_media":226788,"comment_status":"open","ping_status":"open","sticky":false,"template":"","format":"standard","meta":{"footnotes":""},"categories":[11005,10894,11007,10909,10896,11059],"tags":[20845,11246,10910,11174],"class_list":["post-226789","post","type-post","status-publish","format-standard","has-post-thumbnail","category-canal-musica","category-la-comarca-ca","category-ocio-y-cultura-ca","category-requena-utiel-ca","category-seccion-ca","category-utiel-ca","tag-concurso-internacional-de-piano-de-valencia-ca","tag-diputacio-de-valencia-ca","tag-requena-utiel-ca","tag-utiel-ca"],"_links":{"self":[{"href":"https:\/\/tucomarca.whitekongsoftware.com\/ca\/wp-json\/wp\/v2\/posts\/226789","targetHints":{"allow":["GET"]}}],"collection":[{"href":"https:\/\/tucomarca.whitekongsoftware.com\/ca\/wp-json\/wp\/v2\/posts"}],"about":[{"href":"https:\/\/tucomarca.whitekongsoftware.com\/ca\/wp-json\/wp\/v2\/types\/post"}],"author":[{"embeddable":true,"href":"https:\/\/tucomarca.whitekongsoftware.com\/ca\/wp-json\/wp\/v2\/users\/12"}],"replies":[{"embeddable":true,"href":"https:\/\/tucomarca.whitekongsoftware.com\/ca\/wp-json\/wp\/v2\/comments?post=226789"}],"version-history":[{"count":0,"href":"https:\/\/tucomarca.whitekongsoftware.com\/ca\/wp-json\/wp\/v2\/posts\/226789\/revisions"}],"wp:featuredmedia":[{"embeddable":true,"href":"https:\/\/tucomarca.whitekongsoftware.com\/ca\/wp-json\/wp\/v2\/media\/226788"}],"wp:attachment":[{"href":"https:\/\/tucomarca.whitekongsoftware.com\/ca\/wp-json\/wp\/v2\/media?parent=226789"}],"wp:term":[{"taxonomy":"category","embeddable":true,"href":"https:\/\/tucomarca.whitekongsoftware.com\/ca\/wp-json\/wp\/v2\/categories?post=226789"},{"taxonomy":"post_tag","embeddable":true,"href":"https:\/\/tucomarca.whitekongsoftware.com\/ca\/wp-json\/wp\/v2\/tags?post=226789"}],"curies":[{"name":"wp","href":"https:\/\/api.w.org\/{rel}","templated":true}]}}