{"id":226736,"date":"2024-06-18T10:00:00","date_gmt":"2024-06-18T08:00:00","guid":{"rendered":"https:\/\/www.tucomarca.com\/wordpress\/segunda\/?p=226736"},"modified":"2024-06-18T12:25:11","modified_gmt":"2024-06-18T10:25:11","slug":"el-central-joao-el-porter-oscar-panero-el-lateral-didier-i-el-capita-gonza-renoven-una-altra-temporada-amb-el-cd-bunyol","status":"publish","type":"post","link":"https:\/\/tucomarca.whitekongsoftware.com\/ca\/el-central-joao-el-porter-oscar-panero-el-lateral-didier-i-el-capita-gonza-renoven-una-altra-temporada-amb-el-cd-bunyol\/","title":{"rendered":"El central Joao; el porter \u00d3scar Panero; el lateral Didier; i el capit\u00e0, Gonza, renoven una altra temporada amb el CD Bunyol"},"content":{"rendered":"\n<figure class=\"wp-block-image size-large\"><img loading=\"lazy\" decoding=\"async\" width=\"1024\" height=\"761\" src=\"http:\/\/www.tucomarca.com\/wordpress\/segunda\/wp-content\/uploads\/2024\/06\/CDJoaoPanaderoDidierGonza-1024x761.jpg\" alt=\"\" class=\"wp-image-226731\" srcset=\"https:\/\/tucomarca.whitekongsoftware.com\/wp-content\/uploads\/2024\/06\/CDJoaoPanaderoDidierGonza-1024x761.jpg 1024w, https:\/\/tucomarca.whitekongsoftware.com\/wp-content\/uploads\/2024\/06\/CDJoaoPanaderoDidierGonza-300x223.jpg 300w, https:\/\/tucomarca.whitekongsoftware.com\/wp-content\/uploads\/2024\/06\/CDJoaoPanaderoDidierGonza-768x570.jpg 768w, https:\/\/tucomarca.whitekongsoftware.com\/wp-content\/uploads\/2024\/06\/CDJoaoPanaderoDidierGonza-1536x1141.jpg 1536w, https:\/\/tucomarca.whitekongsoftware.com\/wp-content\/uploads\/2024\/06\/CDJoaoPanaderoDidierGonza-2048x1521.jpg 2048w, https:\/\/tucomarca.whitekongsoftware.com\/wp-content\/uploads\/2024\/06\/CDJoaoPanaderoDidierGonza-80x60.jpg 80w\" sizes=\"auto, (max-width: 1024px) 100vw, 1024px\" \/><\/figure>\n\n\n\n<p class=\"wp-block-paragraph\">El Club Esportiu Bunyol ha anunciat la renovaci\u00f3 de quatre jugadors clau que formaran part del nou projecte del primer equip per a la temporada 2024-25: el central Jo\u00e3o; el porter \u00d3scar Panadero; el lateral Didier; i el capit\u00e0, Gonza.<\/p>\n\n\n\n<p class=\"wp-block-paragraph\">L&#8217;hist\u00f2ric i benvolgut capit\u00e0 del primer equip, Rub\u00e9n Gonz\u00e1lez \u201cGonza\u201d, continuar\u00e0 defensant la samarreta del CD Bunyol un altre any m\u00e9s. Amb aquesta renovaci\u00f3, Gonza complir\u00e0 la seua setena temporada en el club, reafirmant el seu comprom\u00eds i lideratge dins de l&#8217;equip. <\/p>\n\n\n\n<p class=\"wp-block-paragraph\">Tamb\u00e9 el polivalent defensor Jo\u00e3o Pedro Martins continuar\u00e0 aportant la seua fortalesa f\u00edsica i el seu caracter\u00edstic estil de joc, impregnat de la samba brasilera que tant agrada en el Beltr\u00e1n. La seua renovaci\u00f3 \u00e9s una gran not\u00edcia per a l&#8217;equip i els aficionats. <\/p>\n\n\n\n<p class=\"wp-block-paragraph\">El jove porter natural de Xiva, \u00d3scar Panadero Mateo, tamb\u00e9 ha renovat el seu contracte. Complir\u00e0 la seua segona temporada en el club, consolidant-se com una aposta de present i futur per a la porteria del CD Bunyol. <\/p>\n\n\n\n<p class=\"wp-block-paragraph\">Didier de la Cruz ha signat la seua renovaci\u00f3 i complir\u00e0 la seua segona temporada en el club. El lateral que ja ha demostrat el seu enorme comprom\u00eds i esfor\u00e7, continuar\u00e0 tirant el forrellat a la banda esquerra del CD Bunyol. <\/p>\n\n\n\n<p class=\"wp-block-paragraph\">Aquestes renovacions s\u00f3n una mostra del comprom\u00eds del CD Bunyol amb la continu\u00eftat i l&#8217;estabilitat de l&#8217;equip, mirant cap a un futur ple d&#8217;\u00e8xits.<\/p>\n","protected":false},"excerpt":{"rendered":"<div class=\"mh-excerpt\">El Club Esportiu Bunyol ha anunciat la renovaci\u00f3 de quatre jugadors clau que formaran part del nou projecte del primer equip per a la temporada 2024-25: el central Jo\u00e3o; el porter \u00d3scar Panadero; el lateral <a class=\"mh-excerpt-more\" href=\"https:\/\/tucomarca.whitekongsoftware.com\/ca\/el-central-joao-el-porter-oscar-panero-el-lateral-didier-i-el-capita-gonza-renoven-una-altra-temporada-amb-el-cd-bunyol\/\" title=\"El central Joao; el porter \u00d3scar Panero; el lateral Didier; i el capit\u00e0, Gonza, renoven una altra temporada amb el CD Bunyol\">[+] <\/a><\/div>\n","protected":false},"author":12,"featured_media":226732,"comment_status":"open","ping_status":"open","sticky":false,"template":"","format":"standard","meta":{"footnotes":""},"categories":[10911,11015,11003,10894,10912,10896],"tags":[10913,11126,11074,11075,10914],"class_list":["post-226736","post","type-post","status-publish","format-standard","has-post-thumbnail","category-bunol-ca","category-canal-futbol","category-sports","category-la-comarca-ca","category-la-hoya-ca","category-seccion-ca","tag-bunol-ca","tag-cd-bunol-ca","tag-deportes-ca","tag-futbol-ca","tag-la-hoya-de-bunol-chiva-ca"],"_links":{"self":[{"href":"https:\/\/tucomarca.whitekongsoftware.com\/ca\/wp-json\/wp\/v2\/posts\/226736","targetHints":{"allow":["GET"]}}],"collection":[{"href":"https:\/\/tucomarca.whitekongsoftware.com\/ca\/wp-json\/wp\/v2\/posts"}],"about":[{"href":"https:\/\/tucomarca.whitekongsoftware.com\/ca\/wp-json\/wp\/v2\/types\/post"}],"author":[{"embeddable":true,"href":"https:\/\/tucomarca.whitekongsoftware.com\/ca\/wp-json\/wp\/v2\/users\/12"}],"replies":[{"embeddable":true,"href":"https:\/\/tucomarca.whitekongsoftware.com\/ca\/wp-json\/wp\/v2\/comments?post=226736"}],"version-history":[{"count":0,"href":"https:\/\/tucomarca.whitekongsoftware.com\/ca\/wp-json\/wp\/v2\/posts\/226736\/revisions"}],"wp:featuredmedia":[{"embeddable":true,"href":"https:\/\/tucomarca.whitekongsoftware.com\/ca\/wp-json\/wp\/v2\/media\/226732"}],"wp:attachment":[{"href":"https:\/\/tucomarca.whitekongsoftware.com\/ca\/wp-json\/wp\/v2\/media?parent=226736"}],"wp:term":[{"taxonomy":"category","embeddable":true,"href":"https:\/\/tucomarca.whitekongsoftware.com\/ca\/wp-json\/wp\/v2\/categories?post=226736"},{"taxonomy":"post_tag","embeddable":true,"href":"https:\/\/tucomarca.whitekongsoftware.com\/ca\/wp-json\/wp\/v2\/tags?post=226736"}],"curies":[{"name":"wp","href":"https:\/\/api.w.org\/{rel}","templated":true}]}}