{"id":226600,"date":"2024-06-17T11:30:00","date_gmt":"2024-06-17T09:30:00","guid":{"rendered":"https:\/\/www.tucomarca.com\/wordpress\/segunda\/?p=226600"},"modified":"2024-06-17T20:07:06","modified_gmt":"2024-06-17T18:07:06","slug":"fotogaleria-la-poeta-magdalena-s-blesa-ofereix-un-recital-a-bunyol-dins-dels-actes-del-50-aniversari-de-lassociacio-de-mestresses-de-casa-tyrius","status":"publish","type":"post","link":"https:\/\/tucomarca.whitekongsoftware.com\/ca\/fotogaleria-la-poeta-magdalena-s-blesa-ofereix-un-recital-a-bunyol-dins-dels-actes-del-50-aniversari-de-lassociacio-de-mestresses-de-casa-tyrius\/","title":{"rendered":"Fotogaler\u00eda: la poeta Magdalena S. Blesa ofereix un recital a Bunyol dins dels actes del 50 aniversari de l&#8217;Associaci\u00f3 de Mestresses de casa Tyrius"},"content":{"rendered":"\n<p class=\"wp-block-paragraph\">Dijous passat 13 de juny, la reconeguda poeta Magdalena S. Blesa va oferir un emotiu recital a Bunyol. Aquest esdeveniment es va emmarcar dins dels actes de celebraci\u00f3 del 50 aniversari de l&#8217;Associaci\u00f3 de Mestresses de casa Tyrius.<\/p>\n\n\n\n<p class=\"wp-block-paragraph\">L&#8217;esdeveniment literari, ple de sensibilitat i poesia, va reunir nombr\u00f3s p\u00fablic que va gaudir de les paraules i la pres\u00e8ncia de l&#8217;autora.<\/p>\n\n\n\n<p class=\"wp-block-paragraph\">Magdalena S. Blesa, amb el seu estil \u00fanic, va aconseguir connectar profundament amb el p\u00fablic, fent d&#8217;aquesta vetlada po\u00e8tica un moment especial per a totes les assistents.<\/p>\n\n\n\n<figure class=\"wp-block-gallery has-nested-images columns-1 is-cropped wp-block-gallery-1 is-layout-flex wp-block-gallery-is-layout-flex\">\n<figure class=\"wp-block-image size-large\"><img loading=\"lazy\" decoding=\"async\" width=\"886\" height=\"665\" data-id=\"226590\" src=\"https:\/\/www.tucomarca.com\/wordpress\/segunda\/wp-content\/uploads\/2024\/06\/BunolAmasPoeta04.jpg\" alt=\"\" class=\"wp-image-226590\" srcset=\"https:\/\/tucomarca.whitekongsoftware.com\/wp-content\/uploads\/2024\/06\/BunolAmasPoeta04.jpg 886w, https:\/\/tucomarca.whitekongsoftware.com\/wp-content\/uploads\/2024\/06\/BunolAmasPoeta04-300x225.jpg 300w, https:\/\/tucomarca.whitekongsoftware.com\/wp-content\/uploads\/2024\/06\/BunolAmasPoeta04-768x576.jpg 768w, https:\/\/tucomarca.whitekongsoftware.com\/wp-content\/uploads\/2024\/06\/BunolAmasPoeta04-678x509.jpg 678w, https:\/\/tucomarca.whitekongsoftware.com\/wp-content\/uploads\/2024\/06\/BunolAmasPoeta04-326x245.jpg 326w, https:\/\/tucomarca.whitekongsoftware.com\/wp-content\/uploads\/2024\/06\/BunolAmasPoeta04-80x60.jpg 80w\" sizes=\"auto, (max-width: 886px) 100vw, 886px\" \/><\/figure>\n\n\n\n<figure class=\"wp-block-image size-large\"><img loading=\"lazy\" decoding=\"async\" width=\"886\" height=\"665\" data-id=\"226596\" src=\"https:\/\/www.tucomarca.com\/wordpress\/segunda\/wp-content\/uploads\/2024\/06\/BunolAmasPoeta07.jpg\" alt=\"\" class=\"wp-image-226596\" srcset=\"https:\/\/tucomarca.whitekongsoftware.com\/wp-content\/uploads\/2024\/06\/BunolAmasPoeta07.jpg 886w, https:\/\/tucomarca.whitekongsoftware.com\/wp-content\/uploads\/2024\/06\/BunolAmasPoeta07-300x225.jpg 300w, https:\/\/tucomarca.whitekongsoftware.com\/wp-content\/uploads\/2024\/06\/BunolAmasPoeta07-768x576.jpg 768w, https:\/\/tucomarca.whitekongsoftware.com\/wp-content\/uploads\/2024\/06\/BunolAmasPoeta07-678x509.jpg 678w, https:\/\/tucomarca.whitekongsoftware.com\/wp-content\/uploads\/2024\/06\/BunolAmasPoeta07-326x245.jpg 326w, https:\/\/tucomarca.whitekongsoftware.com\/wp-content\/uploads\/2024\/06\/BunolAmasPoeta07-80x60.jpg 80w\" sizes=\"auto, (max-width: 886px) 100vw, 886px\" \/><\/figure>\n\n\n\n<figure class=\"wp-block-image size-large\"><img loading=\"lazy\" decoding=\"async\" width=\"886\" height=\"665\" data-id=\"226594\" src=\"https:\/\/www.tucomarca.com\/wordpress\/segunda\/wp-content\/uploads\/2024\/06\/BunolAmasPoeta06.jpg\" alt=\"\" class=\"wp-image-226594\" srcset=\"https:\/\/tucomarca.whitekongsoftware.com\/wp-content\/uploads\/2024\/06\/BunolAmasPoeta06.jpg 886w, https:\/\/tucomarca.whitekongsoftware.com\/wp-content\/uploads\/2024\/06\/BunolAmasPoeta06-300x225.jpg 300w, https:\/\/tucomarca.whitekongsoftware.com\/wp-content\/uploads\/2024\/06\/BunolAmasPoeta06-768x576.jpg 768w, https:\/\/tucomarca.whitekongsoftware.com\/wp-content\/uploads\/2024\/06\/BunolAmasPoeta06-678x509.jpg 678w, https:\/\/tucomarca.whitekongsoftware.com\/wp-content\/uploads\/2024\/06\/BunolAmasPoeta06-326x245.jpg 326w, https:\/\/tucomarca.whitekongsoftware.com\/wp-content\/uploads\/2024\/06\/BunolAmasPoeta06-80x60.jpg 80w\" sizes=\"auto, (max-width: 886px) 100vw, 886px\" \/><\/figure>\n\n\n\n<figure class=\"wp-block-image size-large\"><img loading=\"lazy\" decoding=\"async\" width=\"886\" height=\"665\" data-id=\"226592\" src=\"https:\/\/www.tucomarca.com\/wordpress\/segunda\/wp-content\/uploads\/2024\/06\/BunolAmasPoeta05.jpg\" alt=\"\" class=\"wp-image-226592\" srcset=\"https:\/\/tucomarca.whitekongsoftware.com\/wp-content\/uploads\/2024\/06\/BunolAmasPoeta05.jpg 886w, https:\/\/tucomarca.whitekongsoftware.com\/wp-content\/uploads\/2024\/06\/BunolAmasPoeta05-300x225.jpg 300w, https:\/\/tucomarca.whitekongsoftware.com\/wp-content\/uploads\/2024\/06\/BunolAmasPoeta05-768x576.jpg 768w, https:\/\/tucomarca.whitekongsoftware.com\/wp-content\/uploads\/2024\/06\/BunolAmasPoeta05-678x509.jpg 678w, https:\/\/tucomarca.whitekongsoftware.com\/wp-content\/uploads\/2024\/06\/BunolAmasPoeta05-326x245.jpg 326w, https:\/\/tucomarca.whitekongsoftware.com\/wp-content\/uploads\/2024\/06\/BunolAmasPoeta05-80x60.jpg 80w\" sizes=\"auto, (max-width: 886px) 100vw, 886px\" \/><\/figure>\n\n\n\n<figure class=\"wp-block-image size-large\"><img loading=\"lazy\" decoding=\"async\" width=\"886\" height=\"623\" data-id=\"226586\" src=\"https:\/\/www.tucomarca.com\/wordpress\/segunda\/wp-content\/uploads\/2024\/06\/BunolAmasPoeta02.jpg\" alt=\"\" class=\"wp-image-226586\" srcset=\"https:\/\/tucomarca.whitekongsoftware.com\/wp-content\/uploads\/2024\/06\/BunolAmasPoeta02.jpg 886w, https:\/\/tucomarca.whitekongsoftware.com\/wp-content\/uploads\/2024\/06\/BunolAmasPoeta02-300x211.jpg 300w, https:\/\/tucomarca.whitekongsoftware.com\/wp-content\/uploads\/2024\/06\/BunolAmasPoeta02-768x540.jpg 768w\" sizes=\"auto, (max-width: 886px) 100vw, 886px\" \/><\/figure>\n\n\n\n<figure class=\"wp-block-image size-large\"><img loading=\"lazy\" decoding=\"async\" width=\"886\" height=\"628\" data-id=\"226584\" src=\"https:\/\/www.tucomarca.com\/wordpress\/segunda\/wp-content\/uploads\/2024\/06\/BunolAmasPoeta01.jpg\" alt=\"\" class=\"wp-image-226584\" srcset=\"https:\/\/tucomarca.whitekongsoftware.com\/wp-content\/uploads\/2024\/06\/BunolAmasPoeta01.jpg 886w, https:\/\/tucomarca.whitekongsoftware.com\/wp-content\/uploads\/2024\/06\/BunolAmasPoeta01-300x213.jpg 300w, https:\/\/tucomarca.whitekongsoftware.com\/wp-content\/uploads\/2024\/06\/BunolAmasPoeta01-768x544.jpg 768w\" sizes=\"auto, (max-width: 886px) 100vw, 886px\" \/><\/figure>\n<\/figure>\n","protected":false},"excerpt":{"rendered":"<div class=\"mh-excerpt\">Dijous passat 13 de juny, la reconeguda poeta Magdalena S. Blesa va oferir un emotiu recital a Bunyol. Aquest esdeveniment es va emmarcar dins dels actes de celebraci\u00f3 del 50 aniversari de l&#8217;Associaci\u00f3 de Mestresses <a class=\"mh-excerpt-more\" href=\"https:\/\/tucomarca.whitekongsoftware.com\/ca\/fotogaleria-la-poeta-magdalena-s-blesa-ofereix-un-recital-a-bunyol-dins-dels-actes-del-50-aniversari-de-lassociacio-de-mestresses-de-casa-tyrius\/\" title=\"Fotogaler\u00eda: la poeta Magdalena S. Blesa ofereix un recital a Bunyol dins dels actes del 50 aniversari de l&#8217;Associaci\u00f3 de Mestresses de casa Tyrius\">[+] <\/a><\/div>\n","protected":false},"author":12,"featured_media":226598,"comment_status":"open","ping_status":"open","sticky":false,"template":"","format":"gallery","meta":{"footnotes":""},"categories":[10911,10894,10912,11007,10896],"tags":[20833,10913,10914,20834],"class_list":["post-226600","post","type-post","status-publish","format-gallery","has-post-thumbnail","category-bunol-ca","category-la-comarca-ca","category-la-hoya-ca","category-ocio-y-cultura-ca","category-seccion-ca","tag-asociacion-de-amas-de-casa-tyrius-ca","tag-bunol-ca","tag-la-hoya-de-bunol-chiva-ca","tag-magdalena-s-blesa-ca","post_format-post-format-gallery"],"_links":{"self":[{"href":"https:\/\/tucomarca.whitekongsoftware.com\/ca\/wp-json\/wp\/v2\/posts\/226600","targetHints":{"allow":["GET"]}}],"collection":[{"href":"https:\/\/tucomarca.whitekongsoftware.com\/ca\/wp-json\/wp\/v2\/posts"}],"about":[{"href":"https:\/\/tucomarca.whitekongsoftware.com\/ca\/wp-json\/wp\/v2\/types\/post"}],"author":[{"embeddable":true,"href":"https:\/\/tucomarca.whitekongsoftware.com\/ca\/wp-json\/wp\/v2\/users\/12"}],"replies":[{"embeddable":true,"href":"https:\/\/tucomarca.whitekongsoftware.com\/ca\/wp-json\/wp\/v2\/comments?post=226600"}],"version-history":[{"count":0,"href":"https:\/\/tucomarca.whitekongsoftware.com\/ca\/wp-json\/wp\/v2\/posts\/226600\/revisions"}],"wp:featuredmedia":[{"embeddable":true,"href":"https:\/\/tucomarca.whitekongsoftware.com\/ca\/wp-json\/wp\/v2\/media\/226598"}],"wp:attachment":[{"href":"https:\/\/tucomarca.whitekongsoftware.com\/ca\/wp-json\/wp\/v2\/media?parent=226600"}],"wp:term":[{"taxonomy":"category","embeddable":true,"href":"https:\/\/tucomarca.whitekongsoftware.com\/ca\/wp-json\/wp\/v2\/categories?post=226600"},{"taxonomy":"post_tag","embeddable":true,"href":"https:\/\/tucomarca.whitekongsoftware.com\/ca\/wp-json\/wp\/v2\/tags?post=226600"}],"curies":[{"name":"wp","href":"https:\/\/api.w.org\/{rel}","templated":true}]}}