{"id":226473,"date":"2024-06-15T12:00:00","date_gmt":"2024-06-15T10:00:00","guid":{"rendered":"https:\/\/www.tucomarca.com\/wordpress\/segunda\/?p=226473"},"modified":"2024-06-16T21:13:18","modified_gmt":"2024-06-16T19:13:18","slug":"la-diputacio-de-valencia-impulsara-els-negocis-dhostaleria-en-municipis-despoblats","status":"publish","type":"post","link":"https:\/\/tucomarca.whitekongsoftware.com\/ca\/la-diputacio-de-valencia-impulsara-els-negocis-dhostaleria-en-municipis-despoblats\/","title":{"rendered":"La Diputaci\u00f3 de Val\u00e8ncia impulsar\u00e0 els negocis d&#8217;hostaleria en municipis despoblats"},"content":{"rendered":"\n<h3 class=\"wp-block-heading\">Mitjan\u00e7ant un conveni amb el Centre Europeu d&#8217;Empreses i Innovaci\u00f3 &#8211; CEEI Val\u00e8ncia, experts en desenvolupament empresarial acompanyaran a emprenedors per a desenvolupar les seues idees de negoci o acompanyar-los en un trasp\u00e0s d&#8217;hostaleria en territoris rurals.<\/h3>\n\n\n\n<h3 class=\"wp-block-heading\">El diputat de Desenvolupament Rural, destaca &#8220;el valor dels bars als pobles com a punts de trobada dels ve\u00efns, essencials en la vida social de les persones&#8221;.<\/h3>\n\n\n\n<p class=\"wp-block-paragraph\">La Diputaci\u00f3 de Val\u00e8ncia, a trav\u00e9s del Centre Europeu d&#8217;Empreses i Innovaci\u00f3 de Val\u00e8ncia (CEEI Val\u00e8ncia), ha iniciat un programa dirigit a establiments d&#8217;hostaleria o activitats relacionades amb el turisme rural, en les quals assessorar\u00e0 i acompanyar\u00e0 a persones emprenedores disposades a emprendre un negoci des de zero o accedir a un trasp\u00e0s d&#8217;un establiment ja existent.<\/p>\n\n\n\n<p class=\"wp-block-paragraph\">El diputat de Desenvolupament Rural, Avelino Mascarell, explica que &#8220;este programa va molt m\u00e9s enll\u00e0 de dinamitzar les economies dels pobles: el focus \u00e9s fer-ho promovent tamb\u00e9 la vida cultural, social i emocional dels municipis&#8221;, i aclarix que el programa &#8220;abasta tant propostes que encara no han sigut desenvolupades com startups que desitgen afermar el seu negoci i establir la seua estrat\u00e8gia de creixement&#8221;.<\/p>\n\n\n\n<p class=\"wp-block-paragraph\">En este sentit, Mascarell opina que &#8220;els bars als pobles d&#8217;interior transcendixen a l&#8217;hostaleria: s\u00f3n el cor de la comunitat i, a vegades, la nostra millor ferramenta per a lluitar contra la soledat i, al mateix temps, crear atractiu en l&#8217;\u00e0mbit tur\u00edstic i inversions immobili\u00e0ries\u201d.<\/p>\n\n\n\n<p class=\"wp-block-paragraph\">Per part seua, el CEO de CEEI Val\u00e8ncia, Ram\u00f3n Ferrandis, afirma: \u201cl&#8217;objectiu del CEEI \u00e9s millorar la societat donant les ferramentes necess\u00e0ries a empreses que tindran un impacte positiu. Amb este programa pretenem acompanyar als projectes rurals perqu\u00e8 es convertisquen en un element vertebrador i propulsor d&#8217;estos territoris&#8221;.<\/p>\n\n\n\n<p class=\"wp-block-paragraph\"><strong>Acompanyament i mentoritzaci\u00f3<\/strong><\/p>\n\n\n\n<p class=\"wp-block-paragraph\">Baix la denominaci\u00f3 &#8216;Mentoring Horeca&#8217; (Hostaleria-Restauraci\u00f3-Cafeteries) el programa Mentoria Rural en Hostaleria, el qual compta tamb\u00e9 amb l&#8217;assessorament de la Federaci\u00f3 Empresarial d&#8217;Hostaleria de Val\u00e8ncia, experts del CEEI ajudaran a emprenedors des de la idea inicial de negoci fins a la seua implantaci\u00f3 i seguiment; aix\u00ed com aquells que vulguen accedir al trasp\u00e0s d&#8217;un establiment ja existent.<\/p>\n\n\n\n<p class=\"wp-block-paragraph\">Un altre dels aspectes clau del programa impulsat per la Diputaci\u00f3 de Val\u00e8ncia \u00e9s l&#8217;an\u00e0lisi i la informaci\u00f3 de les ajudes i subvencions m\u00e9s adequades per als projectes, promovent aix\u00ed l&#8217;acc\u00e9s a finan\u00e7ament que ajude a la seua implantaci\u00f3 real.<\/p>\n\n\n\n<p class=\"wp-block-paragraph\">Mentoring Horeca, el termini d&#8217;inscripci\u00f3 del qual ja est\u00e0 obert, desenvolupar\u00e0 les seues activitats en format en l\u00ednia, amb l&#8217;objectiu facilitar l&#8217;adhesi\u00f3 de les persones benefici\u00e0ries des de qualsevol punt del territori.<\/p>\n\n\n\n<p class=\"wp-block-paragraph\">&#8220;Esta mentoria est\u00e0 en la l\u00ednia del projecte Reactivem, la plataforma digital que juntament amb l&#8217;Ajuntament de Val\u00e8ncia connectar\u00e0 emprenedors urbanites amb oportunitats de trasp\u00e0s en zones despoblades, i en coordinaci\u00f3 amb els programes de revitalitzaci\u00f3 socioecon\u00f2mica que aborden el com, quan, el qui i l&#8217;on. En definitiva, un 360 en impuls dins de les compet\u00e8ncies de la Diputaci\u00f3&#8221;, conclou Avelino Mascarell.<\/p>\n","protected":false},"excerpt":{"rendered":"<div class=\"mh-excerpt\">Mitjan\u00e7ant un conveni amb el Centre Europeu d&#8217;Empreses i Innovaci\u00f3 &#8211; CEEI Val\u00e8ncia, experts en desenvolupament empresarial acompanyaran a emprenedors per a desenvolupar les seues idees de negoci o acompanyar-los en un trasp\u00e0s d&#8217;hostaleria en <a class=\"mh-excerpt-more\" href=\"https:\/\/tucomarca.whitekongsoftware.com\/ca\/la-diputacio-de-valencia-impulsara-els-negocis-dhostaleria-en-municipis-despoblats\/\" title=\"La Diputaci\u00f3 de Val\u00e8ncia impulsar\u00e0 els negocis d&#8217;hostaleria en municipis despoblats\">[+] <\/a><\/div>\n","protected":false},"author":12,"featured_media":226471,"comment_status":"open","ping_status":"open","sticky":false,"template":"","format":"standard","meta":{"footnotes":""},"categories":[10898,10948,10894,10904,10947,10896],"tags":[12370,11246],"class_list":["post-226473","post","type-post","status-publish","format-standard","has-post-thumbnail","category-ventana-ca","category-infraestructuras-ca","category-la-comarca-ca","category-sin-categorizar-ca","category-politica","category-seccion-ca","tag-ceei-ca","tag-diputacio-de-valencia-ca"],"_links":{"self":[{"href":"https:\/\/tucomarca.whitekongsoftware.com\/ca\/wp-json\/wp\/v2\/posts\/226473","targetHints":{"allow":["GET"]}}],"collection":[{"href":"https:\/\/tucomarca.whitekongsoftware.com\/ca\/wp-json\/wp\/v2\/posts"}],"about":[{"href":"https:\/\/tucomarca.whitekongsoftware.com\/ca\/wp-json\/wp\/v2\/types\/post"}],"author":[{"embeddable":true,"href":"https:\/\/tucomarca.whitekongsoftware.com\/ca\/wp-json\/wp\/v2\/users\/12"}],"replies":[{"embeddable":true,"href":"https:\/\/tucomarca.whitekongsoftware.com\/ca\/wp-json\/wp\/v2\/comments?post=226473"}],"version-history":[{"count":0,"href":"https:\/\/tucomarca.whitekongsoftware.com\/ca\/wp-json\/wp\/v2\/posts\/226473\/revisions"}],"wp:featuredmedia":[{"embeddable":true,"href":"https:\/\/tucomarca.whitekongsoftware.com\/ca\/wp-json\/wp\/v2\/media\/226471"}],"wp:attachment":[{"href":"https:\/\/tucomarca.whitekongsoftware.com\/ca\/wp-json\/wp\/v2\/media?parent=226473"}],"wp:term":[{"taxonomy":"category","embeddable":true,"href":"https:\/\/tucomarca.whitekongsoftware.com\/ca\/wp-json\/wp\/v2\/categories?post=226473"},{"taxonomy":"post_tag","embeddable":true,"href":"https:\/\/tucomarca.whitekongsoftware.com\/ca\/wp-json\/wp\/v2\/tags?post=226473"}],"curies":[{"name":"wp","href":"https:\/\/api.w.org\/{rel}","templated":true}]}}