{"id":226455,"date":"2024-06-14T10:00:00","date_gmt":"2024-06-14T08:00:00","guid":{"rendered":"https:\/\/www.tucomarca.com\/wordpress\/segunda\/?p=226455"},"modified":"2024-06-14T14:02:51","modified_gmt":"2024-06-14T12:02:51","slug":"bunyol-homenatja-a-victor-sanchis-posant-li-el-seu-nom-a-la-pista-de-tenis-numero-3-del-poliesportiu-municipal","status":"publish","type":"post","link":"https:\/\/tucomarca.whitekongsoftware.com\/ca\/bunyol-homenatja-a-victor-sanchis-posant-li-el-seu-nom-a-la-pista-de-tenis-numero-3-del-poliesportiu-municipal\/","title":{"rendered":"Bunyol homenatja a V\u00edctor Sanch\u00eds posant-li el seu nom a la pista de tenis n\u00famero 3 del poliesportiu municipal"},"content":{"rendered":"\n<p class=\"wp-block-paragraph\">L&#8217;Ajuntament de Bunyol ha retut homenatge al farmac\u00e8utic V\u00edctor Sanch\u00eds, fundador del club de tenis de Bunyol i mort el mes de novembre passat, posant-li el seu nom a la pista de tenis n\u00famero 3 del poliesportiu municipal de Bunyol.<\/p>\n\n\n\n<p class=\"wp-block-paragraph\">A l&#8217;acte d&#8217;homenatge ha assistit l&#8217;alcaldessa de Bunyol, Virg\u00ednia Sanz; el regidor d&#8217;Esports, Ulisses Ara\u00fajo; al costat de membres de la corporaci\u00f3 municipal, aix\u00ed com els membres del club de tenis del qual Victor Sanch\u00eds era soci n\u00famero 1. En el sentit homenatge, la seua esposa i fills, al costat del president del club, Sergio Herrero, van descobrir una placa en el seu homenatge que ara llueix la pista de tenis.<\/p>\n\n\n\n<p class=\"wp-block-paragraph\">Sergio Herrero va destacar la qualitat esportiva i humana de V\u00edctor i va agrair en nom de la fam\u00edlia el reconeixement que, segons les seues paraules, \u00abV\u00edctor es va guanyar amb escreix\u00bb, aix\u00ed com la sentida dedicat\u00f2ria: \u00abara aquesta \u00e9s la teua pista, ja ens veurem\u00bb. El seu fill, com a portaveu de la fam\u00edlia Sanch\u00eds Esquerre, va tindre unes emotives paraules per al seu pare i va agrair aquesta iniciativa del club i del consistori.<\/p>\n\n\n\n<p class=\"wp-block-paragraph\">La pista va ser inaugurada amb un servei d&#8217;honor per part del cunyat i del nebot del mort.<\/p>\n\n\n\n<figure class=\"wp-block-gallery has-nested-images columns-2 is-cropped wp-block-gallery-1 is-layout-flex wp-block-gallery-is-layout-flex\">\n<figure class=\"wp-block-image size-large\"><img loading=\"lazy\" decoding=\"async\" width=\"945\" height=\"630\" data-id=\"226436\" src=\"https:\/\/www.tucomarca.com\/wordpress\/segunda\/wp-content\/uploads\/2024\/06\/PistaTenisVictor03.jpg\" alt=\"\" class=\"wp-image-226436\" srcset=\"https:\/\/tucomarca.whitekongsoftware.com\/wp-content\/uploads\/2024\/06\/PistaTenisVictor03.jpg 945w, https:\/\/tucomarca.whitekongsoftware.com\/wp-content\/uploads\/2024\/06\/PistaTenisVictor03-300x200.jpg 300w, https:\/\/tucomarca.whitekongsoftware.com\/wp-content\/uploads\/2024\/06\/PistaTenisVictor03-768x512.jpg 768w\" sizes=\"auto, (max-width: 945px) 100vw, 945px\" \/><\/figure>\n\n\n\n<figure class=\"wp-block-image size-large\"><img loading=\"lazy\" decoding=\"async\" width=\"945\" height=\"630\" data-id=\"226434\" src=\"https:\/\/www.tucomarca.com\/wordpress\/segunda\/wp-content\/uploads\/2024\/06\/PistaTenisVictor02.jpg\" alt=\"\" class=\"wp-image-226434\" srcset=\"https:\/\/tucomarca.whitekongsoftware.com\/wp-content\/uploads\/2024\/06\/PistaTenisVictor02.jpg 945w, https:\/\/tucomarca.whitekongsoftware.com\/wp-content\/uploads\/2024\/06\/PistaTenisVictor02-300x200.jpg 300w, https:\/\/tucomarca.whitekongsoftware.com\/wp-content\/uploads\/2024\/06\/PistaTenisVictor02-768x512.jpg 768w\" sizes=\"auto, (max-width: 945px) 100vw, 945px\" \/><\/figure>\n\n\n\n<figure class=\"wp-block-image size-large\"><img loading=\"lazy\" decoding=\"async\" width=\"945\" height=\"630\" data-id=\"226444\" src=\"https:\/\/www.tucomarca.com\/wordpress\/segunda\/wp-content\/uploads\/2024\/06\/PistaTenisVictor07.jpg\" alt=\"\" class=\"wp-image-226444\" srcset=\"https:\/\/tucomarca.whitekongsoftware.com\/wp-content\/uploads\/2024\/06\/PistaTenisVictor07.jpg 945w, https:\/\/tucomarca.whitekongsoftware.com\/wp-content\/uploads\/2024\/06\/PistaTenisVictor07-300x200.jpg 300w, https:\/\/tucomarca.whitekongsoftware.com\/wp-content\/uploads\/2024\/06\/PistaTenisVictor07-768x512.jpg 768w\" sizes=\"auto, (max-width: 945px) 100vw, 945px\" \/><\/figure>\n\n\n\n<figure class=\"wp-block-image size-large\"><img loading=\"lazy\" decoding=\"async\" width=\"945\" height=\"630\" data-id=\"226446\" src=\"https:\/\/www.tucomarca.com\/wordpress\/segunda\/wp-content\/uploads\/2024\/06\/PistaTenisVictor08.jpg\" alt=\"\" class=\"wp-image-226446\" srcset=\"https:\/\/tucomarca.whitekongsoftware.com\/wp-content\/uploads\/2024\/06\/PistaTenisVictor08.jpg 945w, https:\/\/tucomarca.whitekongsoftware.com\/wp-content\/uploads\/2024\/06\/PistaTenisVictor08-300x200.jpg 300w, https:\/\/tucomarca.whitekongsoftware.com\/wp-content\/uploads\/2024\/06\/PistaTenisVictor08-768x512.jpg 768w\" sizes=\"auto, (max-width: 945px) 100vw, 945px\" \/><\/figure>\n\n\n\n<figure class=\"wp-block-image size-large\"><img loading=\"lazy\" decoding=\"async\" width=\"945\" height=\"630\" data-id=\"226438\" src=\"https:\/\/www.tucomarca.com\/wordpress\/segunda\/wp-content\/uploads\/2024\/06\/PistaTenisVictor04.jpg\" alt=\"\" class=\"wp-image-226438\" srcset=\"https:\/\/tucomarca.whitekongsoftware.com\/wp-content\/uploads\/2024\/06\/PistaTenisVictor04.jpg 945w, https:\/\/tucomarca.whitekongsoftware.com\/wp-content\/uploads\/2024\/06\/PistaTenisVictor04-300x200.jpg 300w, https:\/\/tucomarca.whitekongsoftware.com\/wp-content\/uploads\/2024\/06\/PistaTenisVictor04-768x512.jpg 768w\" sizes=\"auto, (max-width: 945px) 100vw, 945px\" \/><\/figure>\n\n\n\n<figure class=\"wp-block-image size-large\"><img loading=\"lazy\" decoding=\"async\" width=\"945\" height=\"630\" data-id=\"226442\" src=\"https:\/\/www.tucomarca.com\/wordpress\/segunda\/wp-content\/uploads\/2024\/06\/PistaTenisVictor06.jpg\" alt=\"\" class=\"wp-image-226442\" srcset=\"https:\/\/tucomarca.whitekongsoftware.com\/wp-content\/uploads\/2024\/06\/PistaTenisVictor06.jpg 945w, https:\/\/tucomarca.whitekongsoftware.com\/wp-content\/uploads\/2024\/06\/PistaTenisVictor06-300x200.jpg 300w, https:\/\/tucomarca.whitekongsoftware.com\/wp-content\/uploads\/2024\/06\/PistaTenisVictor06-768x512.jpg 768w\" sizes=\"auto, (max-width: 945px) 100vw, 945px\" \/><\/figure>\n\n\n\n<figure class=\"wp-block-image size-large\"><img loading=\"lazy\" decoding=\"async\" width=\"945\" height=\"630\" data-id=\"226440\" src=\"https:\/\/www.tucomarca.com\/wordpress\/segunda\/wp-content\/uploads\/2024\/06\/PistaTenisVictor05.jpg\" alt=\"\" class=\"wp-image-226440\" srcset=\"https:\/\/tucomarca.whitekongsoftware.com\/wp-content\/uploads\/2024\/06\/PistaTenisVictor05.jpg 945w, https:\/\/tucomarca.whitekongsoftware.com\/wp-content\/uploads\/2024\/06\/PistaTenisVictor05-300x200.jpg 300w, https:\/\/tucomarca.whitekongsoftware.com\/wp-content\/uploads\/2024\/06\/PistaTenisVictor05-768x512.jpg 768w\" sizes=\"auto, (max-width: 945px) 100vw, 945px\" \/><\/figure>\n<\/figure>\n","protected":false},"excerpt":{"rendered":"<div class=\"mh-excerpt\">L&#8217;Ajuntament de Bunyol ha retut homenatge al farmac\u00e8utic V\u00edctor Sanch\u00eds, fundador del club de tenis de Bunyol i mort el mes de novembre passat, posant-li el seu nom a la pista de tenis n\u00famero 3 <a class=\"mh-excerpt-more\" href=\"https:\/\/tucomarca.whitekongsoftware.com\/ca\/bunyol-homenatja-a-victor-sanchis-posant-li-el-seu-nom-a-la-pista-de-tenis-numero-3-del-poliesportiu-municipal\/\" title=\"Bunyol homenatja a V\u00edctor Sanch\u00eds posant-li el seu nom a la pista de tenis n\u00famero 3 del poliesportiu municipal\">[+] <\/a><\/div>\n","protected":false},"author":12,"featured_media":226433,"comment_status":"open","ping_status":"open","sticky":false,"template":"","format":"gallery","meta":{"footnotes":""},"categories":[10911,11003,10894,10912,11009,10896],"tags":[10913,20825,10914],"class_list":["post-226455","post","type-post","status-publish","format-gallery","has-post-thumbnail","category-bunol-ca","category-sports","category-la-comarca-ca","category-la-hoya-ca","category-polideportivo-ca","category-seccion-ca","tag-bunol-ca","tag-club-de-tenis-bunol-ca","tag-la-hoya-de-bunol-chiva-ca","post_format-post-format-gallery"],"_links":{"self":[{"href":"https:\/\/tucomarca.whitekongsoftware.com\/ca\/wp-json\/wp\/v2\/posts\/226455","targetHints":{"allow":["GET"]}}],"collection":[{"href":"https:\/\/tucomarca.whitekongsoftware.com\/ca\/wp-json\/wp\/v2\/posts"}],"about":[{"href":"https:\/\/tucomarca.whitekongsoftware.com\/ca\/wp-json\/wp\/v2\/types\/post"}],"author":[{"embeddable":true,"href":"https:\/\/tucomarca.whitekongsoftware.com\/ca\/wp-json\/wp\/v2\/users\/12"}],"replies":[{"embeddable":true,"href":"https:\/\/tucomarca.whitekongsoftware.com\/ca\/wp-json\/wp\/v2\/comments?post=226455"}],"version-history":[{"count":0,"href":"https:\/\/tucomarca.whitekongsoftware.com\/ca\/wp-json\/wp\/v2\/posts\/226455\/revisions"}],"wp:featuredmedia":[{"embeddable":true,"href":"https:\/\/tucomarca.whitekongsoftware.com\/ca\/wp-json\/wp\/v2\/media\/226433"}],"wp:attachment":[{"href":"https:\/\/tucomarca.whitekongsoftware.com\/ca\/wp-json\/wp\/v2\/media?parent=226455"}],"wp:term":[{"taxonomy":"category","embeddable":true,"href":"https:\/\/tucomarca.whitekongsoftware.com\/ca\/wp-json\/wp\/v2\/categories?post=226455"},{"taxonomy":"post_tag","embeddable":true,"href":"https:\/\/tucomarca.whitekongsoftware.com\/ca\/wp-json\/wp\/v2\/tags?post=226455"}],"curies":[{"name":"wp","href":"https:\/\/api.w.org\/{rel}","templated":true}]}}