{"id":226344,"date":"2024-06-13T19:00:00","date_gmt":"2024-06-13T17:00:00","guid":{"rendered":"https:\/\/www.tucomarca.com\/wordpress\/segunda\/?p=226344"},"modified":"2024-06-13T19:43:27","modified_gmt":"2024-06-13T17:43:27","slug":"natalia-enguix-subratlla-la-historica-coalicio-entre-espanya-i-franca-en-defensa-de-la-democracia-i-contra-els-totalitarismes","status":"publish","type":"post","link":"https:\/\/tucomarca.whitekongsoftware.com\/ca\/natalia-enguix-subratlla-la-historica-coalicio-entre-espanya-i-franca-en-defensa-de-la-democracia-i-contra-els-totalitarismes\/","title":{"rendered":"Natalia Enguix subratlla la hist\u00f2rica coalici\u00f3 entre Espanya i Fran\u00e7a en defensa de la democr\u00e0cia i contra els totalitarismes"},"content":{"rendered":"\n<h3 class=\"wp-block-heading\">La vicepresidenta primera de la Diputaci\u00f3 de Val\u00e8ncia, Nat\u00e0lia Enguix, participa en les jornades organitzades per la Delegaci\u00f3 de Mem\u00f2ria Democr\u00e0tica juntament amb l&#8217;Institut Franc\u00e9s i la Fundaci\u00f3 SGAE.<\/h3>\n\n\n\n<h3 class=\"wp-block-heading\">Dos confer\u00e8ncies de la periodista i escriptora Evelyn Mesquida i la professora de la UV Rita Rodr\u00edguez recorden l&#8217;exili espanyol en terres gal\u00b7les i la seua participaci\u00f3 en l&#8217;expulsi\u00f3 dels nazis de Par\u00eds.<\/h3>\n\n\n\n<p class=\"wp-block-paragraph\">\u201cMolts van ser els errors comesos pels dos pa\u00efsos, per descomptat, per\u00f2 ens hem de quedar amb eixe excedent ut\u00f2pic que va teoritzar el fil\u00f2sof Ernst Bloch i que d\u00e8cades despr\u00e9s va fer possible la democr\u00e0cia a Espanya, mentre a Fran\u00e7a va prendre la forma de la Resist\u00e8ncia per a expulsar al nazisme del seu pa\u00eds. Entre els espanyols que van passar a Fran\u00e7a i van decidir all\u00ed continuar lluitant contra el feixisme, fins a acabar alguns en els camps d&#8217;extermini dels nazis, hi havia una gran dosi d&#8217;eixe excedent democr\u00e0tic al qual ens refer\u00edem\u201d. En estos termes s&#8217;ha expressat la vicepresidenta primera de la Diputaci\u00f3 de Val\u00e8ncia i responsable de la delegaci\u00f3 de Mem\u00f2ria Democr\u00e0tica, Nat\u00e0lia Enguix, durant l&#8217;obertura de les jornades culturals denominades \u2018Espanya+Fran\u00e7a = democr\u00e0cia\u2019, amb les quals es pret\u00e9n homenatjar la coalici\u00f3 dels dos pobles en favor de la democr\u00e0cia, organitzades juntament amb l\u2019Institut Fran\u00e7ais i la Fundaci\u00f3 SGAE.<\/p>\n\n\n\n<p class=\"wp-block-paragraph\">La vicepresidenta ha intervingut just abans de les confer\u00e8ncies impartides per Rita Rodr\u00edguez, professora de la Universitat de Val\u00e8ncia, sobre Jorge Sempr\u00fan i el seu itinerari cap a la democr\u00e0cia; i la periodista i escriptora Evelyn Mesquida, sobre \u2018La 9\u2019, la m\u00edtica companyia formada per soldats espanyols que van contribuir a l&#8217;alliberament de Par\u00eds. Les dos confer\u00e8ncies han tingut lloc en el Sal\u00f3 de Reines de la Diputaci\u00f3, i tindran la seua culminaci\u00f3 el 20 de juny a les 18 hores amb un concert de Caf\u00e9snostalgie titulat \u2018C\u2019est si bon\u2019, amb m\u00fasica d\u2019Yves Montand.<\/p>\n\n\n\n<figure class=\"wp-block-image size-large\"><img loading=\"lazy\" decoding=\"async\" width=\"1024\" height=\"683\" src=\"http:\/\/www.tucomarca.com\/wordpress\/segunda\/wp-content\/uploads\/2024\/06\/NataliaEspanaFrancia2-1024x683.jpg\" alt=\"\" class=\"wp-image-226340\" srcset=\"https:\/\/tucomarca.whitekongsoftware.com\/wp-content\/uploads\/2024\/06\/NataliaEspanaFrancia2-1024x683.jpg 1024w, https:\/\/tucomarca.whitekongsoftware.com\/wp-content\/uploads\/2024\/06\/NataliaEspanaFrancia2-300x200.jpg 300w, https:\/\/tucomarca.whitekongsoftware.com\/wp-content\/uploads\/2024\/06\/NataliaEspanaFrancia2-768x512.jpg 768w, https:\/\/tucomarca.whitekongsoftware.com\/wp-content\/uploads\/2024\/06\/NataliaEspanaFrancia2-1536x1024.jpg 1536w, https:\/\/tucomarca.whitekongsoftware.com\/wp-content\/uploads\/2024\/06\/NataliaEspanaFrancia2-2048x1365.jpg 2048w\" sizes=\"auto, (max-width: 1024px) 100vw, 1024px\" \/><\/figure>\n\n\n\n<p class=\"wp-block-paragraph\">Segons ha afegit Enguix, \u201cla col\u00b7laboraci\u00f3 entre Espanya i Fran\u00e7a \u00e9s m\u00e9s necess\u00e0ria que mai, tamb\u00e9 pel que fa a la mem\u00f2ria democr\u00e0tica. Perqu\u00e8 s\u00f3n pa\u00efsos que tenen experi\u00e8ncies que subratllen el valor de la democr\u00e0cia i tamb\u00e9 perqu\u00e8 en l&#8217;actualitat han vist com s&#8217;expandixen opcions d&#8217;extrema dreta que posen en q\u00fcesti\u00f3 els valors de pluralitat i just\u00edcia que han de caracteritzar als pa\u00efsos occidentals\u201d.<\/p>\n\n\n\n<p class=\"wp-block-paragraph\">La delegaci\u00f3 de Mem\u00f2ria Democr\u00e0tica de la Diputaci\u00f3 de Val\u00e8ncia \u201ct\u00e9 la convicci\u00f3 de treballar la hist\u00f2ria amb una perspectiva de futur. Des de l&#8217;educaci\u00f3, des del respecte, des del coneixement. Per\u00f2 sempre pensant en la utilitat d&#8217;all\u00f2 que les nostres generacions passades van viure o van patir i que nosaltres hem d&#8217;aprendre. No podem viure les nostres realitats de forma ad\u00e0nica. Perqu\u00e8 molts van ser els sacrificis que algunes i alguns van fer i hem de caminar sent respectuosos i agra\u00efts per eixos sacrificis, aprofitant el que van fer, renovant les seues lluites\u201d.<\/p>\n\n\n\n<p class=\"wp-block-paragraph\">Per part seua, Evelyn Mesquida ha destacat \u201cel paper fonamental que va jugar \u2018La 9\u2019 en l&#8217;alliberament de Par\u00eds, arribant fins al niu d&#8217;\u00e0guiles de Hitler, i el dels republicans en general que van prendre part en la Segona Guerra Mundial\u201d. En la primera de les confer\u00e8ncies, la professora Rita Rodr\u00edguez ha reivindicat a Jorge Sempr\u00fan com a \u201cguia d\u2019un recorregut per tot el segle XX, amb les seues mis\u00e8ries i la seua esplendor\u201d, al mateix temps que ha situat a l&#8217;escriptor com a figura rellevant de la democr\u00e0cia tant espanyola com europea.<\/p>\n","protected":false},"excerpt":{"rendered":"<div class=\"mh-excerpt\">La vicepresidenta primera de la Diputaci\u00f3 de Val\u00e8ncia, Nat\u00e0lia Enguix, participa en les jornades organitzades per la Delegaci\u00f3 de Mem\u00f2ria Democr\u00e0tica juntament amb l&#8217;Institut Franc\u00e9s i la Fundaci\u00f3 SGAE. Dos confer\u00e8ncies de la periodista i <a class=\"mh-excerpt-more\" href=\"https:\/\/tucomarca.whitekongsoftware.com\/ca\/natalia-enguix-subratlla-la-historica-coalicio-entre-espanya-i-franca-en-defensa-de-la-democracia-i-contra-els-totalitarismes\/\" title=\"Natalia Enguix subratlla la hist\u00f2rica coalici\u00f3 entre Espanya i Fran\u00e7a en defensa de la democr\u00e0cia i contra els totalitarismes\">[+] <\/a><\/div>\n","protected":false},"author":1,"featured_media":226339,"comment_status":"open","ping_status":"open","sticky":false,"template":"","format":"standard","meta":{"footnotes":""},"categories":[20600,10898,10948,10894,10904,20456,10947,10896],"tags":[11246,11199,16620,20262],"class_list":["post-226344","post","type-post","status-publish","format-standard","has-post-thumbnail","category-area-memoria-democratica-ca","category-ventana-ca","category-infraestructuras-ca","category-la-comarca-ca","category-sin-categorizar-ca","category-la-diputacio-de-valencia-informa-ca","category-politica","category-seccion-ca","tag-diputacio-de-valencia-ca","tag-la-comunitat-ca","tag-memoria-democratica-ca","tag-natalia-enguix-ca"],"_links":{"self":[{"href":"https:\/\/tucomarca.whitekongsoftware.com\/ca\/wp-json\/wp\/v2\/posts\/226344","targetHints":{"allow":["GET"]}}],"collection":[{"href":"https:\/\/tucomarca.whitekongsoftware.com\/ca\/wp-json\/wp\/v2\/posts"}],"about":[{"href":"https:\/\/tucomarca.whitekongsoftware.com\/ca\/wp-json\/wp\/v2\/types\/post"}],"author":[{"embeddable":true,"href":"https:\/\/tucomarca.whitekongsoftware.com\/ca\/wp-json\/wp\/v2\/users\/1"}],"replies":[{"embeddable":true,"href":"https:\/\/tucomarca.whitekongsoftware.com\/ca\/wp-json\/wp\/v2\/comments?post=226344"}],"version-history":[{"count":0,"href":"https:\/\/tucomarca.whitekongsoftware.com\/ca\/wp-json\/wp\/v2\/posts\/226344\/revisions"}],"wp:featuredmedia":[{"embeddable":true,"href":"https:\/\/tucomarca.whitekongsoftware.com\/ca\/wp-json\/wp\/v2\/media\/226339"}],"wp:attachment":[{"href":"https:\/\/tucomarca.whitekongsoftware.com\/ca\/wp-json\/wp\/v2\/media?parent=226344"}],"wp:term":[{"taxonomy":"category","embeddable":true,"href":"https:\/\/tucomarca.whitekongsoftware.com\/ca\/wp-json\/wp\/v2\/categories?post=226344"},{"taxonomy":"post_tag","embeddable":true,"href":"https:\/\/tucomarca.whitekongsoftware.com\/ca\/wp-json\/wp\/v2\/tags?post=226344"}],"curies":[{"name":"wp","href":"https:\/\/api.w.org\/{rel}","templated":true}]}}