{"id":226121,"date":"2024-06-11T17:00:00","date_gmt":"2024-06-11T15:00:00","guid":{"rendered":"https:\/\/www.tucomarca.com\/wordpress\/segunda\/?p=226121"},"modified":"2024-06-11T18:50:33","modified_gmt":"2024-06-11T16:50:33","slug":"una-persona-mor-i-quatre-resulten-ferides-en-laccident-entre-una-furgoneta-i-un-turisme-en-la-cv-470-en-el-terme-dutiel","status":"publish","type":"post","link":"https:\/\/tucomarca.whitekongsoftware.com\/ca\/una-persona-mor-i-quatre-resulten-ferides-en-laccident-entre-una-furgoneta-i-un-turisme-en-la-cv-470-en-el-terme-dutiel\/","title":{"rendered":"Una persona mor i quatre resulten ferides en l&#8217;accident entre una furgoneta i un turisme en la CV-470 en el terme d&#8217;Utiel"},"content":{"rendered":"\n<p class=\"wp-block-paragraph\">Un accident ocorregut aquest dimarts al migdia en la carretera CV-470 en el terme municipal d&#8217;Utiel entre una furgoneta i un turisme s&#8217;ha saldat amb una persona morta i quatre ferides.&nbsp;<\/p>\n\n\n\n<p class=\"wp-block-paragraph\">El mort \u00e9s un home de 60 anys d&#8217;edat mentre que els ferits, que han sigut traslladats a l&#8217;Hospital de Requena, s\u00f3n un menor de 17 anys d&#8217;edat, amb politraumatismes; una dona de 26 anys, amb contusi\u00f3 tor\u00e0cica; una altra dona de 46 anys amb marejos; i un home de 49 anys, tamb\u00e9 amb contusi\u00f3 tor\u00e0cica, segons fonts del Centre d&#8217;Informaci\u00f3 i Coordinaci\u00f3 d&#8217;Urg\u00e8ncies, que ha mobilitzat una unitat de SVB i una altra del SAMU per a atendre els accidentats.<\/p>\n","protected":false},"excerpt":{"rendered":"<div class=\"mh-excerpt\">Un accident ocorregut aquest dimarts al migdia en la carretera CV-470 en el terme municipal d&#8217;Utiel entre una furgoneta i un turisme s&#8217;ha saldat amb una persona morta i quatre ferides.&nbsp; El mort \u00e9s un <a class=\"mh-excerpt-more\" href=\"https:\/\/tucomarca.whitekongsoftware.com\/ca\/una-persona-mor-i-quatre-resulten-ferides-en-laccident-entre-una-furgoneta-i-un-turisme-en-la-cv-470-en-el-terme-dutiel\/\" title=\"Una persona mor i quatre resulten ferides en l&#8217;accident entre una furgoneta i un turisme en la CV-470 en el terme d&#8217;Utiel\">[+] <\/a><\/div>\n","protected":false},"author":1,"featured_media":212323,"comment_status":"open","ping_status":"open","sticky":false,"template":"","format":"standard","meta":{"footnotes":""},"categories":[10898,10948,10894,10904,10909,10896,10897,11059],"tags":[12448,17655,10910,11174],"class_list":["post-226121","post","type-post","status-publish","format-standard","has-post-thumbnail","category-ventana-ca","category-infraestructuras-ca","category-la-comarca-ca","category-sin-categorizar-ca","category-requena-utiel-ca","category-seccion-ca","category-sucesos-la-comarca-ca","category-utiel-ca","tag-accidente-ca","tag-fallecido-ca","tag-requena-utiel-ca","tag-utiel-ca"],"_links":{"self":[{"href":"https:\/\/tucomarca.whitekongsoftware.com\/ca\/wp-json\/wp\/v2\/posts\/226121","targetHints":{"allow":["GET"]}}],"collection":[{"href":"https:\/\/tucomarca.whitekongsoftware.com\/ca\/wp-json\/wp\/v2\/posts"}],"about":[{"href":"https:\/\/tucomarca.whitekongsoftware.com\/ca\/wp-json\/wp\/v2\/types\/post"}],"author":[{"embeddable":true,"href":"https:\/\/tucomarca.whitekongsoftware.com\/ca\/wp-json\/wp\/v2\/users\/1"}],"replies":[{"embeddable":true,"href":"https:\/\/tucomarca.whitekongsoftware.com\/ca\/wp-json\/wp\/v2\/comments?post=226121"}],"version-history":[{"count":0,"href":"https:\/\/tucomarca.whitekongsoftware.com\/ca\/wp-json\/wp\/v2\/posts\/226121\/revisions"}],"wp:featuredmedia":[{"embeddable":true,"href":"https:\/\/tucomarca.whitekongsoftware.com\/ca\/wp-json\/wp\/v2\/media\/212323"}],"wp:attachment":[{"href":"https:\/\/tucomarca.whitekongsoftware.com\/ca\/wp-json\/wp\/v2\/media?parent=226121"}],"wp:term":[{"taxonomy":"category","embeddable":true,"href":"https:\/\/tucomarca.whitekongsoftware.com\/ca\/wp-json\/wp\/v2\/categories?post=226121"},{"taxonomy":"post_tag","embeddable":true,"href":"https:\/\/tucomarca.whitekongsoftware.com\/ca\/wp-json\/wp\/v2\/tags?post=226121"}],"curies":[{"name":"wp","href":"https:\/\/api.w.org\/{rel}","templated":true}]}}