{"id":226102,"date":"2024-06-11T09:30:00","date_gmt":"2024-06-11T07:30:00","guid":{"rendered":"https:\/\/www.tucomarca.com\/wordpress\/segunda\/?p=226102"},"modified":"2024-06-11T14:19:46","modified_gmt":"2024-06-11T12:19:46","slug":"la-diputacio-de-valencia-activa-una-bossa-extraordinaria-per-a-incorporar-a-50-bombers-a-lestiu","status":"publish","type":"post","link":"https:\/\/tucomarca.whitekongsoftware.com\/ca\/la-diputacio-de-valencia-activa-una-bossa-extraordinaria-per-a-incorporar-a-50-bombers-a-lestiu\/","title":{"rendered":"La Diputaci\u00f3 de Val\u00e8ncia activa una bossa extraordin\u00e0ria per a incorporar a 50 bombers a l&#8217;estiu"},"content":{"rendered":"\n<h3 class=\"wp-block-heading\">Diversos Parcs de Bombers de la prov\u00edncia acolliran les sessions d&#8217;un\u00a0 m\u00f2dul de formaci\u00f3 de 250 hores que permetr\u00e0 refor\u00e7ar la plantilla en el per\u00edode de major risc d&#8217;incendis forestals.<\/h3>\n\n\n\n<h3 class=\"wp-block-heading\">El president del Consorci Provincial de Bombers, Avelino Mascarell, ha volgut &#8220;agrair als t\u00e8cnics la seua agilitat i professionalitat per a posar en marxa en temps r\u00e8cord este proc\u00e9s&#8221; i lamenta &#8220;la falta de previsi\u00f3 de l&#8217;anterior direcci\u00f3&#8221;.<\/h3>\n\n\n\n<p class=\"wp-block-paragraph\">Avelino Mascarell, president del Consorci Provincial de Bombers de Val\u00e8ncia i diputat provincial de Medi Ambient, ha anunciat que &#8220;la imminent incorporaci\u00f3 de 50 nous bombers, els quals, a trav\u00e9s d&#8217;una bossa extraordin\u00e0ria, s&#8217;uniran al Consorci per a refor\u00e7ar la plantilla a l&#8217;estiu, cobrint aix\u00ed el per\u00edode de m\u00e0xim risc d&#8217;incendis forestals&#8221;.<\/p>\n\n\n\n<p class=\"wp-block-paragraph\">Com a pas previ, el Consorci Provincial ha posat en marxa un m\u00f2dul formatiu que va comen\u00e7ar ahir en les instal\u00b7lacions Centre de Coordinaci\u00f3 d&#8217;Emerg\u00e8ncies a L&#8217;Eliana, per a despr\u00e9s desenvolupar les sessions pr\u00e0ctiques al llarg dels diferents parcs de bombers de la Diputaci\u00f3.&nbsp;<\/p>\n\n\n\n<p class=\"wp-block-paragraph\">&#8220;Es tracta -continua Mascarell- d&#8217;un proc\u00e9s que s&#8217;ha activat en temps r\u00e8cord, gr\u00e0cies a l&#8217;equip t\u00e8cnic del Consorci, que ha fet un enorme esfor\u00e7 per a acurtar els terminis, donades les dates en les quals estem&#8221;, i ha lamentat &#8220;la falta de previsi\u00f3 dels anteriors responsables del Consorci, una mostra m\u00e9s de l&#8217;her\u00e8ncia rebuda que ens est\u00e0 obligant a redirigir l&#8217;estrat\u00e8gia de gesti\u00f3 de l&#8217;entitat cap al cam\u00ed de la prevenci\u00f3, l&#8217;efic\u00e0cia i l&#8217;efici\u00e8ncia&#8221;.<\/p>\n\n\n\n<p class=\"wp-block-paragraph\">\u201cEstes incorporacions s\u00f3n el primer bloc del proc\u00e9s de redimensionament del Consorci\u201d afirma Mascarell, \u201cper\u00f2 ja estan en proc\u00e9s les noves ofertes d&#8217;ocupaci\u00f3 a fi que les unitats aconseguisquen els m\u00ednims d&#8217;efectius que la Universitat de Val\u00e8ncia va determinar com a essencials en un estudi em\u00e9s en 2020, i que des d&#8217;eixa data, havia estat en un calaix\u201d.<\/p>\n\n\n\n<p class=\"wp-block-paragraph\">Amb una duraci\u00f3 de 250 hores lectives i un contingut eminentment pr\u00e0ctic, el curs s&#8217;ha dividit en dos grups de 25 alumnes cadascun, per a millorar l&#8217;aprofitament de les sessions de treball. Amb eixe mateix objectiu, diversos instructors participen de manera simult\u00e0nia en els diversos escenaris disposats pel personal del Consorci, en funci\u00f3 del contingut de cada classe.<\/p>\n\n\n\n<p class=\"wp-block-paragraph\">Des de l&#8217;\u00e0rea de Formaci\u00f3 del Consorci expliquen que &#8220;l&#8217;organitzaci\u00f3&nbsp;a trav\u00e9s de grups i subgrups fa que l&#8217;alumnat puga involucrar-se m\u00e9s directament en les pr\u00e0ctiques i maniobres del curs, permetent aix\u00ed una millor integraci\u00f3 en les din\u00e0miques de treball quan s&#8217;incorporen al treball com a bombers en un parc&#8221;.<\/p>\n\n\n\n<p class=\"wp-block-paragraph\">Entre els continguts del m\u00f2dul formatiu s&#8217;aborden, a m\u00e9s de les intervencions en tot tipus d&#8217;incendis industrials i forestals, aspectes com: comunicacions, assist\u00e8ncia sanit\u00e0ria, estructures col\u00b7lapsades, sinistres qu\u00edmics, accidents de tr\u00e0nsit, rescat vertical i aqu\u00e0tic, i actuacions davant himen\u00f2pters (abelles), entre altres.<\/p>\n\n\n\n<p class=\"wp-block-paragraph\">Aix\u00ed mateix, els integrants de la bossa extraordin\u00e0ria aprendran a controlar equips diversos com a compressors de c\u00e0rrega de botelles, generadors el\u00e8ctrics, motobombes, electrobombes, motoserres o explos\u00edmetres; i realitzaran pr\u00e0ctiques tant de conducci\u00f3 de vehicles com d&#8217;aspiraci\u00f3&nbsp; amb autobombes i de maneig de vehicles d&#8217;altura.<\/p>\n","protected":false},"excerpt":{"rendered":"<div class=\"mh-excerpt\">Diversos Parcs de Bombers de la prov\u00edncia acolliran les sessions d&#8217;un\u00a0 m\u00f2dul de formaci\u00f3 de 250 hores que permetr\u00e0 refor\u00e7ar la plantilla en el per\u00edode de major risc d&#8217;incendis forestals. El president del Consorci Provincial <a class=\"mh-excerpt-more\" href=\"https:\/\/tucomarca.whitekongsoftware.com\/ca\/la-diputacio-de-valencia-activa-una-bossa-extraordinaria-per-a-incorporar-a-50-bombers-a-lestiu\/\" title=\"La Diputaci\u00f3 de Val\u00e8ncia activa una bossa extraordin\u00e0ria per a incorporar a 50 bombers a l&#8217;estiu\">[+] <\/a><\/div>\n","protected":false},"author":1,"featured_media":226100,"comment_status":"open","ping_status":"open","sticky":false,"template":"","format":"standard","meta":{"footnotes":""},"categories":[10898,10948,10963,10894,10904,10903,10947,10896],"tags":[14577,12834,11246,11199],"class_list":["post-226102","post","type-post","status-publish","format-standard","has-post-thumbnail","category-ventana-ca","category-infraestructuras-ca","category-la-canal-de-navarres-ca","category-la-comarca-ca","category-sin-categorizar-ca","category-medio-ambiente-la-comarca-ca","category-politica","category-seccion-ca","tag-bombers-valencia-ca","tag-consorcio-provincial-de-bomberos-de-valencia-ca","tag-diputacio-de-valencia-ca","tag-la-comunitat-ca"],"_links":{"self":[{"href":"https:\/\/tucomarca.whitekongsoftware.com\/ca\/wp-json\/wp\/v2\/posts\/226102","targetHints":{"allow":["GET"]}}],"collection":[{"href":"https:\/\/tucomarca.whitekongsoftware.com\/ca\/wp-json\/wp\/v2\/posts"}],"about":[{"href":"https:\/\/tucomarca.whitekongsoftware.com\/ca\/wp-json\/wp\/v2\/types\/post"}],"author":[{"embeddable":true,"href":"https:\/\/tucomarca.whitekongsoftware.com\/ca\/wp-json\/wp\/v2\/users\/1"}],"replies":[{"embeddable":true,"href":"https:\/\/tucomarca.whitekongsoftware.com\/ca\/wp-json\/wp\/v2\/comments?post=226102"}],"version-history":[{"count":0,"href":"https:\/\/tucomarca.whitekongsoftware.com\/ca\/wp-json\/wp\/v2\/posts\/226102\/revisions"}],"wp:featuredmedia":[{"embeddable":true,"href":"https:\/\/tucomarca.whitekongsoftware.com\/ca\/wp-json\/wp\/v2\/media\/226100"}],"wp:attachment":[{"href":"https:\/\/tucomarca.whitekongsoftware.com\/ca\/wp-json\/wp\/v2\/media?parent=226102"}],"wp:term":[{"taxonomy":"category","embeddable":true,"href":"https:\/\/tucomarca.whitekongsoftware.com\/ca\/wp-json\/wp\/v2\/categories?post=226102"},{"taxonomy":"post_tag","embeddable":true,"href":"https:\/\/tucomarca.whitekongsoftware.com\/ca\/wp-json\/wp\/v2\/tags?post=226102"}],"curies":[{"name":"wp","href":"https:\/\/api.w.org\/{rel}","templated":true}]}}