{"id":226079,"date":"2024-06-11T10:00:00","date_gmt":"2024-06-11T08:00:00","guid":{"rendered":"https:\/\/www.tucomarca.com\/wordpress\/segunda\/?p=226079"},"modified":"2024-06-11T14:14:17","modified_gmt":"2024-06-11T12:14:17","slug":"lsm-lartistica-de-xiva-ofereix-aquest-diumenge-el-concert-de-les-corals-santa-cecilia-de-xelva-i-verge-del-castell-de-xiva","status":"publish","type":"post","link":"https:\/\/tucomarca.whitekongsoftware.com\/ca\/lsm-lartistica-de-xiva-ofereix-aquest-diumenge-el-concert-de-les-corals-santa-cecilia-de-xelva-i-verge-del-castell-de-xiva\/","title":{"rendered":"L&#8217;SM &#8220;L&#8217;Art\u00edstica&#8221; de Xiva ofereix aquest diumenge el concert de les corals &#8220;Santa Cecilia&#8221; de Xelva i Verge del Castell de Xiva"},"content":{"rendered":"\n<p class=\"wp-block-paragraph\">La Societat Musical &#8220;L&#8217;Art\u00edstica&#8221; de Xiva oferir\u00e0 aquest pr\u00f2xim diumenge, 16 de juny, el concert de la XXI Campanya d&#8217;Intercanvis Musicals, de la Generalitat Valenciana i el Institut Valenci\u00e1 de Cultura, en el qual participaran la Coral \u201cSanta Cecilia\u201d de Xelva i la Coral \u201cVerge Del Castell\u201d de Xiva.<\/p>\n\n\n<div class=\"wp-block-image\">\n<figure class=\"alignleft size-full is-resized\"><img loading=\"lazy\" decoding=\"async\" width=\"538\" height=\"761\" src=\"http:\/\/www.tucomarca.com\/wordpress\/segunda\/wp-content\/uploads\/2024\/06\/ChivaIntercambioCoral.jpg\" alt=\"\" class=\"wp-image-226074\" style=\"width:359px;height:auto\" srcset=\"https:\/\/tucomarca.whitekongsoftware.com\/wp-content\/uploads\/2024\/06\/ChivaIntercambioCoral.jpg 538w, https:\/\/tucomarca.whitekongsoftware.com\/wp-content\/uploads\/2024\/06\/ChivaIntercambioCoral-212x300.jpg 212w\" sizes=\"auto, (max-width: 538px) 100vw, 538px\" \/><\/figure>\n<\/div>\n\n\n<p class=\"wp-block-paragraph\">El concert tindr\u00e0 lloc a la sala d&#8217;audicions de la Casa de la M\u00fasica de la Societat Musical &#8220;L&#8217;Art\u00edstica&#8221; de Xiva, a les 19.30 hores, i l&#8217;entrada ser\u00e0 lliure i fins a completar aforament.<\/p>\n\n\n\n<p class=\"wp-block-paragraph\">La Coral &#8220;Santa Cecilia&#8221; de Xelva, interpretar\u00e0 obres de J. Bustos, Benedetti, Giner, J. Domingo, etc. i estar\u00e0 dirigida per Cristian Cavero.<\/p>\n\n\n\n<p class=\"wp-block-paragraph\">La Coral &#8220;Verge del Castell&#8221; de Xiva, interpretar\u00e0 obres de Greg Gilpin, Carole Stephens, J. S. Bach, Rih Morris, etc. i estar\u00e0 dirigida per Inmaculada Burriel.<\/p>\n","protected":false},"excerpt":{"rendered":"<div class=\"mh-excerpt\">La Societat Musical &#8220;L&#8217;Art\u00edstica&#8221; de Xiva oferir\u00e0 aquest pr\u00f2xim diumenge, 16 de juny, el concert de la XXI Campanya d&#8217;Intercanvis Musicals, de la Generalitat Valenciana i el Institut Valenci\u00e1 de Cultura, en el qual participaran <a class=\"mh-excerpt-more\" href=\"https:\/\/tucomarca.whitekongsoftware.com\/ca\/lsm-lartistica-de-xiva-ofereix-aquest-diumenge-el-concert-de-les-corals-santa-cecilia-de-xelva-i-verge-del-castell-de-xiva\/\" title=\"L&#8217;SM &#8220;L&#8217;Art\u00edstica&#8221; de Xiva ofereix aquest diumenge el concert de les corals &#8220;Santa Cecilia&#8221; de Xelva i Verge del Castell de Xiva\">[+] <\/a><\/div>\n","protected":false},"author":12,"featured_media":226075,"comment_status":"open","ping_status":"open","sticky":false,"template":"","format":"standard","meta":{"footnotes":""},"categories":[11019,11005,10894,10912,11007,10896,10975],"tags":[11195,10914,14188],"class_list":["post-226079","post","type-post","status-publish","format-standard","has-post-thumbnail","category-agenda-ca","category-canal-musica","category-la-comarca-ca","category-la-hoya-ca","category-ocio-y-cultura-ca","category-seccion-ca","category-chiva-ca","tag-chiva-ca","tag-la-hoya-de-bunol-chiva-ca","tag-sm-la-artistica-de-chiva-2-ca"],"_links":{"self":[{"href":"https:\/\/tucomarca.whitekongsoftware.com\/ca\/wp-json\/wp\/v2\/posts\/226079","targetHints":{"allow":["GET"]}}],"collection":[{"href":"https:\/\/tucomarca.whitekongsoftware.com\/ca\/wp-json\/wp\/v2\/posts"}],"about":[{"href":"https:\/\/tucomarca.whitekongsoftware.com\/ca\/wp-json\/wp\/v2\/types\/post"}],"author":[{"embeddable":true,"href":"https:\/\/tucomarca.whitekongsoftware.com\/ca\/wp-json\/wp\/v2\/users\/12"}],"replies":[{"embeddable":true,"href":"https:\/\/tucomarca.whitekongsoftware.com\/ca\/wp-json\/wp\/v2\/comments?post=226079"}],"version-history":[{"count":0,"href":"https:\/\/tucomarca.whitekongsoftware.com\/ca\/wp-json\/wp\/v2\/posts\/226079\/revisions"}],"wp:featuredmedia":[{"embeddable":true,"href":"https:\/\/tucomarca.whitekongsoftware.com\/ca\/wp-json\/wp\/v2\/media\/226075"}],"wp:attachment":[{"href":"https:\/\/tucomarca.whitekongsoftware.com\/ca\/wp-json\/wp\/v2\/media?parent=226079"}],"wp:term":[{"taxonomy":"category","embeddable":true,"href":"https:\/\/tucomarca.whitekongsoftware.com\/ca\/wp-json\/wp\/v2\/categories?post=226079"},{"taxonomy":"post_tag","embeddable":true,"href":"https:\/\/tucomarca.whitekongsoftware.com\/ca\/wp-json\/wp\/v2\/tags?post=226079"}],"curies":[{"name":"wp","href":"https:\/\/api.w.org\/{rel}","templated":true}]}}