{"id":225746,"date":"2024-06-07T09:25:00","date_gmt":"2024-06-07T07:25:00","guid":{"rendered":"https:\/\/www.tucomarca.com\/wordpress\/segunda\/?p=225746"},"modified":"2024-06-07T09:26:07","modified_gmt":"2024-06-07T07:26:07","slug":"manolo-garcia-aterra-en-la-placa-de-bous-de-valencia-aquest-dissabte-amb-la-seua-gira-zero-emissions-contaminants-des-dara-mateix","status":"publish","type":"post","link":"https:\/\/tucomarca.whitekongsoftware.com\/ca\/manolo-garcia-aterra-en-la-placa-de-bous-de-valencia-aquest-dissabte-amb-la-seua-gira-zero-emissions-contaminants-des-dara-mateix\/","title":{"rendered":"Manolo Garc\u00eda aterra en la Pla\u00e7a de Bous de Val\u00e8ncia aquest dissabte amb la seua gira &#8216;Zero emissions contaminants des d&#8217;ara mateix&#8217;"},"content":{"rendered":"\n<h2 class=\"wp-block-heading\">Manolo Garc\u00eda continua recorrent els recintes m\u00e9s emblem\u00e0tics de la geografia espanyola en un format molt esperat.<\/h2>\n\n\n\n<p class=\"wp-block-paragraph\">Despr\u00e9s de l&#8217;\u00e8xit del seu Gira de Teatres en la qual Manolo Garc\u00eda ha penjat el cartell de \u201centrades esgotades\u201d en tots els concerts celebrats, l&#8217;artista est\u00e0 recorrent la geografia espanyola amb la seua gira Zero Emissions Contaminants Des d&#8217;ara mateix, una proposta de directe amb una posada en escena renovada en la qual est\u00e0 collint un gran acolliment per part de p\u00fablic i cr\u00edtica.<\/p>\n\n\n\n<p class=\"wp-block-paragraph\">Amb una vibrant escenografia i una de les veus m\u00e9s ic\u00f2niques del panorama musical, aquesta cita ser\u00e0 una experi\u00e8ncia imprescindible en la qual Manolo Garc\u00eda interpretar\u00e0 en directe les can\u00e7ons del seu \u00faltim treball d&#8217;estudi que est\u00e0 compost per un doble \u00e0lbum i que inclou els t\u00edtols La meua Vida en Mart i Desficacis Plomats, i que han polvoritzat tots els r\u00e8cords de venda.<\/p>\n\n\n\n<p class=\"wp-block-paragraph\">Durant l&#8217;esperada cita dissabte que ve en la Pla\u00e7a de Bous de Val\u00e8ncia, els assistents podran gaudir en directe dels grans \u00e8xits de Manolo Garc\u00eda que ja formen part de la hist\u00f2ria de la m\u00fasica del nostre pa\u00eds com s\u00f3n Ocells de Fang, A Sant Ferran Un Ratito a peu i Un altre Caminant o Mai El Temps \u00e9s Perdut.<br>Quan es compleixen dues d\u00e8cades de la seua traject\u00f2ria en solitari, precedides de l&#8217;inoblidable L&#8217;\u00daltim de la Fila, el m\u00fasic barcelon\u00ed ens entrega aquests dos nous treballs, pur Manolo Garc\u00eda en el seu millor moment.<\/p>\n\n\n\n<p class=\"wp-block-paragraph\">Gravats entre Girona i Pozuelo de Alarc\u00f3n (Madrid), La meua vida en Mart i Desficacis Plomats reuneixen 27 can\u00e7ons amb la signatura de Manolo Garc\u00eda \u2013inclosa una nova versi\u00f3 de la can\u00e7\u00f3 Busque Cels-<\/p>\n\n\n\n<p class=\"wp-block-paragraph\">M\u00daSICS GIRA ZERO EMISSIONS CONTAMINANTS DES D&#8217;ARA MATEIX<br>Juan Carlos Garc\u00eda: teclat, percussi\u00f3 i cors<br>\u00cd\u00f1igo Goldaracena: baix i contrabaix<br>V\u00edctor Iniesta: guitarra espanyola i ac\u00fastica, percussi\u00f3<br>Albert Serrano: guitarra el\u00e8ctrica<br>Olvido Lanza: viol\u00ed i cors<br>Ricardo Mar\u00edn: guitarra el\u00e8ctrica i ac\u00fastica<br>\u201cJosete\u201d Ord\u00f3\u00f1ez: guitarra espanyola, mandolina, mandola<br>Charly Sarda: bateria i percussions<br>Coral Bru: Balladora<\/p>\n\n\n<div class=\"wp-block-image\">\n<figure class=\"alignleft size-large is-resized\"><img loading=\"lazy\" decoding=\"async\" width=\"576\" height=\"1024\" src=\"http:\/\/www.tucomarca.com\/wordpress\/segunda\/wp-content\/uploads\/2024\/06\/ManoloGarciaValencia2-576x1024.jpg\" alt=\"\" class=\"wp-image-225743\" style=\"width:269px;height:auto\" srcset=\"https:\/\/tucomarca.whitekongsoftware.com\/wp-content\/uploads\/2024\/06\/ManoloGarciaValencia2-576x1024.jpg 576w, https:\/\/tucomarca.whitekongsoftware.com\/wp-content\/uploads\/2024\/06\/ManoloGarciaValencia2-169x300.jpg 169w, https:\/\/tucomarca.whitekongsoftware.com\/wp-content\/uploads\/2024\/06\/ManoloGarciaValencia2-768x1365.jpg 768w, https:\/\/tucomarca.whitekongsoftware.com\/wp-content\/uploads\/2024\/06\/ManoloGarciaValencia2-864x1536.jpg 864w, https:\/\/tucomarca.whitekongsoftware.com\/wp-content\/uploads\/2024\/06\/ManoloGarciaValencia2.jpg 886w\" sizes=\"auto, (max-width: 576px) 100vw, 576px\" \/><\/figure>\n<\/div>\n\n\n<p class=\"wp-block-paragraph\">Manolo Garc\u00eda Gira Zero Emissions Contaminants Des d&#8217;ara mateix<br>Val\u00e8ncia (Plaza de Bous) \u2013 08 de juny<br>Fuengirola (Marenostrum Fuengirola) \u2013 15 de juny<br>C\u00f3rdoba (Plaza de Bous) \u2013 22 de juny<br>Chiclana de la Frontera (Concert Music Festival) \u2013 29 de juny<br>Granada (Plaza de Bous) \u2013 21 de setembre<br>Mairena de Aljarafe (Centre H\u00edpic) \u2013 28 de setembre<br>Murcia (Plaza de Bous) \u2013 05 d&#8217;octubre<br>Madrid (Wizink Center) \u2013 13 d&#8217;octubre<br>Santander (Palacio d&#8217;Esports de Santander \u201cLa Balena\u201d) \u2013 19 d&#8217;octubre<br>Valladolid (Poliesportiu Pisuerga) \u2013 26 d&#8217;octubre<br>la Corunya (Coliseum) \u2013 09 de novembre<br>Bilbao (Arena Miribilla) \u2013 23 de novembre<br>Barcelona (Palau Sant Jordi) \u2013 30 de novembre<\/p>\n\n\n\n<p class=\"wp-block-paragraph\">Les entrades per a gaudir dels concerts de Manolo Garc\u00eda estan disponibles el pr\u00f2xim a trav\u00e9s de www.manolo-garcia.com i Ticketmaster.<\/p>\n","protected":false},"excerpt":{"rendered":"<div class=\"mh-excerpt\">Manolo Garc\u00eda continua recorrent els recintes m\u00e9s emblem\u00e0tics de la geografia espanyola en un format molt esperat. Despr\u00e9s de l&#8217;\u00e8xit del seu Gira de Teatres en la qual Manolo Garc\u00eda ha penjat el cartell de <a class=\"mh-excerpt-more\" href=\"https:\/\/tucomarca.whitekongsoftware.com\/ca\/manolo-garcia-aterra-en-la-placa-de-bous-de-valencia-aquest-dissabte-amb-la-seua-gira-zero-emissions-contaminants-des-dara-mateix\/\" title=\"Manolo Garc\u00eda aterra en la Pla\u00e7a de Bous de Val\u00e8ncia aquest dissabte amb la seua gira &#8216;Zero emissions contaminants des d&#8217;ara mateix&#8217;\">[+] <\/a><\/div>\n","protected":false},"author":12,"featured_media":225742,"comment_status":"open","ping_status":"open","sticky":false,"template":"","format":"standard","meta":{"footnotes":""},"categories":[11019,10894,11007,10896],"tags":[20787,20788],"class_list":["post-225746","post","type-post","status-publish","format-standard","has-post-thumbnail","category-agenda-ca","category-la-comarca-ca","category-ocio-y-cultura-ca","category-seccion-ca","tag-manolo-garcia-ca","tag-plaza-de-toros-de-valencia-ca"],"_links":{"self":[{"href":"https:\/\/tucomarca.whitekongsoftware.com\/ca\/wp-json\/wp\/v2\/posts\/225746","targetHints":{"allow":["GET"]}}],"collection":[{"href":"https:\/\/tucomarca.whitekongsoftware.com\/ca\/wp-json\/wp\/v2\/posts"}],"about":[{"href":"https:\/\/tucomarca.whitekongsoftware.com\/ca\/wp-json\/wp\/v2\/types\/post"}],"author":[{"embeddable":true,"href":"https:\/\/tucomarca.whitekongsoftware.com\/ca\/wp-json\/wp\/v2\/users\/12"}],"replies":[{"embeddable":true,"href":"https:\/\/tucomarca.whitekongsoftware.com\/ca\/wp-json\/wp\/v2\/comments?post=225746"}],"version-history":[{"count":0,"href":"https:\/\/tucomarca.whitekongsoftware.com\/ca\/wp-json\/wp\/v2\/posts\/225746\/revisions"}],"wp:featuredmedia":[{"embeddable":true,"href":"https:\/\/tucomarca.whitekongsoftware.com\/ca\/wp-json\/wp\/v2\/media\/225742"}],"wp:attachment":[{"href":"https:\/\/tucomarca.whitekongsoftware.com\/ca\/wp-json\/wp\/v2\/media?parent=225746"}],"wp:term":[{"taxonomy":"category","embeddable":true,"href":"https:\/\/tucomarca.whitekongsoftware.com\/ca\/wp-json\/wp\/v2\/categories?post=225746"},{"taxonomy":"post_tag","embeddable":true,"href":"https:\/\/tucomarca.whitekongsoftware.com\/ca\/wp-json\/wp\/v2\/tags?post=225746"}],"curies":[{"name":"wp","href":"https:\/\/api.w.org\/{rel}","templated":true}]}}